{"id":649757,"date":"2026-01-08T16:33:12","date_gmt":"2026-01-08T16:33:12","guid":{"rendered":"https:\/\/www.europesays.com\/fr\/649757\/"},"modified":"2026-01-08T16:33:12","modified_gmt":"2026-01-08T16:33:12","slug":"eurometropole-de-strasbourg-mieux-isoler-pour-mieux-economiser-suivez-une-balade-thermique-de-lagence-du-climat","status":"publish","type":"post","link":"https:\/\/www.europesays.com\/fr\/649757\/","title":{"rendered":"Eurom\u00e9tropole de Strasbourg. Mieux isoler pour mieux \u00e9conomiser ? Suivez une balade thermique de l\u2019Agence du climat"},"content":{"rendered":"<p>Apr\u00e8s <a href=\"https:\/\/www.dna.fr\/environnement\/2025\/02\/14\/une-balade-thermographique-pour-sensibiliser-a-la-renovation-energetique\" target=\"_blank\" rel=\"noopener\">deux premi\u00e8res saisons<\/a> , avec la participation de quasiment 200 personnes dans 15 communes diff\u00e9rentes, <a href=\"https:\/\/www.dna.fr\/environnement\/2024\/07\/22\/agence-du-climat-bonjour\" target=\"_blank\" rel=\"noopener\">l\u2019Agence du climat<\/a> reconduit ce format sur six communes de l\u2019Eurom\u00e9tropole, jusqu\u2019\u00e0 f\u00e9vrier\u00a0: rendez-vous \u00e0 Wolfisheim le 17\u00a0janvier, Eckbolsheim le 24\u00a0janvier, Lampertheim le 24\u00a0janvier, Oberschaeffolsheim le 31\u00a0janvier, Plobsheim le 7\u00a0f\u00e9vrier et Illkirch-Graffenstaden le 14\u00a0f\u00e9vrier.<\/p>\n<p>Aux premi\u00e8res heures du matin<\/p>\n<p>Cette ann\u00e9e, au-del\u00e0 des objectifs de compr\u00e9hension des enjeux de pertes \u00e9nerg\u00e9tiques, sera \u00e9tabli un lien&#8230;<\/p>\n","protected":false},"excerpt":{"rendered":"Apr\u00e8s deux premi\u00e8res saisons , avec la participation de quasiment 200 personnes dans 15 communes diff\u00e9rentes, l\u2019Agence du&hellip;\n","protected":false},"author":2,"featured_media":649758,"comment_status":"","ping_status":"","sticky":false,"template":"","format":"standard","meta":{"footnotes":""},"categories":[2820],"tags":[1111,11,2649,2880,436,1777,674,107,1011,27,775,8423,12,5140,25,640,3089,24070],"class_list":{"0":"post-649757","1":"post","2":"type-post","3":"status-publish","4":"format-standard","5":"has-post-thumbnail","7":"category-strasbourg","8":"tag-actu","9":"tag-actualites","10":"tag-bas-rhin","11":"tag-edition-strasbourg","12":"tag-environnement","13":"tag-eu","14":"tag-europe","15":"tag-fil-info","16":"tag-fr","17":"tag-france","18":"tag-grand-est","19":"tag-meteorologie-climat","20":"tag-news","21":"tag-rechauffement-climatique","22":"tag-republique-francaise","23":"tag-strasbourg","24":"tag-strasbourg-sud","25":"tag-wolfisheim"},"share_on_mastodon":{"url":"https:\/\/pubeurope.com\/@fr\/115860445989040593","error":""},"_links":{"self":[{"href":"https:\/\/www.europesays.com\/fr\/wp-json\/wp\/v2\/posts\/649757","targetHints":{"allow":["GET"]}}],"collection":[{"href":"https:\/\/www.europesays.com\/fr\/wp-json\/wp\/v2\/posts"}],"about":[{"href":"https:\/\/www.europesays.com\/fr\/wp-json\/wp\/v2\/types\/post"}],"author":[{"embeddable":true,"href":"https:\/\/www.europesays.com\/fr\/wp-json\/wp\/v2\/users\/2"}],"replies":[{"embeddable":true,"href":"https:\/\/www.europesays.com\/fr\/wp-json\/wp\/v2\/comments?post=649757"}],"version-history":[{"count":0,"href":"https:\/\/www.europesays.com\/fr\/wp-json\/wp\/v2\/posts\/649757\/revisions"}],"wp:featuredmedia":[{"embeddable":true,"href":"https:\/\/www.europesays.com\/fr\/wp-json\/wp\/v2\/media\/649758"}],"wp:attachment":[{"href":"https:\/\/www.europesays.com\/fr\/wp-json\/wp\/v2\/media?parent=649757"}],"wp:term":[{"taxonomy":"category","embeddable":true,"href":"https:\/\/www.europesays.com\/fr\/wp-json\/wp\/v2\/categories?post=649757"},{"taxonomy":"post_tag","embeddable":true,"href":"https:\/\/www.europesays.com\/fr\/wp-json\/wp\/v2\/tags?post=649757"}],"curies":[{"name":"wp","href":"https:\/\/api.w.org\/{rel}","templated":true}]}}