{"id":649771,"date":"2026-01-08T16:42:10","date_gmt":"2026-01-08T16:42:10","guid":{"rendered":"https:\/\/www.europesays.com\/fr\/649771\/"},"modified":"2026-01-08T16:42:10","modified_gmt":"2026-01-08T16:42:10","slug":"saison-culturelle-de-bagneres-de-bigorre-lamante-anglaise-sur-scene-de-la-halle-aux-grains","status":"publish","type":"post","link":"https:\/\/www.europesays.com\/fr\/649771\/","title":{"rendered":"Saison culturelle de Bagn\u00e8res-de-Bigorre\u00a0: \u00ab\u00a0L\u2019amante anglaise\u00a0\u00bb sur sc\u00e8ne de la Halle aux Grains"},"content":{"rendered":"<p idp=\"144474\" name=\"Texte courant DDM\">Dans le cadre de la saison culturelle municipale, \u00ab\u00a0le Th\u00e9\u00e2tre de l\u2019Atelier \u2013<a href=\"http:\/\/www.lauroreboreale.fr\/\" rel=\"nofollow noopener\" target=\"_blank\" type=\"1\"> l\u2019Aurore Bor\u00e9ale<\/a>\u00a0\u00bb pr\u00e9sente \u00ab\u00a0L\u2019amante anglaise\u00a0\u00bb le 17\u00a0janvier, \u00e0 20\u00a0h\u00a030, \u00e0 la Halle aux Grains.<\/p>\n<p idp=\"144474\" name=\"Texte courant DDM\">\u00ab\u00a0Inspir\u00e9 d\u2019un fait divers (le meurtre de son mari tyrannique par Am\u00e9lie Rabilloud, qui d\u00e9pe\u00e7a le cadavre et en \u00e9vacua les morceaux un par un en les jetant depuis un pont dans diff\u00e9rents trains), dans la pi\u00e8ce de Duras, le mari reste bien vivant. C\u2019est une cousine sourde et muette, Marie-Th\u00e9r\u00e8se, que Claire Lannes assassine sans raison et l\u2019on peut penser qu\u2019en tuant la sourde-muette, c\u2019est tout ce qu\u2019elle ne peut dire que Claire tue. Nous sommes dans un th\u00e9\u00e2tre sans faire semblant d\u2019\u00eatre ailleurs. Nous sommes dans un th\u00e9\u00e2tre pour essayer de comprendre ce qu\u2019un tribunal \u00e9choue \u00e0 comprendre\u00a0\u00bb, invite la compagnie.<\/p>\n<p idp=\"144474\" name=\"Texte courant DDM\">Tout public \u00e0 partir de 15 ans. Tarifs\u00a0: 8\u00a0\u20ac \/ 12\u00a0\u20ac (-12 ans\u00a0: 5\u00a0\u20ac). R\u00e9servation au centre culturel ou en ligne sur le site de la ville.<\/p>\n","protected":false},"excerpt":{"rendered":"Dans le cadre de la saison culturelle municipale, \u00ab\u00a0le Th\u00e9\u00e2tre de l\u2019Atelier \u2013 l\u2019Aurore Bor\u00e9ale\u00a0\u00bb pr\u00e9sente \u00ab\u00a0L\u2019amante anglaise\u00a0\u00bb&hellip;\n","protected":false},"author":2,"featured_media":649772,"comment_status":"","ping_status":"","sticky":false,"template":"","format":"standard","meta":{"footnotes":""},"categories":[2816],"tags":[1111,11,69876,872,1777,674,1011,27,4973,12,2680,25,4698,2312],"class_list":{"0":"post-649771","1":"post","2":"type-post","3":"status-publish","4":"format-standard","5":"has-post-thumbnail","7":"category-toulouse","8":"tag-actu","9":"tag-actualites","10":"tag-bagneresdebigorre","11":"tag-culture-et-loisirs","12":"tag-eu","13":"tag-europe","14":"tag-fr","15":"tag-france","16":"tag-hautes-pyrenees","17":"tag-news","18":"tag-occitanie","19":"tag-republique-francaise","20":"tag-thu00e9u00e2tre","21":"tag-toulouse"},"share_on_mastodon":{"url":"https:\/\/pubeurope.com\/@fr\/115860481279434863","error":""},"_links":{"self":[{"href":"https:\/\/www.europesays.com\/fr\/wp-json\/wp\/v2\/posts\/649771","targetHints":{"allow":["GET"]}}],"collection":[{"href":"https:\/\/www.europesays.com\/fr\/wp-json\/wp\/v2\/posts"}],"about":[{"href":"https:\/\/www.europesays.com\/fr\/wp-json\/wp\/v2\/types\/post"}],"author":[{"embeddable":true,"href":"https:\/\/www.europesays.com\/fr\/wp-json\/wp\/v2\/users\/2"}],"replies":[{"embeddable":true,"href":"https:\/\/www.europesays.com\/fr\/wp-json\/wp\/v2\/comments?post=649771"}],"version-history":[{"count":0,"href":"https:\/\/www.europesays.com\/fr\/wp-json\/wp\/v2\/posts\/649771\/revisions"}],"wp:featuredmedia":[{"embeddable":true,"href":"https:\/\/www.europesays.com\/fr\/wp-json\/wp\/v2\/media\/649772"}],"wp:attachment":[{"href":"https:\/\/www.europesays.com\/fr\/wp-json\/wp\/v2\/media?parent=649771"}],"wp:term":[{"taxonomy":"category","embeddable":true,"href":"https:\/\/www.europesays.com\/fr\/wp-json\/wp\/v2\/categories?post=649771"},{"taxonomy":"post_tag","embeddable":true,"href":"https:\/\/www.europesays.com\/fr\/wp-json\/wp\/v2\/tags?post=649771"}],"curies":[{"name":"wp","href":"https:\/\/api.w.org\/{rel}","templated":true}]}}