{"id":649785,"date":"2026-01-08T16:49:16","date_gmt":"2026-01-08T16:49:16","guid":{"rendered":"https:\/\/www.europesays.com\/fr\/649785\/"},"modified":"2026-01-08T16:49:16","modified_gmt":"2026-01-08T16:49:16","slug":"ce-kebab-de-vaise-ferme-durgence-pour-manque-dhygiene","status":"publish","type":"post","link":"https:\/\/www.europesays.com\/fr\/649785\/","title":{"rendered":"ce kebab de Vaise ferm\u00e9 d&rsquo;urgence pour manque d&rsquo;hygi\u00e8ne"},"content":{"rendered":"<p>                            <img loading=\"lazy\" width=\"865\" height=\"542\" class=\"attachment-article size-article wp-post-image lazyload\" alt=\"\" decoding=\"async\" src=\"https:\/\/www.europesays.com\/fr\/wp-content\/uploads\/2026\/01\/Capture-1.jpg\" data-eio-rwidth=\"865\" data-eio-rheight=\"542\"\/><\/p>\n<p>Le restaurant Marmara ferm\u00e9 d\u2019urgence par la pr\u00e9fecture du Rh\u00f4ne \u00e0 Lyon. (Capture Google)<\/p>\n<p class=\"content\" style=\"font-size:1.2em;font-weight:700\">Le kebab Marmara, situ\u00e9 \u00e0 Vaise, a \u00e9t\u00e9 ferm\u00e9 d&rsquo;urgence par la pr\u00e9fecture du Rh\u00f4ne apr\u00e8s un contr\u00f4le d&rsquo;hygi\u00e8ne.<\/p>\n<p>Le restaurant turc Marmara, situ\u00e9 au 51 rue marietton, dans le 9e arrondissement de Lyon a \u00e9t\u00e9 ferm\u00e9 d&rsquo;urgence par la pr\u00e9fecture du Rh\u00f4ne. L&rsquo;\u00e9tablissement sp\u00e9cialis\u00e9 dans le kebab a \u00e9t\u00e9 contr\u00f4l\u00e9 le 5 janvier dernier par un agent du bureau Veritas Exploitation pour le compte de la DDPP69.<\/p>\n<p>Lors de ce contr\u00f4le de nombreux \u00ab\u00a0manquements graves aux r\u00e8gles d&rsquo;hygi\u00e8ne\u00a0\u00bb ont \u00e9t\u00e9 relev\u00e9s comme un \u00ab\u00a0risque d&rsquo;insalubrit\u00e9 par contamination chimique\u00a0\u00bb ou encore une \u00ab\u00a0mauvaise condition de stockage des denr\u00e9es\u00a0\u00bb. <\/p>\n<p>D\u00e9j\u00e0 mis en demeure pour les m\u00eames raisons en novembre 2025, l&rsquo;\u00e9tablissement s&rsquo;est vu notifier sa fermeture administrative. Pour pouvoir ouvrir de nouveau le restaurant devra mettre en place une s\u00e9rie de mesures correctives, au nombre de 44. \u00ab\u00a0La r\u00e9ouverture ne pourra avoir lieu qu&rsquo;\u00e0 la suite d&rsquo;une v\u00e9rification d&rsquo;un agent de la Direction d\u00e9partementale de la protection des populations\u00a0\u00bb conclut la pr\u00e9fecture dans son arr\u00eat\u00e9.<\/p>\n","protected":false},"excerpt":{"rendered":"Le restaurant Marmara ferm\u00e9 d\u2019urgence par la pr\u00e9fecture du Rh\u00f4ne \u00e0 Lyon. (Capture Google) Le kebab Marmara, situ\u00e9&hellip;\n","protected":false},"author":2,"featured_media":649786,"comment_status":"","ping_status":"","sticky":false,"template":"","format":"standard","meta":{"footnotes":""},"categories":[1889],"tags":[1111,11,2430,1777,674,1011,27,2428,12,25],"class_list":{"0":"post-649785","1":"post","2":"type-post","3":"status-publish","4":"format-standard","5":"has-post-thumbnail","7":"category-lyon","8":"tag-actu","9":"tag-actualites","10":"tag-auvergne-rhone-alpes","11":"tag-eu","12":"tag-europe","13":"tag-fr","14":"tag-france","15":"tag-lyon","16":"tag-news","17":"tag-republique-francaise"},"share_on_mastodon":{"url":"https:\/\/pubeurope.com\/@fr\/115860508713879955","error":""},"_links":{"self":[{"href":"https:\/\/www.europesays.com\/fr\/wp-json\/wp\/v2\/posts\/649785","targetHints":{"allow":["GET"]}}],"collection":[{"href":"https:\/\/www.europesays.com\/fr\/wp-json\/wp\/v2\/posts"}],"about":[{"href":"https:\/\/www.europesays.com\/fr\/wp-json\/wp\/v2\/types\/post"}],"author":[{"embeddable":true,"href":"https:\/\/www.europesays.com\/fr\/wp-json\/wp\/v2\/users\/2"}],"replies":[{"embeddable":true,"href":"https:\/\/www.europesays.com\/fr\/wp-json\/wp\/v2\/comments?post=649785"}],"version-history":[{"count":0,"href":"https:\/\/www.europesays.com\/fr\/wp-json\/wp\/v2\/posts\/649785\/revisions"}],"wp:featuredmedia":[{"embeddable":true,"href":"https:\/\/www.europesays.com\/fr\/wp-json\/wp\/v2\/media\/649786"}],"wp:attachment":[{"href":"https:\/\/www.europesays.com\/fr\/wp-json\/wp\/v2\/media?parent=649785"}],"wp:term":[{"taxonomy":"category","embeddable":true,"href":"https:\/\/www.europesays.com\/fr\/wp-json\/wp\/v2\/categories?post=649785"},{"taxonomy":"post_tag","embeddable":true,"href":"https:\/\/www.europesays.com\/fr\/wp-json\/wp\/v2\/tags?post=649785"}],"curies":[{"name":"wp","href":"https:\/\/api.w.org\/{rel}","templated":true}]}}