{"id":649789,"date":"2026-01-08T16:52:15","date_gmt":"2026-01-08T16:52:15","guid":{"rendered":"https:\/\/www.europesays.com\/fr\/649789\/"},"modified":"2026-01-08T16:52:15","modified_gmt":"2026-01-08T16:52:15","slug":"taize-2025-pour-la-paix-le-cri-du-silence-paris-notre-dame","status":"publish","type":"post","link":"https:\/\/www.europesays.com\/fr\/649789\/","title":{"rendered":"Taiz\u00e9 2025 : Pour la paix, le cri du silence &#8211; Paris Notre-Dame"},"content":{"rendered":"<p>\t\t &#13;<br \/>\n\t\t<img decoding=\"async\" src=\"https:\/\/www.europesays.com\/fr\/wp-content\/uploads\/2026\/01\/4e955050f5c10241b431bd568d5f8d.jpg\" class=\"spip_logo\" width=\"400\" height=\"551\" alt=\"\" loading=\"lazy\"\/>&#13;<br \/>\n\t\t&#13;<br \/>\n\t\t &#13;<br \/>\n\t\t\t&#13;<br \/>\n\t\t\t\t&#13;<br \/>\n\t\t\t\t&#13;<br \/>\n\t\t\t\t\u00a9 Paris Notre-Dame, photo\u00a0: Taiz\u00e9 Media \/ Bastien Antoine&#13;<br \/>\n\t\t\t&#13;<br \/>\n\t\t&#13;<br \/>\n\t\t&#13;<\/p>\n<p>\t\t &#13;<br \/>\n\t\t<img decoding=\"async\" src=\"https:\/\/www.europesays.com\/fr\/wp-content\/uploads\/2026\/01\/da4133cb8ba6d466cc1765bc20d58b.jpg\" class=\"spip_logo\" width=\"960\" height=\"1321\" alt=\"\" loading=\"lazy\"\/>&#13;<br \/>\n\t\t&#13;<br \/>\n\t\t &#13;<br \/>\n\t\t\t&#13;<br \/>\n\t\t\t\t&#13;<br \/>\n\t\t\t\t&#13;<br \/>\n\t\t\t\t\u00a9 Paris Notre-Dame, photo\u00a0: Taiz\u00e9 Media \/ Bastien Antoine&#13;<br \/>\n\t\t\t&#13;<br \/>\n\t\t&#13;<br \/>\n\t\t&#13;<\/p>\n<p><strong>Reportage\u00a0: La liturgie des heures fa\u00e7on Taiz\u00e9<\/strong><br class=\"autobr\"\/><br \/>\nLa Rencontre europ\u00e9enne de Taiz\u00e9 r\u00e9unit chaque ann\u00e9e des milliers de jeunes, \u00e2g\u00e9s de 18 \u00e0 35 ans, dans une ville du Vieux Continent. Cet hiver, pour la 48e \u00e9dition de l\u2019\u00e9v\u00e9nement, c\u2019est Paris qui a \u00e9t\u00e9 choisie, et ce, pour la sixi\u00e8me fois. Du 28 d\u00e9cembre au 1er janvier, 15 000 chr\u00e9tiens venus de divers pays ont ainsi particip\u00e9 \u00e0 ce rassemblement \u0153cum\u00e9nique au programme spirituel dense. Matin\u00e9es dans les paroisses, pri\u00e8res du midi dans neuf \u00e9glises et temples de la capitale, soir\u00e9es \u00e0 l\u2019Accor Arena de Bercy\u00a0: le rythme fut soutenu et les p\u00e8lerins ont \u00e9chang\u00e9, chant\u00e9 et se sont recueillis \u00e0 la mani\u00e8re de Taiz\u00e9, communaut\u00e9 de quatre-vingts moines catholiques et protestants, localis\u00e9e en Bourgogne. R\u00e9cit d\u2019un jour, au fil des heures, avec un groupe de jeunes Italiens.<\/p>\n<p><strong>Reportage\u00a0: Un accueil \u00e0 bras ouverts<\/strong><br class=\"autobr\"\/><br \/>\nLe 28 d\u00e9cembre, plus de 9 000 jeunes \u00e9trangers sont arriv\u00e9s \u00e0 Paris pour vivre la Rencontre europ\u00e9enne de Taiz\u00e9. Durant cinq jours, ces p\u00e8lerins catholiques, protestants et orthodoxes ont \u00e9t\u00e9 accueillis dans des familles d\u2019\u00cele-de-France, qui ont accept\u00e9 d\u2019ouvrir les portes de leur logement \u00e0 des inconnus. Dans le 10e arrondissement, Solenne et Yann ont h\u00e9berg\u00e9 Halyna et Yaryna, deux jeunes Ukrainiennes venues prier pour la paix dans leur pays, ravag\u00e9 par la guerre depuis bient\u00f4t quatre ans.<\/p>\n<p><strong><a href=\"https:\/\/dioceseparis.fr\/une-priere-qui-nous-rend.html\" class=\"spip_in\" target=\"_blank\" rel=\"noopener\">Interview\u00a0: \u00ab\u00a0Une pri\u00e8re qui nous rend responsable les uns pour les autres\u00a0\u00bb<\/a><\/strong><br class=\"autobr\"\/><br \/>\nApr\u00e8s avoir r\u00e9uni 3 500 p\u00e8lerins l\u2019an pass\u00e9, la Rencontre europ\u00e9enne de Taiz\u00e9 a rassembl\u00e9, \u00e0 Paris, 15 000 participants. Un succ\u00e8s d\u00e9cortiqu\u00e9 par le F. Beno\u00eet, membre de la communaut\u00e9 et cheville ouvri\u00e8re de l\u2019organisation de l\u2019\u00e9v\u00e9nement qui s\u2019est tenu du 28 d\u00e9cembre au 1er janvier.<\/p>\n<p><strong>Reportage\u00a0: Les \u00ab\u00a0sentinelles de l\u2019invisible\u00a0\u00bb prient pour Paris<\/strong><br class=\"autobr\"\/><br \/>\nLe 3 janvier, une soixantaine de femmes se sont retrouv\u00e9es \u00e0 St-\u00c9tienne-du-Mont pour prier toute une nuit pour Paris. Une premi\u00e8re, imagin\u00e9e, pr\u00e9par\u00e9e et anim\u00e9e par trois vierges consacr\u00e9es du dioc\u00e8se, r\u00e9unies  autour de la figure de sainte Genevi\u00e8ve qui, en son temps, avait d\u00e9j\u00e0 rassembl\u00e9 des femmes pour interc\u00e9der aupr\u00e8s de Dieu et sauver celle qui n\u2019\u00e9tait alors que Lut\u00e8ce.<\/p>\n<p><strong>Actualit\u00e9s\u00a0: \u00ab\u00a0Accompagner les gens dans la souffrance et le combat spirituel\u00a0\u00bb<\/strong><br class=\"autobr\"\/><br \/>\nNomm\u00e9 par le pape le 1er octobre dernier et install\u00e9 le 18 d\u00e9cembre par Mgr Sviatoslav Chevtchouk, archev\u00eaque majeur de Kiev, Mgr Ihor Rantsya est le nouvel \u00e9v\u00eaque de l\u2019\u00e9parchie Saint-Volodymyr-le-Grand de Paris qui \u00e9tait sans \u00e9v\u00eaque depuis sept ans. Il prend la t\u00eate d\u2019une communaut\u00e9 marqu\u00e9e par l\u2019exil. Entre d\u00e9fis pastoraux et soutien \u00e0 la diaspora, il revient pour Paris Notre-Dame sur son parcours singulier et sa mission au service du peuple ukrainien.<\/p>\n<p><strong>\u00c0 m\u00e9diter\u00a0: La Sainte Famille, \u00ab\u00a0mod\u00e8le ordinaire d\u2019une vie difficile\u00a0\u00bb<\/strong><br class=\"autobr\"\/><br \/>\nExtraits de l\u2019hom\u00e9lie de Mgr Laurent Ulrich, archev\u00eaque de Paris, le dimanche 28 d\u00e9cembre 2025. Messe de cl\u00f4ture de l\u2019ann\u00e9e jubilaire en la cath\u00e9drale Notre-Dame de Paris.<\/p>\n","protected":false},"excerpt":{"rendered":"&#13; &#13; &#13; &#13; &#13; &#13; &#13; \u00a9 Paris Notre-Dame, photo\u00a0: Taiz\u00e9 Media \/ Bastien Antoine&#13; &#13; &#13;&hellip;\n","protected":false},"author":2,"featured_media":649790,"comment_status":"","ping_status":"","sticky":false,"template":"","format":"standard","meta":{"footnotes":""},"categories":[1888],"tags":[1111,1928,11,1927,1777,674,1011,27,12,1926,626,1925,25],"class_list":{"0":"post-649789","1":"post","2":"type-post","3":"status-publish","4":"format-standard","5":"has-post-thumbnail","7":"category-paris","8":"tag-actu","9":"tag-actu-paris","10":"tag-actualites","11":"tag-actualites-paris","12":"tag-eu","13":"tag-europe","14":"tag-fr","15":"tag-france","16":"tag-news","17":"tag-news-paris","18":"tag-paris","19":"tag-paris-news","20":"tag-republique-francaise"},"share_on_mastodon":{"url":"https:\/\/pubeurope.com\/@fr\/115860520647232963","error":""},"_links":{"self":[{"href":"https:\/\/www.europesays.com\/fr\/wp-json\/wp\/v2\/posts\/649789","targetHints":{"allow":["GET"]}}],"collection":[{"href":"https:\/\/www.europesays.com\/fr\/wp-json\/wp\/v2\/posts"}],"about":[{"href":"https:\/\/www.europesays.com\/fr\/wp-json\/wp\/v2\/types\/post"}],"author":[{"embeddable":true,"href":"https:\/\/www.europesays.com\/fr\/wp-json\/wp\/v2\/users\/2"}],"replies":[{"embeddable":true,"href":"https:\/\/www.europesays.com\/fr\/wp-json\/wp\/v2\/comments?post=649789"}],"version-history":[{"count":0,"href":"https:\/\/www.europesays.com\/fr\/wp-json\/wp\/v2\/posts\/649789\/revisions"}],"wp:featuredmedia":[{"embeddable":true,"href":"https:\/\/www.europesays.com\/fr\/wp-json\/wp\/v2\/media\/649790"}],"wp:attachment":[{"href":"https:\/\/www.europesays.com\/fr\/wp-json\/wp\/v2\/media?parent=649789"}],"wp:term":[{"taxonomy":"category","embeddable":true,"href":"https:\/\/www.europesays.com\/fr\/wp-json\/wp\/v2\/categories?post=649789"},{"taxonomy":"post_tag","embeddable":true,"href":"https:\/\/www.europesays.com\/fr\/wp-json\/wp\/v2\/tags?post=649789"}],"curies":[{"name":"wp","href":"https:\/\/api.w.org\/{rel}","templated":true}]}}