{"id":649791,"date":"2026-01-08T16:53:15","date_gmt":"2026-01-08T16:53:15","guid":{"rendered":"https:\/\/www.europesays.com\/fr\/649791\/"},"modified":"2026-01-08T16:53:15","modified_gmt":"2026-01-08T16:53:15","slug":"bruno-mars-annonce-deux-concerts-a-paris-et-un-nouvel-album-the-romantic","status":"publish","type":"post","link":"https:\/\/www.europesays.com\/fr\/649791\/","title":{"rendered":"Bruno Mars annonce deux concerts \u00e0 Paris et un nouvel Album \u00ab\u00a0The Romantic\u00a0\u00bb"},"content":{"rendered":"<p><img loading=\"lazy\" decoding=\"async\" alt=\"\u00a9 Kevin Winter \/ AFP - Bruno Mars a annonc\u00e9 deux concerts \u00e0 Paris, au Stade de France.\" data-zoom-src=\"https:\/\/www.europesays.com\/fr\/wp-content\/uploads\/2026\/01\/initial-bruno-mars-afp-kevin-winter.jpg\" data-zoomable=\"\" height=\"702\" src=\"https:\/\/www.europesays.com\/fr\/wp-content\/uploads\/2026\/01\/initial-bruno-mars-afp-kevin-winter.jpg\" width=\"1248\"\/>  <\/p>\n<p class=\"article-desc\">\u00a9 Kevin Winter \/ AFP &#8211; Bruno Mars a annonc\u00e9 deux concerts \u00e0 Paris, au Stade de France. <\/p>\n<p><strong>Bruno Mars<\/strong> signe un retour attendu apr\u00e8s des ann\u00e9es marqu\u00e9es par des collaborations triomphales. Le chanteur a annonc\u00e9 \u00e9galement sur les r\u00e9seaux sociaux, la sortie de son quatri\u00e8me album solo, <strong>\u00ab\u00a0The Romantic\u00a0\u00bb, avec un premier single d\u00e8s ce vendredi 9 janvier.\u200b<\/strong> <\/p>\n<p> Bruno Mars : un nouvel album \u00ab\u00a0The Romantic \u00a0\u00bb <\/p>\n<p><strong>\u00ab\u00a0The Romantic\u00a0\u00bb,<\/strong> premier opus solo de Bruno Mars depuis \u00ab\u00a024K Magic\u00a0\u00bb en 2016, <strong>sortira le 27 f\u00e9vrier 2026 <\/strong>chez Atlantic Records. L&rsquo;album, annonc\u00e9 complet le 5 janvier et d\u00e9taill\u00e9 le 7 janvier avec pochette et tracklist partielle, proposera <strong>un premier extrait d\u00e8s le 9 janvier 2026.<\/strong> Ce projet succ\u00e8de \u00e0 \u00ab\u00a0An Evening with Silk Sonic\u00a0\u00bb (2021) avec Anderson .Paak et \u00e0 des duos comme \u00ab\u00a0Die With a Smile\u00a0\u00bb avec Lady Gaga.\u200b <\/p>\n<p> Concerts de Bruno Mars \u00e0 Paris au Stade de France <\/p>\n<blockquote class=\"instagram-media\" data-instgrm-captioned=\"\" data-instgrm-permalink=\"https:\/\/www.instagram.com\/p\/DTQCjZHFNbQ\/?utm_source=ig_embed&amp;utm_campaign=loading\" data-instgrm-version=\"14\" data-uniformized=\"true\" style=\"background:#fff;border:0;border-radius:3px;box-shadow:0 0 1px 0 rgba(0,0,0,.5),0 1px 10px 0 rgba(0,0,0,.15);margin:1px;max-width:540px;min-width:326px;padding:0;width:calc(100% - 2px)\"><\/blockquote>\n<p>Bruno Mars se produira pour deux dates exceptionnelles au Stade de France \u00e0 Saint-Denis,<strong> les 20 et 21 juin 2026, dans le cadre de \u00ab\u00a0The Romantic Tour<\/strong>\u00ab\u00a0, sa premi\u00e8re tourn\u00e9e stadium en t\u00eate d&rsquo;affiche depuis 2017.\u00a0<\/p>\n<p>Les premi\u00e8res parties seront assur\u00e9es par Anderson .Paak (DJ Pee .Wee) et Victoria Mon\u00e9t, promettant un show \u00e9lectrisant devant 80 000 spectateurs par soir. <\/p>\n<p><strong>La pr\u00e9vente d\u00e9bute le 14 janvier \u00e0 10 h via le site officiel de l&rsquo;artiste, suivie de la mise en vente g\u00e9n\u00e9rale le 15 janvier \u00e0 12 h.\u200b<\/strong> <\/p>\n<p> \u00ab\u00a0The Romantic Tour\u00a0\u00bb, une tourn\u00e9e mondiale <\/p>\n<p>La tourn\u00e9e mondiale \u00ab\u00a0The Romantic Tour\u00a0\u00bb, produite par Live Nation, comptera <strong>pr\u00e8s de 40 dates d&rsquo;avril \u00e0 octobre 2026, <\/strong>traversant Am\u00e9rique du Nord, Europe et Royaume-Uni, avec passages \u00e0 Wembley, Amsterdam et Berlin apr\u00e8s Paris. <\/p>\n<p>Les billets pour les concerts Bruno Mars Paris risquent d&rsquo;\u00eatre vite \u00e9puis\u00e9s, compte tenu de l&rsquo;engouement post-album. Les fans fran\u00e7ais sont invit\u00e9s \u00e0 s&rsquo;inscrire pour la pr\u00e9vente exclusive.\u200b\u00a0<\/p>\n<p><script async src=\"\/\/www.instagram.com\/embed.js\"><\/script><\/p>\n","protected":false},"excerpt":{"rendered":"\u00a9 Kevin Winter \/ AFP &#8211; Bruno Mars a annonc\u00e9 deux concerts \u00e0 Paris, au Stade de France.&hellip;\n","protected":false},"author":2,"featured_media":649792,"comment_status":"","ping_status":"","sticky":false,"template":"","format":"standard","meta":{"footnotes":""},"categories":[1888],"tags":[1111,1928,11,1927,30039,4156,1777,674,1011,27,12,1926,626,1925,25,14478],"class_list":{"0":"post-649791","1":"post","2":"type-post","3":"status-publish","4":"format-standard","5":"has-post-thumbnail","7":"category-paris","8":"tag-actu","9":"tag-actu-paris","10":"tag-actualites","11":"tag-actualites-paris","12":"tag-bruno-mars","13":"tag-concerts","14":"tag-eu","15":"tag-europe","16":"tag-fr","17":"tag-france","18":"tag-news","19":"tag-news-paris","20":"tag-paris","21":"tag-paris-news","22":"tag-republique-francaise","23":"tag-stade-de-france"},"share_on_mastodon":{"url":"https:\/\/pubeurope.com\/@fr\/115860524504666483","error":""},"_links":{"self":[{"href":"https:\/\/www.europesays.com\/fr\/wp-json\/wp\/v2\/posts\/649791","targetHints":{"allow":["GET"]}}],"collection":[{"href":"https:\/\/www.europesays.com\/fr\/wp-json\/wp\/v2\/posts"}],"about":[{"href":"https:\/\/www.europesays.com\/fr\/wp-json\/wp\/v2\/types\/post"}],"author":[{"embeddable":true,"href":"https:\/\/www.europesays.com\/fr\/wp-json\/wp\/v2\/users\/2"}],"replies":[{"embeddable":true,"href":"https:\/\/www.europesays.com\/fr\/wp-json\/wp\/v2\/comments?post=649791"}],"version-history":[{"count":0,"href":"https:\/\/www.europesays.com\/fr\/wp-json\/wp\/v2\/posts\/649791\/revisions"}],"wp:featuredmedia":[{"embeddable":true,"href":"https:\/\/www.europesays.com\/fr\/wp-json\/wp\/v2\/media\/649792"}],"wp:attachment":[{"href":"https:\/\/www.europesays.com\/fr\/wp-json\/wp\/v2\/media?parent=649791"}],"wp:term":[{"taxonomy":"category","embeddable":true,"href":"https:\/\/www.europesays.com\/fr\/wp-json\/wp\/v2\/categories?post=649791"},{"taxonomy":"post_tag","embeddable":true,"href":"https:\/\/www.europesays.com\/fr\/wp-json\/wp\/v2\/tags?post=649791"}],"curies":[{"name":"wp","href":"https:\/\/api.w.org\/{rel}","templated":true}]}}