{"id":649803,"date":"2026-01-08T16:59:17","date_gmt":"2026-01-08T16:59:17","guid":{"rendered":"https:\/\/www.europesays.com\/fr\/649803\/"},"modified":"2026-01-08T16:59:17","modified_gmt":"2026-01-08T16:59:17","slug":"aupres-de-william-kate-evoque-son-combat-contre-le-cancer","status":"publish","type":"post","link":"https:\/\/www.europesays.com\/fr\/649803\/","title":{"rendered":"Aupr\u00e8s de William, Kate \u00e9voque son combat contre le cancer"},"content":{"rendered":"<p>Elle n\u2019\u00e9tait pas pr\u00e9vue \u00e0 l\u2019agenda. La veille de son quarante-quatri\u00e8me anniversaire, <a target=\"_blank\" href=\"https:\/\/www.pointdevue.fr\/grand-angle\/biographies\/kate-middleton\" rel=\"noopener\">Kate<\/a> accompagne le prince <a target=\"_blank\" href=\"https:\/\/www.pointdevue.fr\/grand-angle\/biographies\/prince-william\" rel=\"noopener\">William<\/a> \u00e0 l\u2019occasion d\u2019une visite \u00e0 l&rsquo;h\u00f4pital Charing Cross, dans l\u2019ouest de Londres. Tous les deux parrains de NHS Charities Together, l\u2019association des organismes caritatifs du NHS (National Health Service, ndlr), ils rencontrent les professionnels de sant\u00e9 qui font face ces derni\u00e8res semaines \u00e0 une \u00e9pid\u00e9mie de virus hivernaux. Un engagement important pour <strong>la princesse de Galles qui voulait absolument se joindre \u00e0 son \u00e9poux<\/strong> pour \u00ab\u00a0montrer son soutien au NHS\u00a0\u00bb et \u00ab\u00a0remercier les \u00e9quipes de l\u2019h\u00f4pital Charing Cross pour leurs efforts\u00a0\u00bb, indique le palais de Kensington.<\/p>\n<p><img decoding=\"async\" src=\"https:\/\/www.europesays.com\/fr\/wp-content\/uploads\/2026\/01\/BESTIMAGE_00738016_000001M3irZWKUTw.jpg\" alt=\"Le prince et la princesse de Galles arrivent \u00e0 l'h\u00f4pital Charing Cross dans l'ouest de Londres, ce jeudi 8 janvier 2026.\"\/><strong>Le prince et la princesse de Galles arrivent \u00e0 l&rsquo;h\u00f4pital Charing Cross dans l&rsquo;ouest de Londres, ce jeudi 8 janvier 2026.<\/strong> \u00a9 \u00a0PA Photo\/ BestimageLe temps des confidences\u00a0<\/p>\n<p>V\u00eatue d\u2019un ensemble \u00e9l\u00e9gant de couleur bordeaux, Kate s\u2019avance vers des b\u00e9n\u00e9voles de l\u2019association Imperial Health Charity qui aident notamment \u00e0 all\u00e9ger la pression sur le personnel soignant et contribuent \u00e0 l\u2019am\u00e9lioration des soins. Dans une salle de pause, <strong>l\u2019une d\u2019elles lui raconte son exp\u00e9rience aupr\u00e8s des patients en chimioth\u00e9rapie<\/strong>. \u00ab\u00a0Ils restent assis l\u00e0 pendant des heures\u00a0\u00bb, explique-t-elle au sujet des malades et de leurs proches. <strong>\u00ab\u00a0Je sais\u00a0\u00bb<\/strong>, r\u00e9pond alors la princesse de Kate, avant de toucher l\u2019\u00e9paule de William et glisser\u00a0: \u00ab\u00a0Tu le sais\u00a0\u00bb.<\/p>\n<p><img decoding=\"async\" src=\"https:\/\/www.europesays.com\/fr\/wp-content\/uploads\/2026\/01\/BESTIMAGE_00738016_0000319fbwYa8Cyg.jpg\" alt=\"Kate s'est confi\u00e9e \u00e0 une b\u00e9n\u00e9vole au chevet des patients en chimioth\u00e9rapie.\"\/><strong>Kate s&rsquo;est confi\u00e9e \u00e0 une b\u00e9n\u00e9vole au chevet des patients en chimioth\u00e9rapie.<\/strong> \u00a9 \u00a0PA Photo\/ Bestimage<\/p>\n<p>En septembre 2024, la m\u00e8re de <a target=\"_blank\" href=\"https:\/\/www.pointdevue.fr\/grand-angle\/biographies\/prince-george\" rel=\"noopener\">George<\/a>, <a target=\"_blank\" href=\"https:\/\/www.pointdevue.fr\/grand-angle\/biographies\/princesse-charlotte\" rel=\"noopener\">Charlotte<\/a> et <a target=\"_blank\" href=\"https:\/\/www.pointdevue.fr\/grand-angle\/biographies\/prince-louis\" rel=\"noopener\">Louis<\/a> annon\u00e7ait dans une \u00e9mouvante vid\u00e9o avoir termin\u00e9 son traitement de chimioth\u00e9rapie, moins de six mois apr\u00e8s avoir r\u00e9v\u00e9l\u00e9 <a target=\"_blank\" href=\"https:\/\/www.pointdevue.fr\/royal\/royaume-uni\/kate-declare-etre-en-remission-de-son-cancer-un-soulagement\" rel=\"noopener\">qu\u2019elle \u00e9tait atteinte d\u2019un cancer<\/a>. En r\u00e9mission, la princesse a repris ses engagements \u00e0 son rythme, aupr\u00e8s de son \u00e9poux, puis en solitaire. Le mois dernier, elle organisait <a target=\"_blank\" href=\"https:\/\/www.pointdevue.fr\/royal\/royaume-uni\/kate-au-piano-avec-charlotte-la-sequence-inedite-du-together-at-christmas-2025\" rel=\"noopener\">son traditionnel concert de No\u00ebl<\/a> \u00e0 l\u2019abbaye de Westminster. Un rendez-vous toujours tr\u00e8s attendu par les Britanniques.<\/p>\n<p>Pour sa premi\u00e8re mission de l\u2019ann\u00e9e, Kate participe \u00e9galement \u00e0 une table ronde r\u00e9unissant des directeurs g\u00e9n\u00e9raux, des administrateurs, des d\u00e9cideurs politiques et des philanthropes d&rsquo;organismes caritatifs pour discuter du r\u00f4le de la philanthropie au sein du NHS. Aupr\u00e8s des professionnels de sant\u00e9, le prince et la princesse de Galles donnent le ton pour les mois \u00e0 venir.<\/p>\n<p><img decoding=\"async\" src=\"https:\/\/www.europesays.com\/fr\/wp-content\/uploads\/2026\/01\/BESTIMAGE_00738016_000021IV8PlPbChI.jpg\" alt=\"Le prince et la princesse de Galles \u00e9changent avec les b\u00e9n\u00e9voles avant de participer \u00e0 une table ronde.\"\/><strong>Le prince et la princesse de Galles \u00e9changent avec les b\u00e9n\u00e9voles avant de participer \u00e0 une table ronde.<\/strong> \u00a9 \u00a0PA Photo\/ Bestimage<\/p>\n<p>Lire aussi &gt;&gt; <a target=\"_blank\" href=\"https:\/\/www.pointdevue.fr\/royal\/royaume-uni\/les-premieres-dates-de-lagenda-2026-de-william-et-kate\" rel=\"noopener\">Les premi\u00e8res dates de l\u2019agenda 2026 de William et Kate<\/a><\/p>\n","protected":false},"excerpt":{"rendered":"Elle n\u2019\u00e9tait pas pr\u00e9vue \u00e0 l\u2019agenda. La veille de son quarante-quatri\u00e8me anniversaire, Kate accompagne le prince William \u00e0&hellip;\n","protected":false},"author":2,"featured_media":649804,"comment_status":"","ping_status":"","sticky":false,"template":"","format":"standard","meta":{"footnotes":""},"categories":[1588],"tags":[11,1777,674,12,473,1853,1851,1850,1852],"class_list":{"0":"post-649803","1":"post","2":"type-post","3":"status-publish","4":"format-standard","5":"has-post-thumbnail","7":"category-royaume-uni","8":"tag-actualites","9":"tag-eu","10":"tag-europe","11":"tag-news","12":"tag-royaume-uni","13":"tag-royaume-uni-de-grande-bretagne-et-dirlande-du-nord","14":"tag-uk","15":"tag-united-kingdom","16":"tag-united-kingdom-of-great-britain-and-northern-ireland"},"share_on_mastodon":{"url":"https:\/\/pubeurope.com\/@fr\/115860548184397254","error":""},"_links":{"self":[{"href":"https:\/\/www.europesays.com\/fr\/wp-json\/wp\/v2\/posts\/649803","targetHints":{"allow":["GET"]}}],"collection":[{"href":"https:\/\/www.europesays.com\/fr\/wp-json\/wp\/v2\/posts"}],"about":[{"href":"https:\/\/www.europesays.com\/fr\/wp-json\/wp\/v2\/types\/post"}],"author":[{"embeddable":true,"href":"https:\/\/www.europesays.com\/fr\/wp-json\/wp\/v2\/users\/2"}],"replies":[{"embeddable":true,"href":"https:\/\/www.europesays.com\/fr\/wp-json\/wp\/v2\/comments?post=649803"}],"version-history":[{"count":0,"href":"https:\/\/www.europesays.com\/fr\/wp-json\/wp\/v2\/posts\/649803\/revisions"}],"wp:featuredmedia":[{"embeddable":true,"href":"https:\/\/www.europesays.com\/fr\/wp-json\/wp\/v2\/media\/649804"}],"wp:attachment":[{"href":"https:\/\/www.europesays.com\/fr\/wp-json\/wp\/v2\/media?parent=649803"}],"wp:term":[{"taxonomy":"category","embeddable":true,"href":"https:\/\/www.europesays.com\/fr\/wp-json\/wp\/v2\/categories?post=649803"},{"taxonomy":"post_tag","embeddable":true,"href":"https:\/\/www.europesays.com\/fr\/wp-json\/wp\/v2\/tags?post=649803"}],"curies":[{"name":"wp","href":"https:\/\/api.w.org\/{rel}","templated":true}]}}