{"id":649805,"date":"2026-01-08T17:00:18","date_gmt":"2026-01-08T17:00:18","guid":{"rendered":"https:\/\/www.europesays.com\/fr\/649805\/"},"modified":"2026-01-08T17:00:18","modified_gmt":"2026-01-08T17:00:18","slug":"domidep-en-passe-de-boucler-une-grosse-acquisition-en-allemagne","status":"publish","type":"post","link":"https:\/\/www.europesays.com\/fr\/649805\/","title":{"rendered":"Domidep en passe de boucler une grosse acquisition en Allemagne"},"content":{"rendered":"\n<p>Il fait presque figure d\u2019exception sur le march\u00e9 fran\u00e7ais des Ehpad. Ces derni\u00e8res ann\u00e9es, Domidep est quasiment le seul grand acteur tricolore \u00e0 avoir poursuivi les acquisitions. Ses concurrents Clariane, Emeis (ex-Orpea) ou Colis\u00e9e &#8211; et dans une bien moindre mesure DomusVi &#8211; se sont plut\u00f4t attel\u00e9s \u00e0 r\u00e9gler leurs probl\u00e8mes d\u2019endettement et \u00e0 se d\u00e9barrasser de certains de leurs actifs. Contr\u00f4l\u00e9 depuis 2019 par le fonds d\u2019infrastructures am\u00e9ricain I-Squared dans le cadre d\u2019une op\u00e9ration de LBO, Domidep s\u2019appr\u00eate aujourd\u2019hui \u00e0 r\u00e9aliser un deal d\u2019envergure \u00e0 l\u2019\u00e9tranger. Selon nos informations, il est effectivement en bonne voie de s\u2019offrir le groupe d\u2019Ehpad allemand Vitanas. Un accord a \u00e9t\u00e9 sign\u00e9 tout juste avant No\u00ebl.<\/p>\n","protected":false},"excerpt":{"rendered":"Il fait presque figure d\u2019exception sur le march\u00e9 fran\u00e7ais des Ehpad. Ces derni\u00e8res ann\u00e9es, Domidep est quasiment le&hellip;\n","protected":false},"author":2,"featured_media":649806,"comment_status":"","ping_status":"","sticky":false,"template":"","format":"standard","meta":{"footnotes":""},"categories":[1587],"tags":[11,672,1804,1805,1803,1777,674,73068,1801,12,1802,75454],"class_list":{"0":"post-649805","1":"post","2":"type-post","3":"status-publish","4":"format-standard","5":"has-post-thumbnail","7":"category-allemagne","8":"tag-actualites","9":"tag-allemagne","10":"tag-bundesrepublik-deutschland","11":"tag-de","12":"tag-deutschland","13":"tag-eu","14":"tag-europe","15":"tag-fusions-acquisitions","16":"tag-germany","17":"tag-news","18":"tag-republique-federale-dallemagne","19":"tag-rothschild-co"},"share_on_mastodon":{"url":"https:\/\/pubeurope.com\/@fr\/115860552014496017","error":""},"_links":{"self":[{"href":"https:\/\/www.europesays.com\/fr\/wp-json\/wp\/v2\/posts\/649805","targetHints":{"allow":["GET"]}}],"collection":[{"href":"https:\/\/www.europesays.com\/fr\/wp-json\/wp\/v2\/posts"}],"about":[{"href":"https:\/\/www.europesays.com\/fr\/wp-json\/wp\/v2\/types\/post"}],"author":[{"embeddable":true,"href":"https:\/\/www.europesays.com\/fr\/wp-json\/wp\/v2\/users\/2"}],"replies":[{"embeddable":true,"href":"https:\/\/www.europesays.com\/fr\/wp-json\/wp\/v2\/comments?post=649805"}],"version-history":[{"count":0,"href":"https:\/\/www.europesays.com\/fr\/wp-json\/wp\/v2\/posts\/649805\/revisions"}],"wp:featuredmedia":[{"embeddable":true,"href":"https:\/\/www.europesays.com\/fr\/wp-json\/wp\/v2\/media\/649806"}],"wp:attachment":[{"href":"https:\/\/www.europesays.com\/fr\/wp-json\/wp\/v2\/media?parent=649805"}],"wp:term":[{"taxonomy":"category","embeddable":true,"href":"https:\/\/www.europesays.com\/fr\/wp-json\/wp\/v2\/categories?post=649805"},{"taxonomy":"post_tag","embeddable":true,"href":"https:\/\/www.europesays.com\/fr\/wp-json\/wp\/v2\/tags?post=649805"}],"curies":[{"name":"wp","href":"https:\/\/api.w.org\/{rel}","templated":true}]}}