{"id":64981,"date":"2025-04-30T18:13:11","date_gmt":"2025-04-30T18:13:11","guid":{"rendered":"https:\/\/www.europesays.com\/fr\/64981\/"},"modified":"2025-04-30T18:13:11","modified_gmt":"2025-04-30T18:13:11","slug":"deux-jeunes-souffrant-dune-meningite-hospitalises-dans-un-etat-preoccupant","status":"publish","type":"post","link":"https:\/\/www.europesays.com\/fr\/64981\/","title":{"rendered":"Deux jeunes souffrant d\u2019une m\u00e9ningite hospitalis\u00e9s dans un \u00e9tat pr\u00e9occupant"},"content":{"rendered":"<p>Rennes n\u2019en a pas fini avec la m\u00e9ningite. <a href=\"https:\/\/www.20minutes.fr\/sante\/4138243-20250211-cluster-meningite-rennes-apres-mort-jeune-femme-deux-personnes-toujours-hospitalisees\" class=\"color-ultramarine c-link\" rel=\"nofollow noopener\" target=\"_blank\">D\u00e9j\u00e0 concern\u00e9e par plusieurs clusters en mars<\/a>, la capitale bretonne avait \u00e9t\u00e9 le th\u00e9\u00e2tre d\u2019une vaste campagne de vaccination en mars. Environ 100.000 jeunes \u00e9taient alors invit\u00e9s \u00e0 se faire vacciner pour se prot\u00e9ger de cette dangereuse infection bact\u00e9rienne due au m\u00e9ningocoque. <a href=\"https:\/\/www.ouest-france.fr\/bretagne\/info-ouest-france-meningite-a-meningocoques-deux-jeunes-hospitalises-en-reanimation-a-rennes-8514290c-25b0-11f0-8bd9-2e665ca4169a\" rel=\"nofollow noopener\" target=\"_blank\" class=\"color-ultramarine c-link\">D\u2019apr\u00e8s Ouest-France<\/a>, deux adolescents \u00e2g\u00e9s de 16 et 19 ans ont \u00e9t\u00e9 hospitalis\u00e9s en r\u00e9animation et seraient actuellement dans un \u00e9tat pr\u00e9occupant. L\u2019un des cas se serait d\u00e9clar\u00e9 au sein du lyc\u00e9e Anita-Conti de Bruz, tout pr\u00e8s de Rennes, <a href=\"https:\/\/www.francebleu.fr\/infos\/sante-sciences\/deux-nouveaux-cas-de-meningite-pres-de-rennes-les-lyceens-sont-hospitalises-1498504\" rel=\"nofollow noopener\" target=\"_blank\" class=\"color-ultramarine c-link\">ajoute France Bleu<\/a>. Sollicit\u00e9e, l\u2019Agence r\u00e9gionale de sant\u00e9 confirme bri\u00e8vement qu&rsquo;un premier patient de 16 ans a \u00e9t\u00e9 admis en r\u00e9animation le 28 avril, puis un second de 19 ans le 30 avril. <\/p>\n<p>Le Centre national de r\u00e9f\u00e9rence de l\u2019institut Pasteur s&rsquo;occupe du s\u00e9quen\u00e7age des souches de ces deux cas \u00ab d\u2019infections invasives \u00e0 m\u00e9ningocoques de s\u00e9rogroupe B \u00bb.<\/p>\n<p>Un refus de vaccination ?<\/p>\n<p><a href=\"https:\/\/www.bfmtv.com\/sante\/meningite-a-meningocoques-deux-jeunes-de-16-et-18-ans-hospitalises-a-rennes-dans-un-etat-grave_AN-202504300486.html\" rel=\"nofollow noopener\" target=\"_blank\" class=\"color-ultramarine c-link\">Selon BFMTV<\/a>, l\u2019un des adolescents \u00e9tait pr\u00e9sent \u00e0 une f\u00eate organis\u00e9e samedi soir. \u00ab Les \u00e9quipes de l\u2019ARS Bretagne travaillent \u00e0 l\u2019identification des contacts afin de prendre toutes les mesures n\u00e9cessaires \u00bb, pr\u00e9cise l&rsquo;ARS. L\u2019un des deux jeunes hospitalis\u00e9s avait refus\u00e9 de se faire vacciner, pr\u00e9cisent nos confr\u00e8res.<\/p>\n<\/p>\n<p>Au mois de mars, une grande campagne de vaccination avait \u00e9t\u00e9 d\u00e9ploy\u00e9e dans la m\u00e9tropole rennaise, apr\u00e8s la multiplication des cas. Une jeune femme \u00e2g\u00e9e de 18 ans <a href=\"https:\/\/www.20minutes.fr\/sante\/4137186-20250205-rennes-femme-18-ans-decede-meningite-autres-cas-identifies\" class=\"color-ultramarine c-link\" rel=\"nofollow noopener\" target=\"_blank\">\u00e9tait d\u00e9c\u00e9d\u00e9e apr\u00e8s avoir contract\u00e9 ce m\u00e9ningocoque B<\/a>. Des centres de vaccination mobiles avaient \u00e9t\u00e9 install\u00e9s aux abords des \u00e9tablissements scolaires et dans les universit\u00e9s. L\u2019ARS annon\u00e7ait avoir vaccin\u00e9 50.000 jeunes en un mois. \u00ab\u00a0Le d\u00e9fi reste entier\u00a0\u00bb, pr\u00e9venait l\u2019administration, rappelant que seul \u00ab\u00a0un sch\u00e9ma vaccinal complet et efficace\u00a0\u00bb prot\u00e8ge les jeunes populations. \u00ab\u00a0Il est essentiel de recevoir une deuxi\u00e8me dose de vaccination quatre semaines apr\u00e8s la premi\u00e8re pour \u00eatre compl\u00e8tement prot\u00e9g\u00e9\u00a0\u00bb, mart\u00e8le l\u2019ARS. \u00ab Les modalit\u00e9s de la campagne de vaccination en cours sur le territoire de Rennes m\u00e9tropole restent inchang\u00e9es \u00bb, ajoute-t-elle.<\/p>\n<p>Quels sont les sympt\u00f4mes\u00a0?<\/p>\n<p>La capitale bretonne <a href=\"https:\/\/www.20minutes.fr\/sante\/4137735-20250207-aude-adolescent-meurt-meningite-deuxieme-deces-deux-jours\" class=\"color-ultramarine c-link\" rel=\"nofollow noopener\" target=\"_blank\">n\u2019est pas le seul territoire concern\u00e9<\/a>. Plus de 600 cas d\u2019infections \u00e0 m\u00e9ningocoques ont <a href=\"https:\/\/www.20minutes.fr\/sante\/4143433-20250313-meningite-nombre-cas-particulierement-eleve-debut-2025-france\" class=\"color-ultramarine c-link\" rel=\"nofollow noopener\" target=\"_blank\">d\u00e9j\u00e0 \u00e9t\u00e9 recens\u00e9s depuis le d\u00e9but de l\u2019ann\u00e9e <\/a>selon Sant\u00e9 publique France. Un niveau sans pr\u00e9c\u00e9dent depuis\u00a02010. Pour tenter d\u2019y faire face, le minist\u00e8re de la sant\u00e9 a annonc\u00e9 une \u00ab<a href=\"https:\/\/www.20minutes.fr\/sante\/4150170-20250424-meningite-vaccination-encore-elargie-moins-24-ans-annonce-ministre-sante\" class=\"color-ultramarine c-link\" rel=\"nofollow noopener\" target=\"_blank\">\u00a0intensification de la strat\u00e9gie vaccinale <\/a>pour mieux prot\u00e9ger les populations les plus expos\u00e9es\u00a0\u00bb.<\/p>\n<p>La m\u00e9ningite se traduit souvent par une fi\u00e8vre \u00e9lev\u00e9e, des maux de t\u00eate intenses et persistants, une raideur de la nuque ou encore une g\u00eane \u00e0 la lumi\u00e8re vive. Elle peut entra\u00eener de la confusion, de la somnolence, mais aussi des douleurs musculaires et articulaires. En cas de sympt\u00f4mes, il est conseill\u00e9 d\u2019appeler le 15.<\/p>\n","protected":false},"excerpt":{"rendered":"Rennes n\u2019en a pas fini avec la m\u00e9ningite. D\u00e9j\u00e0 concern\u00e9e par plusieurs clusters en mars, la capitale bretonne&hellip;\n","protected":false},"author":2,"featured_media":64982,"comment_status":"","ping_status":"","sticky":false,"template":"","format":"standard","meta":{"footnotes":""},"categories":[10],"tags":[47,1084,13240,829,4309,4081,1011,27,72,848,13849,16446,226,4696,584,71,104,773,148],"class_list":{"0":"post-64981","1":"post","2":"type-post","3":"status-publish","4":"format-standard","5":"has-post-thumbnail","7":"category-sante","8":"tag-actualite","9":"tag-adolescent","10":"tag-agence-regionale-de-sante","11":"tag-bretagne","12":"tag-chu","13":"tag-etudiant","14":"tag-fr","15":"tag-france","16":"tag-health","17":"tag-ille-et-vilaine","18":"tag-infection","19":"tag-lyceen","20":"tag-maladie","21":"tag-meningite","22":"tag-rennes","23":"tag-sante","24":"tag-societe","25":"tag-vaccin","26":"tag-vaccination"},"share_on_mastodon":{"url":"https:\/\/pubeurope.com\/@fr\/114428274556257434","error":""},"_links":{"self":[{"href":"https:\/\/www.europesays.com\/fr\/wp-json\/wp\/v2\/posts\/64981","targetHints":{"allow":["GET"]}}],"collection":[{"href":"https:\/\/www.europesays.com\/fr\/wp-json\/wp\/v2\/posts"}],"about":[{"href":"https:\/\/www.europesays.com\/fr\/wp-json\/wp\/v2\/types\/post"}],"author":[{"embeddable":true,"href":"https:\/\/www.europesays.com\/fr\/wp-json\/wp\/v2\/users\/2"}],"replies":[{"embeddable":true,"href":"https:\/\/www.europesays.com\/fr\/wp-json\/wp\/v2\/comments?post=64981"}],"version-history":[{"count":0,"href":"https:\/\/www.europesays.com\/fr\/wp-json\/wp\/v2\/posts\/64981\/revisions"}],"wp:featuredmedia":[{"embeddable":true,"href":"https:\/\/www.europesays.com\/fr\/wp-json\/wp\/v2\/media\/64982"}],"wp:attachment":[{"href":"https:\/\/www.europesays.com\/fr\/wp-json\/wp\/v2\/media?parent=64981"}],"wp:term":[{"taxonomy":"category","embeddable":true,"href":"https:\/\/www.europesays.com\/fr\/wp-json\/wp\/v2\/categories?post=64981"},{"taxonomy":"post_tag","embeddable":true,"href":"https:\/\/www.europesays.com\/fr\/wp-json\/wp\/v2\/tags?post=64981"}],"curies":[{"name":"wp","href":"https:\/\/api.w.org\/{rel}","templated":true}]}}