{"id":649815,"date":"2026-01-08T17:05:11","date_gmt":"2026-01-08T17:05:11","guid":{"rendered":"https:\/\/www.europesays.com\/fr\/649815\/"},"modified":"2026-01-08T17:05:11","modified_gmt":"2026-01-08T17:05:11","slug":"les-bleus-sont-fixes-sur-leur-calendrier-avant-le-mondial-2026","status":"publish","type":"post","link":"https:\/\/www.europesays.com\/fr\/649815\/","title":{"rendered":"les Bleus sont fix\u00e9s sur leur calendrier avant le Mondial 2026"},"content":{"rendered":"<p>\n    L\u2019\u00e9quipe de France d\u00e9fiera dans un match amical de gala le Br\u00e9sil en mars prochain aux \u00c9tats-Unis.<\/p>\n<p class=\"fig-paragraph\">Le compte \u00e0 rebours est enclench\u00e9. Le programme s\u2019affine et les dates sont officialis\u00e9es. Depuis plusieurs semaines,<a href=\"http:\/\/www.lefigaro.fr\/sports\/football\/coupe-du-monde\/l-un-des-groupes-les-plus-difficiles-deschamps-reagit-apres-le-tirage-corse-des-bleus-20251205\" data-fig-type=\"NewsFlash\" data-gtm-custom-categorie=\"navigation\" data-gtm-custom-action=\"crossclick\" data-gtm-custom-label=\"Contextuel\" data-gtm-event=\"customEventSPE\" data-fig-domain=\"LEFIGARO\" target=\"_blank\" rel=\"noopener\">\u00a0les Bleus<\/a>\u00a0se savaient attendus aux \u00c9tats-Unis pour une tourn\u00e9e en mars prochain, avec des rencontres amicales contre le Br\u00e9sil (5e classement Fifa) et la Colombie.<\/p>\n<p>                                            Rendez-vous de gala contre le Br\u00e9sil, une premi\u00e8re depuis 11 ans<\/p>\n<p class=\"fig-paragraph\">La FFF a confirm\u00e9 les dates ce jeudi.\u00a0<a href=\"http:\/\/www.lefigaro.fr\/sports\/football\/equipe-de-france\/ma-tendance-est-beaucoup-plus-apres-la-coupe-du-monde-le-successeur-de-didier-deschamps-nomme-apres-le-mondial-annonce-philippe-diallo-20251213\" data-fig-type=\"NewsFlash\" data-gtm-custom-categorie=\"navigation\" data-gtm-custom-action=\"crossclick\" data-gtm-custom-label=\"Contextuel\" data-gtm-event=\"customEventSPE\" data-fig-domain=\"LEFIGARO\" target=\"_blank\" rel=\"noopener\">L\u2019\u00e9quipe de France<\/a>\u00a0d\u00e9fiera la s\u00e9lection la plus mythique au monde le 26 mars \u00e0 Boston (16h locale, 21h heure fran\u00e7aise, TF1). Ce sera une premi\u00e8re depuis &#8230; onze ans et une d\u00e9faite le 26 mars 2015 (1-3)au Stade de France. Trois jours plus tard, direction le Maryland, proche de Washington D.C. \u00e0 21 heures (heure fran\u00e7aise, 15 heures, heure locale), pour affronter la Colombie (13e classement Fifa).<\/p>\n<p>                                            <a class=\"fig-a11y-skip\" href=\"#fig-a11y-skip-main-inarticle\" data-module=\"a11y-skip\" data-context=\"was @visible\"><br \/>\n    Passer la publicit\u00e9<br \/>\n<\/a>            <\/p>\n<p>                                            Deux amicaux entre le 1er et le 9 juin, camp de base \u00e0 Boston<\/p>\n<p class=\"fig-paragraph\">Les partenaires de Kylian Mbapp\u00e9, vice-champions du monde, se retrouveront fin mai pour pr\u00e9parer le Mondial avec deux amicaux pr\u00e9vus entre le 1er et le 9 juin. Pour rappel, ils seront oppos\u00e9s au S\u00e9n\u00e9gal (16 juin), la Norv\u00e8ge (26 juin) et le vainqueur du barrage (22 juin) entre l\u2019Irak, la Bolivie ou le Surinam. Dans les jours \u00e0 venir, le staff de l\u2019\u00e9quipe de France officialisera aussi le choix de son camp de base. Ce sera du c\u00f4t\u00e9 de Boston. Autour de la mi-mai, Didier Deschamps d\u00e9voilera sa liste pour les US. Le grand rendez-vous se rapproche gentiment.<\/p>\n<p>                                            <strong>Le calendrier des Bleus\u00a0<\/strong><\/p>\n<ul class=\"fig-list\">\n<li>Jeudi 26 mars 2026\u00a0: Br\u00e9sil &#8211; <strong>France\u00a0<\/strong>\u00e0 Foxborough (Massachusetts) \u00e0 21 heures (heure fran\u00e7aise, 16 heures, heure locale)<\/li>\n<li>Dimanche 29 mars 2026\u00a0: <strong>France<\/strong> &#8211; Colombie \u00e0 Landover (Maryland) \u00e0 21 heures (heure fran\u00e7aise, 15 heures, heure locale)<\/li>\n<li>\u00c0 partir du lundi 25 mai 2026\u00a0: p\u00e9riode FIFA de repos et de mise \u00e0 disposition des joueurs pour la Coupe du monde 2026<\/li>\n<li>Du 1er au 9 juin 2026\u00a0: p\u00e9riode FIFA de matches internationaux de pr\u00e9paration \u00e0 la Coupe du monde 2026<\/li>\n<\/ul>\n<p class=\"fig-paragraph\">Coupe du monde de la FIFA 2026, premier tour (groupe I)\u00a0:\u00a0<\/p>\n<ul class=\"fig-list\">\n<li>Mardi 16 juin 2026\u00a0: <strong>France<\/strong> &#8211; S\u00e9n\u00e9gal \u00e0 New York New Jersey \u00e0 21 heures (heure fran\u00e7aise, 15 heures, heure locale)<\/li>\n<li>Lundi 22 juin 2026\u00a0: <strong>France<\/strong> &#8211; barragiste \u00e0 Philadelphie \u00e0 23 heures (heure fran\u00e7aise, 17 heures, heure locale)<\/li>\n<li>Vendredi 26 juin 2026\u00a0: Norv\u00e8ge &#8211; <strong>France<\/strong> \u00e0 Boston \u00e0 21 heures (heure fran\u00e7aise, 15 heures, heure locale)<\/li>\n<\/ul>\n<p>                                            <a href=\"https:\/\/photo.lefigaro.fr\/sports\/ukraine-croatie-argentine-les-11-matches-qui-ont-fait-la-legende-de-deschamps-20250108\" target=\"_blank\" rel=\"noopener\"><\/p>\n<p class=\"fig-slideshow__title\">\n                    Ukraine, Croatie, Argentine&#8230; Les 11 matches qui ont fait la l\u00e9gende de Deschamps\n                <\/p>\n<p>Acc\u00e9der au diaporama (11)<\/p>\n<p>    <\/a><\/p>\n","protected":false},"excerpt":{"rendered":"L\u2019\u00e9quipe de France d\u00e9fiera dans un match amical de gala le Br\u00e9sil en mars prochain aux \u00c9tats-Unis. Le&hellip;\n","protected":false},"author":2,"featured_media":649816,"comment_status":"","ping_status":"","sticky":false,"template":"","format":"standard","meta":{"footnotes":""},"categories":[4],"tags":[11,20532,6713,1011,27,6477,12,25],"class_list":{"0":"post-649815","1":"post","2":"type-post","3":"status-publish","4":"format-standard","5":"has-post-thumbnail","7":"category-france","8":"tag-actualites","9":"tag-didier-deschamps","10":"tag-equipe-de-france-de-football","11":"tag-fr","12":"tag-france","13":"tag-kylian-mbappe","14":"tag-news","15":"tag-republique-francaise"},"share_on_mastodon":{"url":"https:\/\/pubeurope.com\/@fr\/115860571551069609","error":""},"_links":{"self":[{"href":"https:\/\/www.europesays.com\/fr\/wp-json\/wp\/v2\/posts\/649815","targetHints":{"allow":["GET"]}}],"collection":[{"href":"https:\/\/www.europesays.com\/fr\/wp-json\/wp\/v2\/posts"}],"about":[{"href":"https:\/\/www.europesays.com\/fr\/wp-json\/wp\/v2\/types\/post"}],"author":[{"embeddable":true,"href":"https:\/\/www.europesays.com\/fr\/wp-json\/wp\/v2\/users\/2"}],"replies":[{"embeddable":true,"href":"https:\/\/www.europesays.com\/fr\/wp-json\/wp\/v2\/comments?post=649815"}],"version-history":[{"count":0,"href":"https:\/\/www.europesays.com\/fr\/wp-json\/wp\/v2\/posts\/649815\/revisions"}],"wp:featuredmedia":[{"embeddable":true,"href":"https:\/\/www.europesays.com\/fr\/wp-json\/wp\/v2\/media\/649816"}],"wp:attachment":[{"href":"https:\/\/www.europesays.com\/fr\/wp-json\/wp\/v2\/media?parent=649815"}],"wp:term":[{"taxonomy":"category","embeddable":true,"href":"https:\/\/www.europesays.com\/fr\/wp-json\/wp\/v2\/categories?post=649815"},{"taxonomy":"post_tag","embeddable":true,"href":"https:\/\/www.europesays.com\/fr\/wp-json\/wp\/v2\/tags?post=649815"}],"curies":[{"name":"wp","href":"https:\/\/api.w.org\/{rel}","templated":true}]}}