{"id":649824,"date":"2026-01-08T17:15:13","date_gmt":"2026-01-08T17:15:13","guid":{"rendered":"https:\/\/www.europesays.com\/fr\/649824\/"},"modified":"2026-01-08T17:15:13","modified_gmt":"2026-01-08T17:15:13","slug":"un-metoo-a-france-televisions-patrick-sebastien-detiendrait-de-lourdes-informations","status":"publish","type":"post","link":"https:\/\/www.europesays.com\/fr\/649824\/","title":{"rendered":"Un \u201cMeToo\u201d \u00e0 France T\u00e9l\u00e9visions\u00a0? Patrick S\u00e9bastien d\u00e9tiendrait de lourdes informations"},"content":{"rendered":"<p>L&rsquo;ann\u00e9e 2025 a \u00e9t\u00e9 <strong>particuli\u00e8rement riche <\/strong>pour Patrick S\u00e9bastien. En effet, si \u00e0 72 ans, ce dernier pourrait profiter tranquillement de sa retraite, il en est hors de question. Et pour cause, <a href=\"https:\/\/www.public.fr\/patrick-sebastien-hospitalise-lanimateur-a-subi-deux-interventions-delicates\" target=\"_blank\" rel=\"noopener\">l&rsquo;ancien animateur de France T\u00e9l\u00e9visions<\/a> <strong>a la p\u00eache.<\/strong> Preuve en est, ces derniers mois, <a href=\"https:\/\/www.public.fr\/je-naime-pas-cette-nana-patrick-sebastien-regle-ses-comptes-avec-lea-salame-apres-avoir-ete-invite-dans-son-emission\" target=\"_blank\" rel=\"noopener\">le natif de Brive-la-Gaillarde<\/a> a \u00e9t\u00e9 encha\u00een\u00e9 les passages sur les plateaux TV. L&rsquo;occasion de parler sans filtre <a href=\"https:\/\/www.public.fr\/patrick-sebastien-emissaire-de-marine-le-pen-le-ton-monte-dans-les-grandes-gueules-sur-rmc\" target=\"_blank\" rel=\"noopener\">de l&rsquo;actualit\u00e9<\/a> mais aussi d&rsquo;\u00e9voquer la sienne.<\/p>\n<p>En 2025, Patrick S\u00e9bastien a sorti un livre intitul\u00e9 M\u00eame pas peur\u00a0! aux \u00e9ditions XO et dans lequel il \u00ab\u00a0<strong>diss\u00e8que un ph\u00e9nom\u00e8ne omnipr\u00e9sent dans la soci\u00e9t\u00e9 actuelle\u00a0: nos peurs<\/strong>\u00ab\u00a0. Par ailleurs, <a href=\"https:\/\/www.public.fr\/exclu-public-olivier-le-fils-de-patrick-sebastien-refuse-categoriquement-dassister-a-son-enterrement\" target=\"_blank\" rel=\"noopener\">le p\u00e8re de famille<\/a> a d\u00e9voil\u00e9 son <strong>vingt-troisi\u00e8me album studio baptis\u00e9 Ol\u00e9 os\u00e9 <\/strong>et dans lequel il s&rsquo;\u00e9clate toujours autant \u00e0 entonner des chansons tr\u00e8s crues. Depuis qu&rsquo;il est sous le feu des projecteurs, <strong><a href=\"https:\/\/www.public.fr\/on-prepare-un-complement-denquete-sur-moi-patrick-sebastien-son-ancien-employeur-la-dans-le-viseur\" target=\"_blank\" rel=\"noopener\">l&rsquo;ami de Cyril Hanouna<\/a> n&rsquo;a pas chang\u00e9<\/strong> et jamais il n&rsquo;a voulu se censurer.<\/p>\n<p>Est-ce son personnage sans filtre qui a fini par g\u00eaner <a href=\"https:\/\/www.public.fr\/japprends-ca-pour-la-presse-julien-lepers-revient-sur-son-depart-epouvantable-de-france-3-et-balance-sur-delphine-ernotte\" target=\"_blank\" rel=\"noopener\">Delphine Ernotte, la patronne de France T\u00e9l\u00e9visions<\/a>, au point de lui demander de<strong> faire ses cartons en 2019\u00a0<\/strong>? En tout cas, <strong>attention au retour de b\u00e2ton<\/strong>. Alors que l&rsquo;Assembl\u00e9e nationale a lanc\u00e9 <strong>une commission d\u2019enqu\u00eate <\/strong>consacr\u00e9e au fonctionnement, au financement et \u00e0 la neutralit\u00e9 du service public, l&rsquo;ancienne figure phare du petit \u00e9cran aurait <strong>des informations qui pourraient cr\u00e9er des remous.<\/strong><\/p>\n<p>Patrick S\u00e9bastien pr\u00eat \u00e0 balancer sur France T\u00e9l\u00e9visions\u00a0?<\/p>\n<p>Malgr\u00e9 ses longues ann\u00e9es pass\u00e9es sur France 2, <strong>Patrick S\u00e9bastien ne sera pas entendu <\/strong>dans le cadre de cette commission. Il le regrette car visiblement, il avait <strong>des choses \u00e0 dire.<\/strong> Ce mercredi 7\u00a0janvier, sur le plateau de \u00ab\u00a0Tout beau tout neuf\u00a0\u00bb sur W9, <a href=\"https:\/\/www.google.com\/url?sa=t&amp;source=web&amp;rct=j&amp;opi=89978449&amp;url=https:\/\/vsd.fr\/92511-matthieu-delormeau-en-couple-avec-un-comedien-des-mysteres-de-lamour\/&amp;ved=2ahUKEwiNhIqt4vuRAxVERKQEHdwYGMIQFnoECBcQAQ&amp;usg=AOvVaw3XHfh4MSnv8w4Q5UGox9eS\" target=\"_blank\" rel=\"noopener\">Matthieu Delormeau<\/a> assure avoir longuement \u00e9chang\u00e9 avec <a href=\"https:\/\/www.google.com\/url?sa=t&amp;source=web&amp;rct=j&amp;opi=89978449&amp;url=https:\/\/vsd.fr\/89406-patrick-sebastien-cest-officiel-son-cabaret-revient\/&amp;ved=2ahUKEwi2sZWX4vuRAxXTdaQEHTwPIIIQFnoECCYQAQ&amp;usg=AOvVaw1XaQvWPjFgyCtmRcJR4w7o\" target=\"_blank\" rel=\"noopener\">l&rsquo;ancien pr\u00e9sentateur du \u00ab\u00a0Grand Cabaret\u00a0\u00bb<\/a>. \u00ab\u00a0J\u2019ai eu aujourd\u2019hui 30 minutes au t\u00e9l\u00e9phone Patrick S\u00e9bastien. Je jure que c\u2019est vrai\u00a0\u00bb, a-t-il lanc\u00e9 pour commencer.<\/p>\n<p>Au cours de cette conversation, Patrick S\u00e9bastien aurait alors fait d&rsquo;importantes r\u00e9v\u00e9lations au chroniqueur. \u00ab\u00a0C\u2019est vrai qu\u2019il m\u2019a racont\u00e9 des choses\u2026 j\u2019ai hallucin\u00e9<strong>. Je comprends qu\u2019effectivement, s\u2019il va \u00e0 la commission, c\u2019est un \u201cMeToo\u201d<\/strong>\u00ab\u00a0, a-t-il poursuivi. Selon lui, si Patrick S\u00e9bastien venait \u00e0 \u00eatre auditionn\u00e9,<strong>\u00ab\u00a0\u00e7a ferait tomber des t\u00eates tr\u00e8s importantes.<\/strong> C\u2019est\u2026 j\u2019avais des doutes, c\u2019est au-del\u00e0 de ce que je pensais\u00a0\u00bb, a fini par conclure <a href=\"https:\/\/www.google.com\/url?sa=t&amp;source=web&amp;rct=j&amp;opi=89978449&amp;url=https:\/\/vsd.fr\/76749-ce-mec-est-un-malade-mais-je-laime-tellement-matthieu-delormeau-le-cadeau-insolite-de-son-benoit-dubois-pour-son-anniversaire\/&amp;ved=2ahUKEwiNhIqt4vuRAxVERKQEHdwYGMIQFnoECCgQAQ&amp;usg=AOvVaw03CoCOvtyqwkW97wVVwnnd\" target=\"_blank\" rel=\"noopener\">Matthieu Delormeau<\/a>.<\/p>\n<p>\n          Hits &amp; People en continu\n        <\/p>\n<p>\n          Public Radio\n        <\/p>\n<p>      Mentionn\u00e9s dans cet article<\/p>\n<p>      Sur le m\u00eame sujet<\/p>\n","protected":false},"excerpt":{"rendered":"L&rsquo;ann\u00e9e 2025 a \u00e9t\u00e9 particuli\u00e8rement riche pour Patrick S\u00e9bastien. En effet, si \u00e0 72 ans, ce dernier pourrait&hellip;\n","protected":false},"author":2,"featured_media":649825,"comment_status":"","ping_status":"","sticky":false,"template":"","format":"standard","meta":{"footnotes":""},"categories":[1359],"tags":[26578,9260,1083,58,59,1011,27,2400,594,7830,5686,6097,973,22498,22497,2395],"class_list":{"0":"post-649824","1":"post","2":"type-post","3":"status-publish","4":"format-standard","5":"has-post-thumbnail","7":"category-people","8":"tag-confidence","9":"tag-confidences","10":"tag-cyril-hanouna","11":"tag-divertissement","12":"tag-entertainment","13":"tag-fr","14":"tag-france","15":"tag-france-televisions","16":"tag-france-2","17":"tag-matthieu-delormeau","18":"tag-metoo","19":"tag-patrick-sebastien","20":"tag-people","21":"tag-tout-9-tbt9","22":"tag-tout-beau","23":"tag-w9"},"share_on_mastodon":{"url":"","error":""},"_links":{"self":[{"href":"https:\/\/www.europesays.com\/fr\/wp-json\/wp\/v2\/posts\/649824","targetHints":{"allow":["GET"]}}],"collection":[{"href":"https:\/\/www.europesays.com\/fr\/wp-json\/wp\/v2\/posts"}],"about":[{"href":"https:\/\/www.europesays.com\/fr\/wp-json\/wp\/v2\/types\/post"}],"author":[{"embeddable":true,"href":"https:\/\/www.europesays.com\/fr\/wp-json\/wp\/v2\/users\/2"}],"replies":[{"embeddable":true,"href":"https:\/\/www.europesays.com\/fr\/wp-json\/wp\/v2\/comments?post=649824"}],"version-history":[{"count":0,"href":"https:\/\/www.europesays.com\/fr\/wp-json\/wp\/v2\/posts\/649824\/revisions"}],"wp:featuredmedia":[{"embeddable":true,"href":"https:\/\/www.europesays.com\/fr\/wp-json\/wp\/v2\/media\/649825"}],"wp:attachment":[{"href":"https:\/\/www.europesays.com\/fr\/wp-json\/wp\/v2\/media?parent=649824"}],"wp:term":[{"taxonomy":"category","embeddable":true,"href":"https:\/\/www.europesays.com\/fr\/wp-json\/wp\/v2\/categories?post=649824"},{"taxonomy":"post_tag","embeddable":true,"href":"https:\/\/www.europesays.com\/fr\/wp-json\/wp\/v2\/tags?post=649824"}],"curies":[{"name":"wp","href":"https:\/\/api.w.org\/{rel}","templated":true}]}}