{"id":649826,"date":"2026-01-08T17:16:12","date_gmt":"2026-01-08T17:16:12","guid":{"rendered":"https:\/\/www.europesays.com\/fr\/649826\/"},"modified":"2026-01-08T17:16:12","modified_gmt":"2026-01-08T17:16:12","slug":"des-magritte-aux-rene-nouvelle-fissure-dans-lhegemonie-culturelle-de-gauche","status":"publish","type":"post","link":"https:\/\/www.europesays.com\/fr\/649826\/","title":{"rendered":"Des Magritte aux Ren\u00e9 : nouvelle fissure dans l\u2019h\u00e9g\u00e9monie culturelle de gauche"},"content":{"rendered":"<p>Le 7 mars prochain auront lieu en Belgique les Ren\u00e9 du Cin\u00e9ma. Vous ne connaissez pas\u00a0? C\u2019est normal, l\u2019ann\u00e9e derni\u00e8re ils s\u2019appelaient encore <a href=\"https:\/\/www.academieandredelvaux.be\/magritte.php?lang=fr\" target=\"_blank\" rel=\"noopener\">Magritte du Cin\u00e9ma<\/a> mais apr\u00e8s quatorze ann\u00e9es, la fondation Ren\u00e9 Magritte a mis fin \u00e0 sa collaboration avec l\u2019Acad\u00e9mie Andr\u00e9 Delvaux. Pourquoi\u00a0? \u00ab\u00a0de graves d\u00e9rives de la c\u00e9r\u00e9monie \u00bb, et \u00ab\u00a0particuli\u00e8rement l\u2019an dernier\u00a0\u00bb, explique la fondation Magritte dans son communiqu\u00e9 de presse.<\/p>\n<p><strong>Le grand remplacement de la culture par l&rsquo;id\u00e9ologie<\/strong><\/p>\n<p>La fondation Ren\u00e9 Magritte ne peut pas \u00eatre plus claire, et son communiqu\u00e9 de presse plus net : les Magritte du cin\u00e9ma devront changer de nom, le pr\u00e9sident de la fondation Ren\u00e9 Magritte, qui est aussi l\u2019ayant-droit de l\u2019artiste surr\u00e9aliste, Charly Herscovici, a communiqu\u00e9 sa d\u00e9cision de mettre fin \u00e0 quatorze ans de partenariat. Pourtant, \u00ab lorsque l\u2019Acad\u00e9mie Andr\u00e9 Delvaux a pris l\u2019initiative de cr\u00e9er une c\u00e9r\u00e9monie annuelle pour c\u00e9l\u00e9brer le cin\u00e9ma belge, Charly Herscovici et la Fondation Magritte\u00a0s\u2019en sont r\u00e9jouis et ils s\u2019y sont imm\u00e9diatement associ\u00e9s en permettant \u00e0 l\u2019Acad\u00e9mie de d\u00e9nommer ses prix du nom de Ren\u00e9 Magritte. \u00bb Il faut dire qu\u2019\u00e0 l\u2019\u00e9poque de sa cr\u00e9ation, en f\u00e9vrier 2011, la c\u00e9r\u00e9monie \u00e9tait encore un \u00e9v\u00e8nement visant \u00e0 mettre en avant le cin\u00e9ma belge et n\u2019\u00e9tait pas encore devenu la tribune id\u00e9ologique et politique qu\u2019elle est aujourd\u2019hui. C\u2019est ce qu\u2019explique sans ambages le communiqu\u00e9 de presse de la fondation : \u00ab ces trois derni\u00e8res ann\u00e9es, il a fallu constater de graves d\u00e9rives de la c\u00e9r\u00e9monie, particuli\u00e8rement l\u2019an dernier o\u00f9 la sc\u00e8ne cens\u00e9e c\u00e9l\u00e9brer le meilleur du cin\u00e9ma belge francophone s\u2019est transform\u00e9e en une tribune de meeting politique, rejetant la c\u00e9l\u00e9bration du cin\u00e9ma dans l\u2019ombre. \u00bb Comment imaginer que les Magritte pouvaient \u00e9chapper au grand remplacement de la culture par l\u2019id\u00e9ologie ?<\/p>\n<p><strong>\u00ab Une tribune de meeting politique \u00bb<\/strong><\/p>\n<p>L\u2019ann\u00e9e derni\u00e8re, le 22 f\u00e9vrier 2025, Charline Vanhoenacker officiait en tant que ma\u00eetresse de c\u00e9r\u00e9monie. Est-il n\u00e9cessaire <a href=\"https:\/\/www.bvoltaire.fr\/charline-vanhoenacker-accuse-lextreme-droite-de-delit-dexpression\/\" target=\"_blank\" rel=\"noopener\">d\u2019en dire plus<\/a> ? Comme d\u2019aucuns pouvaient s\u2019en douter, c\u2019\u00e9tait \u00ab une c\u00e9r\u00e9monie \u00e0 laquelle elle a, d\u00e8s le d\u00e9part, insuffl\u00e9 une dimension politique \u00bb rapportait le m\u00e9dia belge <a href=\"https:\/\/www.lesoir.be\/657261\/article\/2025-02-22\/le-discours-douverture-de-charline-vanhoenacker-la-ceremonie-des-magritte-du\" target=\"_blank\" rel=\"noopener\">Le Soir<\/a>. \u00c9videmment, et puisqu\u2019il s\u2019agit de son fonds de commerce, la journaliste du service public fran\u00e7ais s\u2019est appliqu\u00e9e \u00e0 essayer de faire rire la salle en fustigeant Donald Trump et l\u2019extr\u00eame-droite. \u00ab Au cin\u00e9ma, faire peur, \u00e7a s\u2019appelle un film d\u2019horreur. En politique, faire peur, \u00e7a s\u2019appelle le programme de \u00ab\u00a0l\u2019extr\u00eame droite\u00a0\u00bb \u00bb. Rires. Ou pas. Ce n\u2019est pas faute pourtant de s\u2019\u00eatre donn\u00e9e du mal, jouant avec une casquette MAGA qu\u2019elle consid\u00e8re comme \u00ab la plus d\u00e9gueulasse de la terre \u00bb, \u00e0 laquelle elle substitue une casquette bleue, couleur des Magritte, et proposant de \u00ab retourner la force de l\u2019adversaire \u00bb : \u00ab Magritte du Cin\u00e9ma Great Again \u00bb. Hilarant. <a href=\"https:\/\/www.youtube.com\/watch?v=MYzh8Yme6Qs\" target=\"_blank\" rel=\"noopener\">Ou pas<\/a>. D\u2019ailleurs le <a href=\"https:\/\/www.lejdd.fr\/Societe\/magritte-du-cinema-la-laborieuse-charge-de-charline-vanhoenacker-contre-trump-et-lextreme-droite-sidere-les-internautes-155310\" target=\"_blank\" rel=\"noopener\">JDD<\/a> en avait fait un papier tant \u00ab la laborieuse charge de Charline Vanhoenacker contre Trump et \u00ab l\u2019extr\u00eame droite \u00bb [avait] sid\u00e9r[\u00e9] les internautes \u00bb.<\/p>\n<p>George-Louis Bouchez, pr\u00e9sident du Mouvement R\u00e9formateur, un parti politique conservateur belge, en avait lui aussi pris pour son grade : il avait eu l\u2019outrecuidance d\u2019\u00e9voquer la suppression du minist\u00e8re de la Culture. Charline Vanhoenacker ne pouvait \u00e9videmment pas ne pas tenter une vanne sur une proposition \u00e9manent de la droite belge : \u00ab La Belgique a-t-elle vraiment besoin d\u2019une ministre de la Culture ? La Belgique a-t-elle vraiment besoin d\u2019un Georges-Louis Bouchez ? \u00bb <a href=\"https:\/\/www.7sur7.be\/cinema\/la-fete-du-cinema-belge-se-mue-en-meeting-politique-malaise-au-sein-de-la-fondation-magritte~ad66853a\/\" target=\"_blank\" rel=\"noopener\">7sur7<\/a> rapporte qu\u2019en plus d\u2019 \u00ab une quarantaine d\u2019artistes [qui] ont \u201cinterrompu\u201d la c\u00e9r\u00e9monie pour un happening politique, d\u00e9non\u00e7ant la \u201cmont\u00e9e de l\u2019extr\u00eame droite partout dans le monde et un recul des droits humains\u201d \u00bb, les laur\u00e9ats, eux-aussi, avaient pris part au concert : critique du gouvernement Arizona qui \u00ab porte[rait] \u00e9galement le projet d\u2019une politique migratoire inhumaine \u00bb, accusation de \u00ab misanthropie \u00bb envers le pr\u00e9sident du MR, d\u00e9nonciation d\u2019un \u00ab g\u00e9nocide \u00e0 Gaza \u00bb et de \u00ab crimes de guerre isra\u00e9liens \u00bb, et appel \u00e0 \u00ab d\u00e9construire les imaginaires coloniaux, racistes, misogynes, islamophobes, homophobes et transphobes \u00bb. En bref, comme le rapportait <a href=\"https:\/\/www.7sur7.be\/cinema\/la-fete-du-cinema-belge-se-mue-en-meeting-politique-malaise-au-sein-de-la-fondation-magritte~ad66853a\/\" target=\"_blank\" rel=\"noopener\">7sur7<\/a> d\u00e8s le 26 f\u00e9vrier dernier : \u00ab La f\u00eate du cin\u00e9ma belge se mue en meeting politique : malaise au sein de la fondation Magritte \u00bb<\/p>\n<p><strong>De Magritte \u00e0 Ren\u00e9 : de l&rsquo;art \u00e0 son ombre\u00a0<\/strong><\/p>\n<p>Difficile de ne pas voir dans cette c\u00e9r\u00e9monie une tribune offerte aux artistes pour r\u00e9pandre leur bonne parole plut\u00f4t qu\u2019un \u00e9v\u00e8nement c\u00e9l\u00e9brant le cin\u00e9ma belge ! \u00ab D\u00e8s lors que les organisateurs n\u2019ont pas emp\u00each\u00e9 cette f\u00eate du cin\u00e9ma de d\u00e9raper, Charly Herscovici et la Fondation Magritte ont estim\u00e9 que le nom du grand peintre belge ne pouvait plus longtemps \u00eatre associ\u00e9 \u00e0 cette manifestation et \u00e0 son message politique \u00bb explique la fondation dans son communiqu\u00e9. Place donc aux Ren\u00e9 du cin\u00e9ma\u00a0: il parait de toute fa\u00e7on que cela fait plus peuple\u00a0et que cela met en avant \u00ab\u00a0la belgitude\u00a0\u00bb peut-on lire chez <a href=\"https:\/\/www.bfmtv.com\/people\/cinema\/en-belgique-pourquoi-les-magritte-du-cinema-sont-rebaptises-les-rene_AD-202601060669.html\" target=\"_blank\" rel=\"noopener\">BFM<\/a>. \u00a0La fondation Magritte tacle avec sarcasme le subterfuge trouv\u00e9 par l\u2019acad\u00e9mie Andr\u00e9 Delvaux\u00a0: \u00ab\u00a0cette c\u00e9r\u00e9monie n\u2019\u00e9tant plus que l\u2019ombre d\u2019elle-m\u00eame, les organisateurs ont achev\u00e9 le travail en d\u00e9nommant les prochains prix avec l\u2019ombre du peintre \u2026Et si l\u2019acad\u00e9mie a choisi de signifier maladroitement une continuit\u00e9 de cette c\u00e9r\u00e9monie en la nommant d\u00e9sormais du pr\u00e9nom du peintre, il est important pour la Fondation Magritte de signaler qu\u2019elle n\u2019y est nullement associ\u00e9e.\u00a0\u00bb<\/p>\n<p>Le meeting politique en lieu et place de c\u00e9r\u00e9monie cin\u00e9matographique ne s\u00e9duit pas tellement le public : les audiences n&rsquo;en finissent pas de diminuer rapportait <a href=\"https:\/\/www.20minutes.fr\/arts-stars\/television\/4140590-20250225-magritte-cesar-belges-font-enorme-flop-audience-malgre-presentation-charline-vanhoenacker\" target=\"_blank\" rel=\"noopener\">20minutes<\/a>. Se refaire une sant\u00e9 en changeant de nom ? \u00ab Si elle veut retrouver sa vocation, l\u2019Acad\u00e9mie devrait certainement retrouver son bon sens \u00bb analyse la fondation Magritte. Ce serait peut-\u00eatre aussi le meilleur moyen de retrouver ses spectateurs.<\/p>\n<p>                    <a href=\"#\" rel=\"nofollow\" onclick=\"window.print(); pfTrackEvent('Des Magritte aux Ren\u00e9 : nouvelle fissure dans l\u2019h\u00e9g\u00e9monie culturelle de gauche'); return false;\" title=\"Printer Friendly, PDF &amp; Email\"><br \/>\n                    <img decoding=\"async\" src=\"https:\/\/www.europesays.com\/fr\/wp-content\/uploads\/2025\/04\/printfriendly-icon-sm.png\" alt=\"Print Friendly, PDF &amp; Email\" class=\"pf-button-img\" style=\"width: 17px;height: 17px;\"\/>Imprimer, enregistrer en PDF cet article<br \/>\n                    <\/a><\/p>\n","protected":false},"excerpt":{"rendered":"Le 7 mars prochain auront lieu en Belgique les Ren\u00e9 du Cin\u00e9ma. Vous ne connaissez pas\u00a0? C\u2019est normal,&hellip;\n","protected":false},"author":2,"featured_media":649827,"comment_status":"","ping_status":"","sticky":false,"template":"","format":"standard","meta":{"footnotes":""},"categories":[1358],"tags":[1348,1384,1385,1386,58,59,1011,27],"class_list":{"0":"post-649826","1":"post","2":"type-post","3":"status-publish","4":"format-standard","5":"has-post-thumbnail","7":"category-arts-et-design","8":"tag-arts","9":"tag-arts-and-design","10":"tag-arts-et-design","11":"tag-design","12":"tag-divertissement","13":"tag-entertainment","14":"tag-fr","15":"tag-france"},"share_on_mastodon":{"url":"https:\/\/pubeurope.com\/@fr\/115860614856578869","error":""},"_links":{"self":[{"href":"https:\/\/www.europesays.com\/fr\/wp-json\/wp\/v2\/posts\/649826","targetHints":{"allow":["GET"]}}],"collection":[{"href":"https:\/\/www.europesays.com\/fr\/wp-json\/wp\/v2\/posts"}],"about":[{"href":"https:\/\/www.europesays.com\/fr\/wp-json\/wp\/v2\/types\/post"}],"author":[{"embeddable":true,"href":"https:\/\/www.europesays.com\/fr\/wp-json\/wp\/v2\/users\/2"}],"replies":[{"embeddable":true,"href":"https:\/\/www.europesays.com\/fr\/wp-json\/wp\/v2\/comments?post=649826"}],"version-history":[{"count":0,"href":"https:\/\/www.europesays.com\/fr\/wp-json\/wp\/v2\/posts\/649826\/revisions"}],"wp:featuredmedia":[{"embeddable":true,"href":"https:\/\/www.europesays.com\/fr\/wp-json\/wp\/v2\/media\/649827"}],"wp:attachment":[{"href":"https:\/\/www.europesays.com\/fr\/wp-json\/wp\/v2\/media?parent=649826"}],"wp:term":[{"taxonomy":"category","embeddable":true,"href":"https:\/\/www.europesays.com\/fr\/wp-json\/wp\/v2\/categories?post=649826"},{"taxonomy":"post_tag","embeddable":true,"href":"https:\/\/www.europesays.com\/fr\/wp-json\/wp\/v2\/tags?post=649826"}],"curies":[{"name":"wp","href":"https:\/\/api.w.org\/{rel}","templated":true}]}}