{"id":649830,"date":"2026-01-08T17:19:10","date_gmt":"2026-01-08T17:19:10","guid":{"rendered":"https:\/\/www.europesays.com\/fr\/649830\/"},"modified":"2026-01-08T17:19:10","modified_gmt":"2026-01-08T17:19:10","slug":"un-concert-en-hommage-a-werenoi-prevu-a-paris-en-mars","status":"publish","type":"post","link":"https:\/\/www.europesays.com\/fr\/649830\/","title":{"rendered":"Un concert en hommage \u00e0 Werenoi pr\u00e9vu \u00e0 Paris en mars"},"content":{"rendered":"<p>Le 25 mars prochain, plusieurs grands noms du rap fran\u00e7ais se r\u00e9uniront lors d&rsquo;un show in\u00e9dit \u00e0 l&rsquo;Accor Arena de Paris pour rendre hommage \u00e0 l&rsquo;artiste de 31 ans disparu en mai dernier.<\/p>\n<p>Sept mois apr\u00e8s <a href=\"https:\/\/www.bfmtv.com\/people\/le-rappeur-werenoi-est-mort-a-l-age-de-31-ans_AN-202505170207.html\" title=\"Le rappeur Werenoi est mort \u00e0 l&#039;\u00e2ge de 31 ans apr\u00e8s une d\u00e9faillance cardiaque\" class=\"internal_link\" target=\"_blank\" rel=\"noopener\">la disparition tragique<\/a> du rappeur Werenoi, \u00e0 l&rsquo;\u00e2ge de 31 ans, plusieurs artistes vont lui rendre hommage lors d&rsquo;un concert in\u00e9dit pr\u00e9vu \u00e0 l&rsquo;Accor Arena de Paris, le 25 mars prochain.<\/p>\n<blockquote class=\"embed embed_quote\"><p>\u00ab\u00a0Le rap fran\u00e7ais se r\u00e9unira le 25 mars prochain \u00e0 l&rsquo;Accor Arena pour un concert en hommage \u00e0 Werenoi pour c\u00e9l\u00e9brer l\u2019artiste et sa carri\u00e8re\u00a0\u00bb, \u00e9crit la salle parisienne sur ses r\u00e9seaux sociaux.<\/p><\/blockquote>\n<p>Si l&rsquo;on ignore encore le nom des artistes qui composeront la programmation de ce show, l&rsquo;Accor Arena promet <a href=\"https:\/\/www.accorarena.com\/fr\/programmation\/werenoi-le-concert-hommage--cfa41\" target=\"_blank\" class=\"external_link\" rel=\"noopener\">sur son site<\/a> la pr\u00e9sence de \u00ab\u00a0grandes figures du rap fran\u00e7ais\u00a0\u00bb.<\/p>\n<p>La salle de concert pr\u00e9cise \u00e9galement que les premi\u00e8res images d&rsquo;un documentaire consacr\u00e9 \u00e0 Werenoi seront diffus\u00e9es en exclusivit\u00e9 lors de cette soir\u00e9e. La pr\u00e9vente pour ce concert est d&rsquo;ores et d\u00e9j\u00e0 disponible avant une mise en vente g\u00e9n\u00e9rale vendredi 9 janvier \u00e0 10 heures.<\/p>\n<p>Rassemblement pour son anniversaire<\/p>\n<p>De son vrai nom J\u00e9r\u00e9my Bana Owona, Werenoi est mort le 17 mai dernier apr\u00e8s avoir succomb\u00e9 \u00e0 une d\u00e9faillance cardiaque. Il a \u00e9t\u00e9<a href=\"https:\/\/www.bfmtv.com\/people\/musique\/pas-de-telephone-pas-d-appareil-photo-pas-de-camera-le-rappeur-werenoi-inhume-dans-son-quartier-de-montreuil_AD-202505200614.html\" title=\"&quot;Pas de t\u00e9l\u00e9phone, pas d&#039;appareil photo, pas de cam\u00e9ra&quot;: le rappeur Werenoi inhum\u00e9 dans son quartier de Montreuil\" class=\"internal_link\" target=\"_blank\" rel=\"noopener\"> inhum\u00e9 trois jours plus tard <\/a>dans son quartier de Montreuil.<\/p>\n<p>Le rappeur <strong><a href=\"https:\/\/www.bfmtv.com\/people\/musique\/werenoi-dadju-joe-dwet-file-defile-d-invites-concert-de-burna-boy-au-au-stade-de-france_AV-202504190167.html\" title=\"Werenoi, Dadju, Jo\u00e9 Dw\u00e8t Fil\u00e9... D\u00e9fil\u00e9 d&#039;invit\u00e9s au concert de Burna Boy au Stade de France\" class=\"internal_link\" target=\"_blank\" rel=\"noopener\">tr\u00e8s populaire<\/a> <\/strong>et myst\u00e9rieux \u00e9tait l&rsquo;artiste qui avait vendu le <strong><a href=\"https:\/\/www.bfmtv.com\/people\/musique\/comment-werenoi-est-devenu-une-figure-du-rap-francais-en-cultivant-le-mystere_AN-202504110308.html\" title=\"Comment Werenoi est devenu une figure du rap fran\u00e7ais en cultivant le myst\u00e8re\" class=\"internal_link\" target=\"_blank\" rel=\"noopener\">plus d\u2019albums en France<\/a><\/strong> en 2023 et en 2024. Quelques jours avant sa mort, il avait \u00e9galement \u00e9t\u00e9 r\u00e9compens\u00e9 du prix de l&rsquo;album de l&rsquo;ann\u00e9e <strong><a href=\"https:\/\/www.bfmtv.com\/people\/musique\/les-flammes-2025-tiakola-star-de-la-soiree-shay-sacree-artiste-feminine-decouvrez-le-palmares_AN-202505130935.html\" title=\"Les Flammes 2025: Tiakola star de la soir\u00e9e, Shay sacr\u00e9e artiste f\u00e9minine... D\u00e9couvrez le palmar\u00e8s\" class=\"internal_link\" target=\"_blank\" rel=\"noopener\">lors des Flammes<\/a><\/strong>, c\u00e9r\u00e9monie \u00e0 laquelle il n&rsquo;avait pas pu assister. Il \u00e9tait cependant apparu, dans un message vid\u00e9o, portant une attelle autour du bras.<\/p>\n<p>Apr\u00e8s la mort de Werenoi, son dernier album, Diamant noir, \u00e9tait pass\u00e9 en t\u00eate des ventes d&rsquo;album. Deux autres de ses albums, Pyramide 2 et Carr\u00e9, figuraient \u00e9galement dans le top 10 des meilleures ventes.<\/p>\n<p>En attendant ce concert \u00e0 l&rsquo;Accor Arena, le label de Werenoi, PLR Music, a appel\u00e9 \u00e0 se rassembler le 30 janvier 2026, date de l&rsquo;anniversaire du rappeur, pour lui rendre hommage.<\/p>\n","protected":false},"excerpt":{"rendered":"Le 25 mars prochain, plusieurs grands noms du rap fran\u00e7ais se r\u00e9uniront lors d&rsquo;un show in\u00e9dit \u00e0 l&rsquo;Accor&hellip;\n","protected":false},"author":2,"featured_media":106993,"comment_status":"","ping_status":"","sticky":false,"template":"","format":"standard","meta":{"footnotes":""},"categories":[1355],"tags":[58,59,1011,27,1361,873],"class_list":{"0":"post-649830","1":"post","2":"type-post","3":"status-publish","4":"format-standard","5":"has-post-thumbnail","7":"category-musique","8":"tag-divertissement","9":"tag-entertainment","10":"tag-fr","11":"tag-france","12":"tag-music","13":"tag-musique"},"share_on_mastodon":{"url":"https:\/\/pubeurope.com\/@fr\/115860626700548635","error":""},"_links":{"self":[{"href":"https:\/\/www.europesays.com\/fr\/wp-json\/wp\/v2\/posts\/649830","targetHints":{"allow":["GET"]}}],"collection":[{"href":"https:\/\/www.europesays.com\/fr\/wp-json\/wp\/v2\/posts"}],"about":[{"href":"https:\/\/www.europesays.com\/fr\/wp-json\/wp\/v2\/types\/post"}],"author":[{"embeddable":true,"href":"https:\/\/www.europesays.com\/fr\/wp-json\/wp\/v2\/users\/2"}],"replies":[{"embeddable":true,"href":"https:\/\/www.europesays.com\/fr\/wp-json\/wp\/v2\/comments?post=649830"}],"version-history":[{"count":0,"href":"https:\/\/www.europesays.com\/fr\/wp-json\/wp\/v2\/posts\/649830\/revisions"}],"wp:featuredmedia":[{"embeddable":true,"href":"https:\/\/www.europesays.com\/fr\/wp-json\/wp\/v2\/media\/106993"}],"wp:attachment":[{"href":"https:\/\/www.europesays.com\/fr\/wp-json\/wp\/v2\/media?parent=649830"}],"wp:term":[{"taxonomy":"category","embeddable":true,"href":"https:\/\/www.europesays.com\/fr\/wp-json\/wp\/v2\/categories?post=649830"},{"taxonomy":"post_tag","embeddable":true,"href":"https:\/\/www.europesays.com\/fr\/wp-json\/wp\/v2\/tags?post=649830"}],"curies":[{"name":"wp","href":"https:\/\/api.w.org\/{rel}","templated":true}]}}