{"id":649843,"date":"2026-01-08T17:26:13","date_gmt":"2026-01-08T17:26:13","guid":{"rendered":"https:\/\/www.europesays.com\/fr\/649843\/"},"modified":"2026-01-08T17:26:13","modified_gmt":"2026-01-08T17:26:13","slug":"leon-xiv-souligne-la-responsabilite-des-cardinaux-au-service-du-successeur-de-pierre","status":"publish","type":"post","link":"https:\/\/www.europesays.com\/fr\/649843\/","title":{"rendered":"L\u00e9on XIV souligne la responsabilit\u00e9 des cardinaux au service du Successeur de Pierre"},"content":{"rendered":"<p>Au d\u00e9but de la deuxi\u00e8me journ\u00e9e du consistoire ce jeudi 8 janvier, le Pape L\u00e9on XIV a pr\u00e9sid\u00e9 dans la basilique Saint-Pierre de Rome une messe avec les cardinaux qui participent aux travaux. Apr\u00e8s avoir centr\u00e9 son introduction hier apr\u00e8s-midi sur l\u2019\u00e9coute r\u00e9ciproque, il a soulign\u00e9 ce matin l\u2019importante responsabilit\u00e9 du Coll\u00e8ge cardinalice dans le soutien au minist\u00e8re p\u00e9trinien.<\/p>\n<p><b>Jean-Charles Putzolu \u2013 Cit\u00e9 du Vatican<\/b><\/p>\n<p>Un moment de gr\u00e2ce, c\u2019est ainsi que L\u00e9on XIV a pr\u00e9sent\u00e9 le premier consistoire extraordinaire de son pontificat, d\u00e9but\u00e9 mercredi apr\u00e8s-midi en salle du Synode au Vatican, et qui continuait ce jeudi matin par une messe c\u00e9l\u00e9br\u00e9e avec 155 cardinaux dans la basilique Saint-Pierre, en ouverture de la deuxi\u00e8me journ\u00e9e d\u2019\u00e9change.<\/p>\n<p>Deux jours consacr\u00e9s \u00e0 l\u2019\u00e9coute, \u00e0 la pri\u00e8re et \u00e0 la r\u00e9flexion, repr\u00e9sentant une coupure n\u00e9cessaire et importante dans \u00abla soci\u00e9t\u00e9 fr\u00e9n\u00e9tique qui nous entoure\u00bb, a expliqu\u00e9 le Pape, afin de \u00abne pas avancer \u00e0 l\u2019aveuglette\u00bb et d\u2019\u00e9viter de \u00abfaire du vent inutilement\u00bb. La responsabilit\u00e9 des cardinaux est \u00abgrave et lourde\u00bb, a-t-il affirm\u00e9.<\/p>\n<p><b>D\u00e9fendre les int\u00e9r\u00eats de tous<\/b> <\/p>\n<p>Appel\u00e9s \u00e0 aider le Souverain pontife dans son minist\u00e8re, ils ne sont pas l\u00e0 pour d\u00e9fendre un \u00abagenda personnel ou de groupe\u00bb, mais bien au contraire, au regard des \u00abdiversit\u00e9 des \u00e2ges et des origines\u00bb, le r\u00f4le de chacun est de contribuer au bien de tous, de nourrir l\u2019esp\u00e9rance et de se faire \u00abla voix, \u00e0 travers le partage, de ceux que Dieu a confi\u00e9s \u00e0 notre sollicitude de pasteurs\u00bb.<\/p>\n<p>Ainsi, l\u2019apport de chacun permet \u00e0 \u00abchaque membre\u00bb du \u00abCorps mystique du Christ\u00bb de coop\u00e9rer \u00abde mani\u00e8re ordonn\u00e9e\u00bb. \u00abEnsemble\u00bb, a soutenu L\u00e9on XIV dans son hom\u00e9lie, \u00abnous ne parviendrons pas toujours \u00e0 trouver des solutions imm\u00e9diates aux probl\u00e8mes auxquels nous sommes confront\u00e9s. Mais toujours, en tout lieu et en toute circonstance, nous pourrons nous aider mutuellement \u2013et en particulier aider le Pape\u2013 \u00e0 trouver \u201ccinq pains et deux poissons\u201d\u00bb pour \u00abune humanit\u00e9 affam\u00e9e de bien et de paix, dans un monde o\u00f9 la sati\u00e9t\u00e9 et la faim, l\u2019abondance et la mis\u00e8re, la lutte pour la survie et le vide existentiel d\u00e9sesp\u00e9r\u00e9 continuent de diviser et de blesser les personnes, les nations et les communaut\u00e9s\u00bb.<\/p>\n<p><b>Poursuite des travaux<\/b> <\/p>\n<p>Apr\u00e8s la messe, les cardinaux se retrouveront \u00e0 nouveau dans la salle du Synode, o\u00f9 des tables ont \u00e9t\u00e9 dispos\u00e9es sur le m\u00eame mod\u00e8le observ\u00e9 pendant le synode sur la synodalit\u00e9. Et ce n\u2019est pas un hasard, puisque mercredi soir, dans son allocution introductive, L\u00e9on XIV avait indiqu\u00e9 que les sessions de travail refl\u00e8teraient la m\u00e9thode apprise lors des deux assembl\u00e9es du Synode des \u00e9v\u00eaques en 2023 et 2024, sous la conduite du Pape Fran\u00e7ois.<\/p>\n<p>Les cardinaux, au nombre de 170, sur les 245 qui composent le Sacr\u00e9 coll\u00e8ge, sont r\u00e9partis en 21 groupes de travail, 9 ont \u00e9t\u00e9 d\u00e9sign\u00e9s rapporteurs des \u00e9changes, ne sont pas une \u00ab\u00e9quipe d\u2019experts\u00bb, a rappel\u00e9 le Saint-P\u00e8re au cours de la messe, \u00abmais une communaut\u00e9 de foi, dans laquelle les dons que chacun apporte, offerts au Seigneur et rendus par Lui, produisent, selon sa Providence, le plus grand fruit\u00bb. Ce consistoire, v\u00e9cu comme une pause de pri\u00e8re et d\u2019\u00e9coute, est aussi \u00abun grand acte d\u2019amour envers Dieu, envers l\u2019\u00c9glise, envers les hommes et les femmes du monde entier\u00bb.<\/p>\n<p>     <a href=\"https:\/\/www.vaticannews.va\/fr\/pape\/news\/2026-01\/le-pape-leon-xiv-ouvre-le-consistoire-ecoute-synodalite.html\" title=\"\u00c0 l&#039;\u00e9coute, L\u00e9on XIV a ouvert le consistoire, proposant aux cardinaux de travailler ensemble\" target=\"_blank\" rel=\"noopener\"><\/p>\n<p>        <img decoding=\"async\" src=\"data:image\/gif;base64,R0lGODlhAQABAIAAAAAAAP\/\/\/yH5BAEAAAAALAAAAAABAAEAAAIBRAA7\" data-original=\"https:\/\/www.vaticannews.va\/content\/dam\/vaticannews\/agenzie\/images\/srv\/2026\/01\/07\/2026-01-07-concistoro-straordinario\/1767806801447.JPG\/_jcr_content\/renditions\/cq5dam.thumbnail.cropped.500.281.jpeg\" alt=\"\u00c0 l'\u00e9coute, L\u00e9on XIV a ouvert le consistoire, proposant aux cardinaux de travailler ensemble\"\/><\/p>\n<p>      <\/a><\/p>\n<p>\n      Le Pape a donn\u00e9 le coup d&rsquo;envoi des travaux du consistoire extraordinaire, le 7 janvier, au Vatican. Dans un discours aux membres du Coll\u00e8ge cardinalice, L\u00e9on XIV se dit \u00e0 &#8230;\n     <\/p>\n<\/p>\n<p>\n    Messe pr\u00e9sid\u00e9e par le Pape L\u00e9on XIV avec les cardinaux participant au consistoire extraordinaire\n  <\/p>\n","protected":false},"excerpt":{"rendered":"Au d\u00e9but de la deuxi\u00e8me journ\u00e9e du consistoire ce jeudi 8 janvier, le Pape L\u00e9on XIV a pr\u00e9sid\u00e9&hellip;\n","protected":false},"author":2,"featured_media":649844,"comment_status":"","ping_status":"","sticky":false,"template":"","format":"standard","meta":{"footnotes":""},"categories":[5],"tags":[11,18362,72395,1011,27,14,13600,12,20114,75344,28],"class_list":{"0":"post-649843","1":"post","2":"type-post","3":"status-publish","4":"format-standard","5":"has-post-thumbnail","7":"category-international","8":"tag-actualites","9":"tag-cardinaux","10":"tag-consistoire","11":"tag-fr","12":"tag-france","13":"tag-international","14":"tag-messe","15":"tag-news","16":"tag-pape-leon-xiv","17":"tag-synodalite","18":"tag-world"},"share_on_mastodon":{"url":"https:\/\/pubeurope.com\/@fr\/115860654286456956","error":""},"_links":{"self":[{"href":"https:\/\/www.europesays.com\/fr\/wp-json\/wp\/v2\/posts\/649843","targetHints":{"allow":["GET"]}}],"collection":[{"href":"https:\/\/www.europesays.com\/fr\/wp-json\/wp\/v2\/posts"}],"about":[{"href":"https:\/\/www.europesays.com\/fr\/wp-json\/wp\/v2\/types\/post"}],"author":[{"embeddable":true,"href":"https:\/\/www.europesays.com\/fr\/wp-json\/wp\/v2\/users\/2"}],"replies":[{"embeddable":true,"href":"https:\/\/www.europesays.com\/fr\/wp-json\/wp\/v2\/comments?post=649843"}],"version-history":[{"count":0,"href":"https:\/\/www.europesays.com\/fr\/wp-json\/wp\/v2\/posts\/649843\/revisions"}],"wp:featuredmedia":[{"embeddable":true,"href":"https:\/\/www.europesays.com\/fr\/wp-json\/wp\/v2\/media\/649844"}],"wp:attachment":[{"href":"https:\/\/www.europesays.com\/fr\/wp-json\/wp\/v2\/media?parent=649843"}],"wp:term":[{"taxonomy":"category","embeddable":true,"href":"https:\/\/www.europesays.com\/fr\/wp-json\/wp\/v2\/categories?post=649843"},{"taxonomy":"post_tag","embeddable":true,"href":"https:\/\/www.europesays.com\/fr\/wp-json\/wp\/v2\/tags?post=649843"}],"curies":[{"name":"wp","href":"https:\/\/api.w.org\/{rel}","templated":true}]}}