{"id":649849,"date":"2026-01-08T17:29:12","date_gmt":"2026-01-08T17:29:12","guid":{"rendered":"https:\/\/www.europesays.com\/fr\/649849\/"},"modified":"2026-01-08T17:29:12","modified_gmt":"2026-01-08T17:29:12","slug":"loire-le-jour-de-noel-un-chauffard-tue-un-chien-et-manque-de-renverser-un-octogenaire-au-chambon-feugerolles","status":"publish","type":"post","link":"https:\/\/www.europesays.com\/fr\/649849\/","title":{"rendered":"Loire. Le jour de No\u00ebl, un chauffard tue un chien et manque de renverser un octog\u00e9naire au Chambon-Feugerolles"},"content":{"rendered":"<p>Daniel Yvelain aurait pu ne plus \u00eatre de ce monde. \u00ab\u00a0Il aurait pr\u00e9f\u00e9r\u00e9 que \u00e7a soit lui\u00a0\u00bb, souligne sa petite-fille, tant ce Chambonnaire de 80 ans aime ses chiens. \u00ab\u00a0C\u2019est toute sa vie, il en a toujours eu\u00a0\u00bb, glisse la jeune femme. Quand Olie, York de 8 ans, est pass\u00e9e sous les roues d\u2019un chauffard il y a deux semaines, l\u2019octog\u00e9naire a \u00e9t\u00e9 traumatis\u00e9.<\/p>\n<p>\u00ab\u00a0C\u2019est compliqu\u00e9. On est l\u00e0 pour lui,&#8230;<\/p>\n","protected":false},"excerpt":{"rendered":"Daniel Yvelain aurait pu ne plus \u00eatre de ce monde. \u00ab\u00a0Il aurait pr\u00e9f\u00e9r\u00e9 que \u00e7a soit lui\u00a0\u00bb, souligne&hellip;\n","protected":false},"author":2,"featured_media":649850,"comment_status":"","ping_status":"","sticky":false,"template":"","format":"standard","meta":{"footnotes":""},"categories":[9653],"tags":[119,1111,11,2430,12162,271,272,7539,1777,674,274,1011,27,12161,3367,12,25,4001],"class_list":{"0":"post-649849","1":"post","2":"type-post","3":"status-publish","4":"format-standard","5":"has-post-thumbnail","7":"category-saint-etienne","8":"tag-accident","9":"tag-actu","10":"tag-actualites","11":"tag-auvergne-rhone-alpes","12":"tag-chambon-feugerolles-ville","13":"tag-crime","14":"tag-delit-et-contravention","15":"tag-edition-loire-sud","16":"tag-eu","17":"tag-europe","18":"tag-faits-divers-justice","19":"tag-fr","20":"tag-france","21":"tag-le-chambon-feugerolles","22":"tag-loire","23":"tag-news","24":"tag-republique-francaise","25":"tag-saint-etienne"},"share_on_mastodon":{"url":"https:\/\/pubeurope.com\/@fr\/115860666093175728","error":""},"_links":{"self":[{"href":"https:\/\/www.europesays.com\/fr\/wp-json\/wp\/v2\/posts\/649849","targetHints":{"allow":["GET"]}}],"collection":[{"href":"https:\/\/www.europesays.com\/fr\/wp-json\/wp\/v2\/posts"}],"about":[{"href":"https:\/\/www.europesays.com\/fr\/wp-json\/wp\/v2\/types\/post"}],"author":[{"embeddable":true,"href":"https:\/\/www.europesays.com\/fr\/wp-json\/wp\/v2\/users\/2"}],"replies":[{"embeddable":true,"href":"https:\/\/www.europesays.com\/fr\/wp-json\/wp\/v2\/comments?post=649849"}],"version-history":[{"count":0,"href":"https:\/\/www.europesays.com\/fr\/wp-json\/wp\/v2\/posts\/649849\/revisions"}],"wp:featuredmedia":[{"embeddable":true,"href":"https:\/\/www.europesays.com\/fr\/wp-json\/wp\/v2\/media\/649850"}],"wp:attachment":[{"href":"https:\/\/www.europesays.com\/fr\/wp-json\/wp\/v2\/media?parent=649849"}],"wp:term":[{"taxonomy":"category","embeddable":true,"href":"https:\/\/www.europesays.com\/fr\/wp-json\/wp\/v2\/categories?post=649849"},{"taxonomy":"post_tag","embeddable":true,"href":"https:\/\/www.europesays.com\/fr\/wp-json\/wp\/v2\/tags?post=649849"}],"curies":[{"name":"wp","href":"https:\/\/api.w.org\/{rel}","templated":true}]}}