{"id":649851,"date":"2026-01-08T17:30:15","date_gmt":"2026-01-08T17:30:15","guid":{"rendered":"https:\/\/www.europesays.com\/fr\/649851\/"},"modified":"2026-01-08T17:30:15","modified_gmt":"2026-01-08T17:30:15","slug":"vols-a-larrache-visant-des-personnes-agees-trois-interpellations-autour-de-saint-etienne","status":"publish","type":"post","link":"https:\/\/www.europesays.com\/fr\/649851\/","title":{"rendered":"Vols \u00e0 l\u2019arrach\u00e9 visant des personnes \u00e2g\u00e9es : trois interpellations autour de Saint-\u00c9tienne"},"content":{"rendered":"<p>Trois personnes ont \u00e9t\u00e9 interpell\u00e9es apr\u00e8s une s\u00e9rie de vols \u00e0 l\u2019arrach\u00e9 commis \u00e0 l\u2019\u00e9t\u00e9 2025 contre des personnes \u00e2g\u00e9es dans le secteur de Saint-\u00c9tienne et de la vall\u00e9e du Gier.<\/p>\n<p>Entre fin ao\u00fbt et d\u00e9but septembre 2025, plusieurs vols \u00e0 l\u2019arrach\u00e9 avec violence ont vis\u00e9 des personnes \u00e2g\u00e9es dans l\u2019agglom\u00e9ration st\u00e9phanoise et la vall\u00e9e du Gier. Une dizaine de victimes ont \u00e9t\u00e9 recens\u00e9es dans des communes comme Rive-de-Gier, Lorette, Villars, Saint-Paul-en-Jarez ou encore Andr\u00e9zieux-Bouth\u00e9on.<\/p>\n<p>Les auteurs ciblaient des personnes vuln\u00e9rables lors de leurs d\u00e9placements quotidiens. Leur mode op\u00e9ratoire \u00e9tait toujours le m\u00eame : rep\u00e9rage des victimes, approche \u00e0 pied ou en voiture, arrachage de bijoux, principalement des colliers, puis fuite rapide.<\/p>\n<p>Une enqu\u00eate men\u00e9e par les gendarmes de Saint-Paul-en-Jarez et la brigade de recherches de Saint-\u00c9tienne a permis de relier les faits entre eux. Les investigations se sont appuy\u00e9es sur la vid\u00e9oprotection, des recoupements techniques et le travail de terrain.<\/p>\n<p>En novembre 2025, une op\u00e9ration judiciaire a conduit \u00e0 l\u2019interpellation de trois suspects et \u00e0 plusieurs perquisitions. Pr\u00e8s de 1 000 euros en esp\u00e8ces, quelques grammes de cannabis et le v\u00e9hicule utilis\u00e9 pour les vols ont \u00e9t\u00e9 saisis.<\/p>\n<p>Pr\u00e9sent\u00e9s devant le tribunal judiciaire de Saint-\u00c9tienne le 7 janvier, les mis en cause ont \u00e9t\u00e9 condamn\u00e9s \u00e0 des peines pouvant aller jusqu\u2019\u00e0 18 mois de prison, avec la r\u00e9vocation d\u2019un sursis pour l\u2019auteur principal, n\u00e9 en 1989 et domicili\u00e9 \u00e0 Saint-\u00c9tienne. Le num\u00e9raire et le v\u00e9hicule ont \u00e9galement \u00e9t\u00e9 confisqu\u00e9s.<\/p>\n<p>La pr\u00e9fecture de la Loire rappelle que la lutte contre les vols avec violence, notamment les vols \u00e0 l\u2019arrach\u00e9, reste une priorit\u00e9 du plan d\u00e9partemental de restauration de la s\u00e9curit\u00e9 du quotidien.<\/p>\n","protected":false},"excerpt":{"rendered":"Trois personnes ont \u00e9t\u00e9 interpell\u00e9es apr\u00e8s une s\u00e9rie de vols \u00e0 l\u2019arrach\u00e9 commis \u00e0 l\u2019\u00e9t\u00e9 2025 contre des&hellip;\n","protected":false},"author":2,"featured_media":649852,"comment_status":"","ping_status":"","sticky":false,"template":"","format":"standard","meta":{"footnotes":""},"categories":[9653],"tags":[1111,11,2430,1777,674,1011,27,12,25,4001],"class_list":{"0":"post-649851","1":"post","2":"type-post","3":"status-publish","4":"format-standard","5":"has-post-thumbnail","7":"category-saint-etienne","8":"tag-actu","9":"tag-actualites","10":"tag-auvergne-rhone-alpes","11":"tag-eu","12":"tag-europe","13":"tag-fr","14":"tag-france","15":"tag-news","16":"tag-republique-francaise","17":"tag-saint-etienne"},"share_on_mastodon":{"url":"https:\/\/pubeurope.com\/@fr\/115860669926071052","error":""},"_links":{"self":[{"href":"https:\/\/www.europesays.com\/fr\/wp-json\/wp\/v2\/posts\/649851","targetHints":{"allow":["GET"]}}],"collection":[{"href":"https:\/\/www.europesays.com\/fr\/wp-json\/wp\/v2\/posts"}],"about":[{"href":"https:\/\/www.europesays.com\/fr\/wp-json\/wp\/v2\/types\/post"}],"author":[{"embeddable":true,"href":"https:\/\/www.europesays.com\/fr\/wp-json\/wp\/v2\/users\/2"}],"replies":[{"embeddable":true,"href":"https:\/\/www.europesays.com\/fr\/wp-json\/wp\/v2\/comments?post=649851"}],"version-history":[{"count":0,"href":"https:\/\/www.europesays.com\/fr\/wp-json\/wp\/v2\/posts\/649851\/revisions"}],"wp:featuredmedia":[{"embeddable":true,"href":"https:\/\/www.europesays.com\/fr\/wp-json\/wp\/v2\/media\/649852"}],"wp:attachment":[{"href":"https:\/\/www.europesays.com\/fr\/wp-json\/wp\/v2\/media?parent=649851"}],"wp:term":[{"taxonomy":"category","embeddable":true,"href":"https:\/\/www.europesays.com\/fr\/wp-json\/wp\/v2\/categories?post=649851"},{"taxonomy":"post_tag","embeddable":true,"href":"https:\/\/www.europesays.com\/fr\/wp-json\/wp\/v2\/tags?post=649851"}],"curies":[{"name":"wp","href":"https:\/\/api.w.org\/{rel}","templated":true}]}}