{"id":649855,"date":"2026-01-08T17:32:21","date_gmt":"2026-01-08T17:32:21","guid":{"rendered":"https:\/\/www.europesays.com\/fr\/649855\/"},"modified":"2026-01-08T17:32:21","modified_gmt":"2026-01-08T17:32:21","slug":"mathieu-klein-presentera-ses-voeux-2026-dans-le-grand-hall-de-lhotel-de-ville","status":"publish","type":"post","link":"https:\/\/www.europesays.com\/fr\/649855\/","title":{"rendered":"Mathieu Klein pr\u00e9sentera ses v\u0153ux 2026 dans le Grand Hall de l\u2019H\u00f4tel de Ville"},"content":{"rendered":"<p>        <strong>Le maire de Nancy pr\u00e9sentera ses v\u0153ux samedi 10 janvier dans le Grand Hall de l\u2019H\u00f4tel de Ville, \u00e0 tout juste quelques mois des \u00e9lections municipales.<\/strong><\/p>\n<p>Ce samedi \u00e0 11h, Mathieu Klein, maire de Nancy et pr\u00e9sident de la M\u00e9tropole du Grand Nancy, pr\u00e9sentera ses v\u0153ux pour l\u2019ann\u00e9e 2026 dans le Grand Hall de l\u2019H\u00f4tel de Ville, aux c\u00f4t\u00e9s du conseil municipal.\u00a0<\/p>\n<p>La c\u00e9r\u00e9monie, qui rassemble habituellement plus d\u2019un millier de participants, se d\u00e9roulera cette fois dans un contexte pr\u00e9\u00e9lectoral sensible, \u00e0 moins de deux mois des municipales des 15 et 22 mars. Depuis le 1er septembre 2025, la communication des collectivit\u00e9s est strictement encadr\u00e9e afin d\u2019\u00e9viter tout message pouvant \u00eatre assimil\u00e9 \u00e0 de la propagande \u00e9lectorale, un manquement pouvant entra\u00eener des sanctions, jusqu\u2019\u00e0 l\u2019in\u00e9ligibilit\u00e9 des \u00e9lus concern\u00e9s.<\/p>\n<p>Malgr\u00e9 ces contraintes juridiques, l\u2019\u00e9v\u00e9nement demeure un temps fort institutionnel et convivial. Fid\u00e8le \u00e0 cet exercice r\u00e9publicain,\u00a0Mathieu Klein, toujours pas officiellement candidat, s\u2019y livrera pour la sixi\u00e8me fois.\u00a0L\u2019entr\u00e9e est libre et gratuite.<\/p>\n<p>Informations pratiques.\u00a0C\u00e9r\u00e9monie des V\u0153ux\u00a02026 le samedi 10 janvier 2026 \u00e0 11h \u00e0 l\u2019H\u00f4tel de Ville de Nancy (entr\u00e9e place Stanislas) pour la traditionnelle c\u00e9r\u00e9monie des v\u0153ux<\/p>\n<p>\t\t\t\t\t\t<a href=\"https:\/\/www.pinterest.com\/pin\/create\/button\/\" data-pin-do=\"buttonBookmark\" data-pin-color=\"red\" target=\"_blank\" rel=\"noopener\"><img decoding=\"async\" src=\"https:\/\/www.europesays.com\/fr\/wp-content\/uploads\/2025\/04\/pinit_fg_en_rect_red_20.png\" alt=\"Pin It\"\/><\/a><\/p>\n","protected":false},"excerpt":{"rendered":"Le maire de Nancy pr\u00e9sentera ses v\u0153ux samedi 10 janvier dans le Grand Hall de l\u2019H\u00f4tel de Ville,&hellip;\n","protected":false},"author":2,"featured_media":649856,"comment_status":"","ping_status":"","sticky":false,"template":"","format":"standard","meta":{"footnotes":""},"categories":[9635],"tags":[1111,11,1777,674,1011,27,775,1702,12,25],"class_list":{"0":"post-649855","1":"post","2":"type-post","3":"status-publish","4":"format-standard","5":"has-post-thumbnail","7":"category-nancy","8":"tag-actu","9":"tag-actualites","10":"tag-eu","11":"tag-europe","12":"tag-fr","13":"tag-france","14":"tag-grand-est","15":"tag-nancy","16":"tag-news","17":"tag-republique-francaise"},"share_on_mastodon":{"url":"https:\/\/pubeurope.com\/@fr\/115860677833485618","error":""},"_links":{"self":[{"href":"https:\/\/www.europesays.com\/fr\/wp-json\/wp\/v2\/posts\/649855","targetHints":{"allow":["GET"]}}],"collection":[{"href":"https:\/\/www.europesays.com\/fr\/wp-json\/wp\/v2\/posts"}],"about":[{"href":"https:\/\/www.europesays.com\/fr\/wp-json\/wp\/v2\/types\/post"}],"author":[{"embeddable":true,"href":"https:\/\/www.europesays.com\/fr\/wp-json\/wp\/v2\/users\/2"}],"replies":[{"embeddable":true,"href":"https:\/\/www.europesays.com\/fr\/wp-json\/wp\/v2\/comments?post=649855"}],"version-history":[{"count":0,"href":"https:\/\/www.europesays.com\/fr\/wp-json\/wp\/v2\/posts\/649855\/revisions"}],"wp:featuredmedia":[{"embeddable":true,"href":"https:\/\/www.europesays.com\/fr\/wp-json\/wp\/v2\/media\/649856"}],"wp:attachment":[{"href":"https:\/\/www.europesays.com\/fr\/wp-json\/wp\/v2\/media?parent=649855"}],"wp:term":[{"taxonomy":"category","embeddable":true,"href":"https:\/\/www.europesays.com\/fr\/wp-json\/wp\/v2\/categories?post=649855"},{"taxonomy":"post_tag","embeddable":true,"href":"https:\/\/www.europesays.com\/fr\/wp-json\/wp\/v2\/tags?post=649855"}],"curies":[{"name":"wp","href":"https:\/\/api.w.org\/{rel}","templated":true}]}}