{"id":649857,"date":"2026-01-08T17:34:12","date_gmt":"2026-01-08T17:34:12","guid":{"rendered":"https:\/\/www.europesays.com\/fr\/649857\/"},"modified":"2026-01-08T17:34:12","modified_gmt":"2026-01-08T17:34:12","slug":"une-solution-ineluctable-le-president-de-toulon-reflechit-a-la-construction-dun-nouveau-stade-mayol","status":"publish","type":"post","link":"https:\/\/www.europesays.com\/fr\/649857\/","title":{"rendered":"\u00abUne solution in\u00e9luctable\u00bb, le pr\u00e9sident de Toulon r\u00e9fl\u00e9chit \u00e0 la construction d\u2019un nouveau stade Mayol"},"content":{"rendered":"<p>\n    Le dirigeant varois a expliqu\u00e9 \u00e0 L\u2019\u00c9quipe qu\u2019il songe \u00e0 b\u00e2tir une nouvelle enceinte, l\u2019ancienne limitant les ressources de revenus du club.<\/p>\n<p class=\"fig-paragraph\">Le\u00a0<a href=\"http:\/\/www.lefigaro.fr\/sports\/rugby\/top-14\/classement-top-14-toulouse-en-pole-l-ubb-au-contact-du-podium-toulon-rate-le-coche-20260105\" data-fig-type=\"NewsFlash\" data-gtm-custom-categorie=\"navigation\" data-gtm-custom-action=\"crossclick\" data-gtm-custom-label=\"Contextuel\" data-gtm-event=\"customEventSPE\" data-fig-domain=\"LEFIGARO\" target=\"_blank\" rel=\"noopener\">Rugby Club Toulonnais<\/a>\u00a0\u00e0 l\u2019\u00e9troit dans son stade. Dans\u00a0<a href=\"https:\/\/www.lequipe.fr\/Rugby\/Article\/Pour-l-avenir-de-toulon-bernard-lemaitre-mise-sur-un-nouveau-mayol-il-faut-se-diriger-vers-la-construction-d-un-stade-c-est-ineluctable\/1632057\" target=\"_blank\" rel=\"sponsored noopener\" data-gtm-custom-categorie=\"navigation\" data-gtm-custom-action=\"crossclick\" data-gtm-custom-label=\"Contextuel\" data-gtm-event=\"customEventSPE\">un entretien accord\u00e9 au quotidien sportif L\u2019\u00c9quipe<\/a>, le pr\u00e9sident du RCT depuis f\u00e9vrier 2020,\u00a0<a href=\"http:\/\/www.lefigaro.fr\/sports\/rugby\/top-14\/bernard-lemaitre-il-vaut-mieux-avoir-les-poches-profondes-pour-gerer-le-rct-20240510\" data-fig-type=\"Article\" data-gtm-custom-categorie=\"navigation\" data-gtm-custom-action=\"crossclick\" data-gtm-custom-label=\"Contextuel\" data-gtm-event=\"customEventSPE\" data-fig-domain=\"LEFIGARO\" target=\"_blank\" rel=\"noopener\">Bernard Lema\u00eetre<\/a>, a expliqu\u00e9 qu\u2019il r\u00e9fl\u00e9chit \u00e0 la construction d\u2019un nouveau stade pour accueillir son \u00e9quipe de rugby. \u00abDes handicaps qui nous limitent dans la cr\u00e9ation de nos revenus, d\u00e9clare-t-il. En particulier tous les revenus qui peuvent se cr\u00e9er autour de l\u2019exploitation d\u2019un stade.\u00bb<\/p>\n<p class=\"fig-paragraph\">Et d\u2019ajouter\u00a0: \u00abMayol a son \u00e2ge (il date de 1920, NDLR). Il est compl\u00e8tement inadapt\u00e9 \u00e0 une exploitation moderne. Elle est limit\u00e9e \u00e0 un match tous les quinze jours puisque l\u2019on n\u2019a pas le droit d\u2019y faire autre chose que du rugby. Cela nous prive de cinq \u00e0 dix millions d\u2019euros en mati\u00e8re d\u2019hospitalit\u00e9s. Soit exactement le chiffre qui nous manque pour \u00e9quilibrer nos comptes.\u00bb<\/p>\n<p>                                            <a class=\"fig-a11y-skip\" href=\"#fig-a11y-skip-main-inarticle\" data-module=\"a11y-skip\" data-context=\"was @visible\"><br \/>\n    Passer la publicit\u00e9<br \/>\n<\/a>            <\/p>\n<p class=\"fig-paragraph\">L\u2019actuel stade Mayol \u00e9tant cit\u00e9 en plein centre-ville, il est compliqu\u00e9 de l\u2019agrandir ou de le reb\u00e2tir. \u00abIl faut donc se diriger visiblement vers la construction d\u2019un nouveau stade, un projet \u00e0 cinq ans. C\u2019est la solution la plus adapt\u00e9e, elle est in\u00e9luctable. (&#8230;) Aujourd\u2019hui, on est \u00e0 environ 16.500-17.000 places. Il faudrait pouvoir aller jusqu\u2019\u00e0 20.000. Ce serait parfait. On a d\u00e9j\u00e0 identifi\u00e9 des lieux. Une possibilit\u00e9 existe pour loger le Mayol 2, assez proche du Mayol actuel. Elle est superbe. Mais je ne veux pas vous en dire plus aujourd\u2019hui\u00bb, poursuit l\u2019homme d\u2019affaires de 87 ans, qui confie avoir d\u00e9pens\u00e9 plus de 100 millions d\u2019euros depuis qu\u2019il a repris le club au brin de muguet. \u00abIl vaut mieux avoir les poches profondes pour g\u00e9rer le RCT\u00bb, avait-il reconnu aupr\u00e8s du Figaro en mai 2024.<\/p>\n","protected":false},"excerpt":{"rendered":"Le dirigeant varois a expliqu\u00e9 \u00e0 L\u2019\u00c9quipe qu\u2019il songe \u00e0 b\u00e2tir une nouvelle enceinte, l\u2019ancienne limitant les ressources&hellip;\n","protected":false},"author":2,"featured_media":649858,"comment_status":"","ping_status":"","sticky":false,"template":"","format":"standard","meta":{"footnotes":""},"categories":[9619],"tags":[1111,11,1777,674,1011,27,12,882,3461,25,10405,2310],"class_list":{"0":"post-649857","1":"post","2":"type-post","3":"status-publish","4":"format-standard","5":"has-post-thumbnail","7":"category-toulon","8":"tag-actu","9":"tag-actualites","10":"tag-eu","11":"tag-europe","12":"tag-fr","13":"tag-france","14":"tag-news","15":"tag-provence-alpes-cote-dazur","16":"tag-rct","17":"tag-republique-francaise","18":"tag-rugby-club-toulonnais","19":"tag-toulon"},"share_on_mastodon":{"url":"https:\/\/pubeurope.com\/@fr\/115860685648020425","error":""},"_links":{"self":[{"href":"https:\/\/www.europesays.com\/fr\/wp-json\/wp\/v2\/posts\/649857","targetHints":{"allow":["GET"]}}],"collection":[{"href":"https:\/\/www.europesays.com\/fr\/wp-json\/wp\/v2\/posts"}],"about":[{"href":"https:\/\/www.europesays.com\/fr\/wp-json\/wp\/v2\/types\/post"}],"author":[{"embeddable":true,"href":"https:\/\/www.europesays.com\/fr\/wp-json\/wp\/v2\/users\/2"}],"replies":[{"embeddable":true,"href":"https:\/\/www.europesays.com\/fr\/wp-json\/wp\/v2\/comments?post=649857"}],"version-history":[{"count":0,"href":"https:\/\/www.europesays.com\/fr\/wp-json\/wp\/v2\/posts\/649857\/revisions"}],"wp:featuredmedia":[{"embeddable":true,"href":"https:\/\/www.europesays.com\/fr\/wp-json\/wp\/v2\/media\/649858"}],"wp:attachment":[{"href":"https:\/\/www.europesays.com\/fr\/wp-json\/wp\/v2\/media?parent=649857"}],"wp:term":[{"taxonomy":"category","embeddable":true,"href":"https:\/\/www.europesays.com\/fr\/wp-json\/wp\/v2\/categories?post=649857"},{"taxonomy":"post_tag","embeddable":true,"href":"https:\/\/www.europesays.com\/fr\/wp-json\/wp\/v2\/tags?post=649857"}],"curies":[{"name":"wp","href":"https:\/\/api.w.org\/{rel}","templated":true}]}}