{"id":649867,"date":"2026-01-08T17:39:12","date_gmt":"2026-01-08T17:39:12","guid":{"rendered":"https:\/\/www.europesays.com\/fr\/649867\/"},"modified":"2026-01-08T17:39:12","modified_gmt":"2026-01-08T17:39:12","slug":"metropole-de-grenoble-trois-personnes-relogees-apres-un-incendie","status":"publish","type":"post","link":"https:\/\/www.europesays.com\/fr\/649867\/","title":{"rendered":"M\u00e9tropole de Grenoble. Trois personnes relog\u00e9es apr\u00e8s un incendie\u00a0"},"content":{"rendered":"<p>Les sapeurs-pompiers sont intervenus ce jeudi vers 12\u00a0h\u00a030 pour un incendie qui venait de se d\u00e9clarer dans une cave d\u2019une trentaine de m\u00e8tres carr\u00e9s situ\u00e9e sous un b\u00e2timent d\u2019habitation d\u2019un \u00e9tage \u00e0 l\u2019adresse du 7 rue de la Gare\u00a0\u00e0 Gi\u00e8res. Le feu a commenc\u00e9 \u00e0 se propager au plancher du rez-de-chauss\u00e9e et a \u00e9t\u00e9 \u00e9teint au moyen d\u2019une lance. Trois occupants de l\u2019appartement concern\u00e9 ont d\u00fb quitter les lieux et ont \u00e9t\u00e9 relog\u00e9s chez des proches.<\/p>\n","protected":false},"excerpt":{"rendered":"Les sapeurs-pompiers sont intervenus ce jeudi vers 12\u00a0h\u00a030 pour un incendie qui venait de se d\u00e9clarer dans une&hellip;\n","protected":false},"author":2,"featured_media":541121,"comment_status":"","ping_status":"","sticky":false,"template":"","format":"standard","meta":{"footnotes":""},"categories":[9566],"tags":[1111,11,2430,112,1777,674,274,1011,27,12505,2731,1310,108,7000,12,25],"class_list":{"0":"post-649867","1":"post","2":"type-post","3":"status-publish","4":"format-standard","5":"has-post-thumbnail","7":"category-grenoble","8":"tag-actu","9":"tag-actualites","10":"tag-auvergne-rhone-alpes","11":"tag-edition-grenoble-agglomeration","12":"tag-eu","13":"tag-europe","14":"tag-faits-divers-justice","15":"tag-fr","16":"tag-france","17":"tag-gieres","18":"tag-grenoble","19":"tag-incendie","20":"tag-isere","21":"tag-lagglomeration","22":"tag-news","23":"tag-republique-francaise"},"share_on_mastodon":{"url":"https:\/\/pubeurope.com\/@fr\/115860705411391593","error":""},"_links":{"self":[{"href":"https:\/\/www.europesays.com\/fr\/wp-json\/wp\/v2\/posts\/649867","targetHints":{"allow":["GET"]}}],"collection":[{"href":"https:\/\/www.europesays.com\/fr\/wp-json\/wp\/v2\/posts"}],"about":[{"href":"https:\/\/www.europesays.com\/fr\/wp-json\/wp\/v2\/types\/post"}],"author":[{"embeddable":true,"href":"https:\/\/www.europesays.com\/fr\/wp-json\/wp\/v2\/users\/2"}],"replies":[{"embeddable":true,"href":"https:\/\/www.europesays.com\/fr\/wp-json\/wp\/v2\/comments?post=649867"}],"version-history":[{"count":0,"href":"https:\/\/www.europesays.com\/fr\/wp-json\/wp\/v2\/posts\/649867\/revisions"}],"wp:featuredmedia":[{"embeddable":true,"href":"https:\/\/www.europesays.com\/fr\/wp-json\/wp\/v2\/media\/541121"}],"wp:attachment":[{"href":"https:\/\/www.europesays.com\/fr\/wp-json\/wp\/v2\/media?parent=649867"}],"wp:term":[{"taxonomy":"category","embeddable":true,"href":"https:\/\/www.europesays.com\/fr\/wp-json\/wp\/v2\/categories?post=649867"},{"taxonomy":"post_tag","embeddable":true,"href":"https:\/\/www.europesays.com\/fr\/wp-json\/wp\/v2\/tags?post=649867"}],"curies":[{"name":"wp","href":"https:\/\/api.w.org\/{rel}","templated":true}]}}