{"id":649870,"date":"2026-01-08T17:42:10","date_gmt":"2026-01-08T17:42:10","guid":{"rendered":"https:\/\/www.europesays.com\/fr\/649870\/"},"modified":"2026-01-08T17:42:10","modified_gmt":"2026-01-08T17:42:10","slug":"notre-palmares-2026-des-villes-et-des-villages-ou-sinstaller-pres-de-rennes","status":"publish","type":"post","link":"https:\/\/www.europesays.com\/fr\/649870\/","title":{"rendered":"Notre palmar\u00e8s 2026 des villes et des villages o\u00f9 s\u2019installer pr\u00e8s de Rennes"},"content":{"rendered":"<p>\n    <strong>EXCLUSIF &#8211;<\/strong> Accessibilit\u00e9 en transports, environnement, commerces de proximit\u00e9, offre de sant\u00e9, prix immobiliers attractifs&#8230; Le Figaro a compar\u00e9 la qualit\u00e9 de vie de 120 communes proches de Rennes.<\/p>\n<p class=\"fig-paragraph\">\u00ab\u202fVivre en p\u00e9riph\u00e9rie de\u00a0<a href=\"http:\/\/www.lefigaro.fr\/voyages\/dossier\/rennes\" target=\"_blank\" data-fig-type=\"Topic\" rel=\"noopener\" data-gtm-custom-categorie=\"navigation\" data-gtm-custom-action=\"crossclick\" data-gtm-custom-label=\"Contextuel\" data-gtm-event=\"customEventSPE\" data-fig-domain=\"LEFIGARO\">Rennes<\/a> , c\u2019est profiter d\u2019espace et de calme sans renoncer aux services de la ville, c\u2019est la meilleure d\u00e9cision que nous ayons prise, nous ne regrettons pas\u00bb, assure Emilie Roux, qui travaille dans l\u2019immobilier, et qui a choisi sans h\u00e9siter de s\u2019\u00e9loigner d\u2019une quinzaine de kilom\u00e8tres de la capitale de la\u00a0<a href=\"https:\/\/www.lefigaro.fr\/voyages\/dossier\/bretagne\" target=\"_blank\" data-fig-type=\"Topic\" rel=\"sponsored noopener\" data-gtm-custom-categorie=\"navigation\" data-gtm-custom-action=\"crossclick\" data-gtm-custom-label=\"Contextuel\" data-gtm-event=\"customEventSPE\" data-fig-domain=\"LEFIGARO\">Bretagne<\/a>\u00a0pour y \u00e9lever ses\u00a0<a href=\"http:\/\/www.lefigaro.fr\/conjoncture\/je-veux-que-mon-fils-ne-parte-pas-de-zero-ces-parents-qui-commencent-a-epargner-tot-pour-leurs-enfants-20251215\" target=\"_blank\" data-fig-type=\"Article\" rel=\"noopener\" data-gtm-custom-categorie=\"navigation\" data-gtm-custom-action=\"crossclick\" data-gtm-custom-label=\"Contextuel\" data-gtm-event=\"customEventSPE\" data-fig-domain=\"LEFIGARO\">enfants<\/a>.<\/p>\n<p class=\"fig-paragraph\">Si Rennes continue d\u2019attirer gr\u00e2ce \u00e0 sa dynamique et ses opportunit\u00e9s, de plus en plus de m\u00e9nages pr\u00e9f\u00e8rent d\u00e9sormais les villes autour de la m\u00e9tropole. Qu\u2019ils choisissent Cesson-S\u00e9vign\u00e9, Pac\u00e9, Saint\u2011Gr\u00e9goire, Betton, Ch\u00e2teaugiron ou d\u2019autres villes, ces habitants recherchent un meilleur cadre de vie. Ils veulent plus d\u2019espace, de calme et de verdure, tout en conservant un bon acc\u00e8s aux transports et aux infrastructures rennaises.<\/p>\n<p class=\"fig-paragraph\">Qualit\u00e9 de l\u2019enseignement, march\u00e9 immobilier, espaces verts, pollution, s\u00e9curit\u00e9&#8230; sur la base de 40 crit\u00e8res, Le Figaro a pass\u00e9 au crible les donn\u00e9es de 120 communes de plus de 1000 habitants situ\u00e9es \u00e0 moins de 45 minutes de Rennes. Quelles communes sont les plus conseill\u00e9es ou au contraire \u00e0 \u00e9viter\u00a0? D\u00e9couvrez tous nos r\u00e9sultats.<\/p>\n<p class=\"fig-premium-paywall__infos\">\n        Cet article est r\u00e9serv\u00e9 aux abonn\u00e9s.        Il vous reste 92% \u00e0 d\u00e9couvrir.\n    <\/p>\n<p>                <img  data- alt=\"Le Figaro\" class=\"fig-img--complete fig-img\"\/><\/p>\n<p class=\"fig-premium-paywall__title\">Le Figaro c\u00e9l\u00e8bre ses 200 ans<\/p>\n<p class=\"fig-premium-paywall__subtitle\">Offre anniversaire : 2\u20ac\/mois pendant 200 semaines<\/p>\n<p class=\"fig-premium-paywall__connect\">\n                D\u00e9j\u00e0 abonn\u00e9\u00a0?                <a class=\"fig-premium-paywall__connect-link\" href=\"https:\/\/connect.lefigaro.fr\/login?client=horizon_web&amp;type=main&amp;redirect_uri=https%3A%2F%2Fwww.lefigaro.fr%2Factualite-france%2Fnotre-palmares-2026-des-villes-et-des-villages-ou-s-installer-pres-de-rennes-20260108\" data-js-gtm=\"{&quot;customCategorie&quot;: &quot;conversion&quot;, &quot;customAction&quot;: &quot;before_Landing_Connexion_paywall_manuel&quot;, &quot;customLabel&quot;: &quot;bGVmaWdhcm8uZnJfXzFmMGRmMWMyLWE3Y2ItNjNlNC04NGM2LWRiN2YxYzE4MjJmY19fQXJ0aWNsZQ==_Notre palmar\u00e8s 2026 des villes et des villages o\u00f9 s\u2019installer pr\u00e8s de Rennes_348&quot;, &quot;customIDSPE&quot;: &quot;bGVmaWdhcm8uZnJfXzFmMGRmMWMyLWE3Y2ItNjNlNC04NGM2LWRiN2YxYzE4MjJmY19fQXJ0aWNsZQ==&quot;, &quot;event&quot;: &quot;customEventSPE&quot;}\" target=\"_blank\" rel=\"noopener\"><br \/>\n                    Connectez-vous<br \/>\n                <\/a>\n            <\/p>\n","protected":false},"excerpt":{"rendered":"EXCLUSIF &#8211; Accessibilit\u00e9 en transports, environnement, commerces de proximit\u00e9, offre de sant\u00e9, prix immobiliers attractifs&#8230; Le Figaro a&hellip;\n","protected":false},"author":2,"featured_media":649871,"comment_status":"","ping_status":"","sticky":false,"template":"","format":"standard","meta":{"footnotes":""},"categories":[2821],"tags":[1111,11,829,14477,1777,674,1011,27,848,12,584,25],"class_list":{"0":"post-649870","1":"post","2":"type-post","3":"status-publish","4":"format-standard","5":"has-post-thumbnail","7":"category-rennes","8":"tag-actu","9":"tag-actualites","10":"tag-bretagne","11":"tag-demenagement","12":"tag-eu","13":"tag-europe","14":"tag-fr","15":"tag-france","16":"tag-ille-et-vilaine","17":"tag-news","18":"tag-rennes","19":"tag-republique-francaise"},"share_on_mastodon":{"url":"https:\/\/pubeurope.com\/@fr\/115860717171910604","error":""},"_links":{"self":[{"href":"https:\/\/www.europesays.com\/fr\/wp-json\/wp\/v2\/posts\/649870","targetHints":{"allow":["GET"]}}],"collection":[{"href":"https:\/\/www.europesays.com\/fr\/wp-json\/wp\/v2\/posts"}],"about":[{"href":"https:\/\/www.europesays.com\/fr\/wp-json\/wp\/v2\/types\/post"}],"author":[{"embeddable":true,"href":"https:\/\/www.europesays.com\/fr\/wp-json\/wp\/v2\/users\/2"}],"replies":[{"embeddable":true,"href":"https:\/\/www.europesays.com\/fr\/wp-json\/wp\/v2\/comments?post=649870"}],"version-history":[{"count":0,"href":"https:\/\/www.europesays.com\/fr\/wp-json\/wp\/v2\/posts\/649870\/revisions"}],"wp:featuredmedia":[{"embeddable":true,"href":"https:\/\/www.europesays.com\/fr\/wp-json\/wp\/v2\/media\/649871"}],"wp:attachment":[{"href":"https:\/\/www.europesays.com\/fr\/wp-json\/wp\/v2\/media?parent=649870"}],"wp:term":[{"taxonomy":"category","embeddable":true,"href":"https:\/\/www.europesays.com\/fr\/wp-json\/wp\/v2\/categories?post=649870"},{"taxonomy":"post_tag","embeddable":true,"href":"https:\/\/www.europesays.com\/fr\/wp-json\/wp\/v2\/tags?post=649870"}],"curies":[{"name":"wp","href":"https:\/\/api.w.org\/{rel}","templated":true}]}}