{"id":649880,"date":"2026-01-08T17:48:12","date_gmt":"2026-01-08T17:48:12","guid":{"rendered":"https:\/\/www.europesays.com\/fr\/649880\/"},"modified":"2026-01-08T17:48:12","modified_gmt":"2026-01-08T17:48:12","slug":"deux-jeunes-de-14-et-16-ans-enleves-mis-a-nu-et-contraints-de-creuser-leur-propre-tombe-en-foret","status":"publish","type":"post","link":"https:\/\/www.europesays.com\/fr\/649880\/","title":{"rendered":"deux jeunes de 14 et 16 ans enlev\u00e9s, mis \u00e0 nu et contraints de creuser leur propre tombe en for\u00eat"},"content":{"rendered":"<p>\n    Deux mineurs ont \u00e9t\u00e9 kidnapp\u00e9s puis menac\u00e9s de mort par arme \u00e0 feu, dans la nuit du 2 au 3 janvier. Une enqu\u00eate a \u00e9t\u00e9 ouverte. La piste d\u2019un r\u00e8glement de comptes sur fond de narcotrafic est privil\u00e9gi\u00e9e.<\/p>\n<p class=\"fig-paragraph\">Un nouveau cap franchi dans la mise en sc\u00e8ne de la violence. Les secours ont pris en charge, dans la nuit du 2 au 3 janvier, deux jeunes de 14 et 16 ans d\u00e9couverts nus et bless\u00e9s, au nord de\u00a0<a href=\"https:\/\/www.lefigaro.fr\/nantes\" target=\"_blank\" data-fig-type=\"Section\" rel=\"sponsored noopener nofollow\" data-gtm-custom-categorie=\"navigation\" data-gtm-custom-action=\"crossclick\" data-gtm-custom-label=\"Contextuel\" data-gtm-event=\"customEventSPE\" data-fig-domain=\"LEFIGARO\">l\u2019agglom\u00e9ration nantaise<\/a>. Les deux mineurs se sont pr\u00e9sent\u00e9s en \u00e9tat d\u2019hypothermie sur le palier d\u2019une habitation de La-Chapelle-sur-Erdre. D\u2019apr\u00e8s leur t\u00e9moignage recueilli par la gendarmerie, ils ont \u00e9t\u00e9 tour \u00e0 tour\u00a0<a href=\"http:\/\/www.lefigaro.fr\/actualite-france\/un-enlevement-recense-chaque-jour-en-france-l-industrie-des-rapts-et-sequestrations-tourne-a-plein-regime-20250124\" target=\"_blank\" data-fig-type=\"Article\" rel=\"noopener nofollow\" data-gtm-custom-categorie=\"navigation\" data-gtm-custom-action=\"crossclick\" data-gtm-custom-label=\"Contextuel\" data-gtm-event=\"customEventSPE\" data-fig-domain=\"LEFIGARO\">enlev\u00e9s<\/a>, fourr\u00e9s dans le coffre d\u2019une voiture, vol\u00e9s et d\u00e9shabill\u00e9s en pleine for\u00eat, rou\u00e9s de coups puis menac\u00e9s de mort par arme \u00e0 feu, \u00e0 bout portant. Le tout en \u00e9tant contraints de creuser leur propre tombe.<\/p>\n<p class=\"fig-paragraph\">Le corps ensanglant\u00e9 et tum\u00e9fi\u00e9, les deux adolescents ont \u00e9t\u00e9 transport\u00e9s samedi au\u00a0<a href=\"http:\/\/www.lefigaro.fr\/nantes\/nantes-le-nouveau-chu-attendu-pour-2027-s-est-deja-trouve-un-nom-20251120\" target=\"_blank\" data-fig-type=\"NewsFlash\" rel=\"noopener nofollow\" data-gtm-custom-categorie=\"navigation\" data-gtm-custom-action=\"crossclick\" data-gtm-custom-label=\"Contextuel\" data-gtm-event=\"customEventSPE\" data-fig-domain=\"LEFIGARO\">CHU de Nantes<\/a>. L\u2019un d\u2019eux a notamment \u00e9t\u00e9 bless\u00e9 au couteau \u00e0 la jambe. Les victimes n\u2019ont pas souhait\u00e9 porter plainte ni livrer aux forces de l\u2019ordre les circonstances pr\u00e9cises de leur enl\u00e8vement ainsi qu\u2019une description de leurs bourreaux. Une enqu\u00eate pour \u00abviolences et s\u00e9questration\u00bb a \u00e9t\u00e9 ouverte par le parquet du tribunal judiciaire de Nantes, a confirm\u00e9 jeudi \u00e0 l\u2019AFP le procureur de la R\u00e9publique de Nantes, Antoine Leroy.<\/p>\n<p>                                            <a class=\"fig-a11y-skip\" href=\"#fig-a11y-skip-main-inarticle\" data-module=\"a11y-skip\" data-context=\"was @visible\"><br \/>\n    Passer la publicit\u00e9<br \/>\n<\/a>            <\/p>\n<p>                                            Lien avec le narcotrafic<\/p>\n<p class=\"fig-paragraph\">Les deux victimes sont bien connues des forces de l\u2019ordre. Le jeune de 14 ans, un Angevin en fugue, est sorti d\u2019hospitalisation. Son camarade \u00e9tait \u00e9galement sur le point de quitter les urgences, mardi en milieu d\u2019apr\u00e8s-midi, rapportait le matin m\u00eame le quotidien\u00a0<a href=\"https:\/\/www.ouest-france.fr\/societe\/faits-divers\/si-tu-parles-on-te-bute-dans-une-foret-en-pleine-nuit-deux-adolescents-ont-du-creuser-leurs-propres-tombes-8136024c-e987-11f0-9b78-7c77e15311d5\" target=\"_blank\" rel=\"sponsored noopener nofollow\" data-gtm-custom-categorie=\"navigation\" data-gtm-custom-action=\"crossclick\" data-gtm-custom-label=\"Contextuel\" data-gtm-event=\"customEventSPE\">Presse Oc\u00e9an<\/a> . Les deux jeunes font l\u2019objet de contr\u00f4les fr\u00e9quents dans le centre-ville de Nantes, dans le cadre\u00a0<a href=\"http:\/\/www.lefigaro.fr\/nantes\/on-s-habitue-a-ce-que-ca-tire-a-nantes-les-coups-de-feu-du-narcotrafic-s-ancrent-durablement-dans-le-paysage-20251215\" target=\"_blank\" data-fig-type=\"NewsFlash\" rel=\"noopener nofollow\" data-gtm-custom-categorie=\"navigation\" data-gtm-custom-action=\"crossclick\" data-gtm-custom-label=\"Contextuel\" data-gtm-event=\"customEventSPE\" data-fig-domain=\"LEFIGARO\">de la lutte contre le trafic de drogue<\/a>. \u00abCes \u00e9v\u00e9nements ne sont pas sans lien avec des infractions \u00e0 la l\u00e9gislation sur les stup\u00e9fiants et des luttes de territoires\u00bb, a indiqu\u00e9 le procureur, en confirmant la piste d\u2019un r\u00e8glement de comptes sur fond de narcotrafic.<\/p>\n<p class=\"fig-paragraph\">Selon les premiers \u00e9l\u00e9ments de l\u2019enqu\u00eate, le d\u00e9but du calvaire des deux victimes pourrait avoir commenc\u00e9 vendredi soir \u00e0 Carquefou, dans la banlieue nord de Nantes. Un t\u00e9moin aurait alors assist\u00e9 \u00e0 une rixe violente sur un parking. L\u2019altercation impliquait plusieurs hommes, dont \u00abtrois ou quatre\u00bb individus cagoul\u00e9s et arm\u00e9s. Elle s\u2019est achev\u00e9e avec le chargement d\u2019une personne dans le coffre d\u2019une voiture. Le trou creus\u00e9 par les deux jeunes a par ailleurs bien \u00e9t\u00e9 retrouv\u00e9 par les gendarmes de la compagnie de Nantes charg\u00e9s de l\u2019affaire.<\/p>\n","protected":false},"excerpt":{"rendered":"Deux mineurs ont \u00e9t\u00e9 kidnapp\u00e9s puis menac\u00e9s de mort par arme \u00e0 feu, dans la nuit du 2&hellip;\n","protected":false},"author":2,"featured_media":649881,"comment_status":"","ping_status":"","sticky":false,"template":"","format":"standard","meta":{"footnotes":"","_share_on_mastodon":"0"},"categories":[2818],"tags":[1111,11,1777,674,1011,27,34287,7775,766,8721,12,2636,25],"class_list":["post-649880","post","type-post","status-publish","format-standard","has-post-thumbnail","category-nantes","tag-actu","tag-actualites","tag-eu","tag-europe","tag-fr","tag-france","tag-kidnapping","tag-menaces-de-mort","tag-nantes","tag-narcotrafic","tag-news","tag-pays-de-la-loire","tag-republique-francaise"],"share_on_mastodon":{"url":"https:\/\/pubeurope.com\/@fr\/115860740798577239","error":""},"_links":{"self":[{"href":"https:\/\/www.europesays.com\/fr\/wp-json\/wp\/v2\/posts\/649880","targetHints":{"allow":["GET"]}}],"collection":[{"href":"https:\/\/www.europesays.com\/fr\/wp-json\/wp\/v2\/posts"}],"about":[{"href":"https:\/\/www.europesays.com\/fr\/wp-json\/wp\/v2\/types\/post"}],"author":[{"embeddable":true,"href":"https:\/\/www.europesays.com\/fr\/wp-json\/wp\/v2\/users\/2"}],"replies":[{"embeddable":true,"href":"https:\/\/www.europesays.com\/fr\/wp-json\/wp\/v2\/comments?post=649880"}],"version-history":[{"count":0,"href":"https:\/\/www.europesays.com\/fr\/wp-json\/wp\/v2\/posts\/649880\/revisions"}],"wp:featuredmedia":[{"embeddable":true,"href":"https:\/\/www.europesays.com\/fr\/wp-json\/wp\/v2\/media\/649881"}],"wp:attachment":[{"href":"https:\/\/www.europesays.com\/fr\/wp-json\/wp\/v2\/media?parent=649880"}],"wp:term":[{"taxonomy":"category","embeddable":true,"href":"https:\/\/www.europesays.com\/fr\/wp-json\/wp\/v2\/categories?post=649880"},{"taxonomy":"post_tag","embeddable":true,"href":"https:\/\/www.europesays.com\/fr\/wp-json\/wp\/v2\/tags?post=649880"}],"curies":[{"name":"wp","href":"https:\/\/api.w.org\/{rel}","templated":true}]}}