{"id":649886,"date":"2026-01-08T17:51:10","date_gmt":"2026-01-08T17:51:10","guid":{"rendered":"https:\/\/www.europesays.com\/fr\/649886\/"},"modified":"2026-01-08T17:51:10","modified_gmt":"2026-01-08T17:51:10","slug":"le-toulousain-evidence-en-croissance-en-2025","status":"publish","type":"post","link":"https:\/\/www.europesays.com\/fr\/649886\/","title":{"rendered":"Le Toulousain \u00c9vidence en croissance en 2025"},"content":{"rendered":"<p><a href=\"https:\/\/www.touleco-green.fr\/Le-Toulousain-Evidence-donne-un-coup-de-propre-au-reemploi,45162\" class=\"spip_out\" rel=\"external noopener\" target=\"_blank\">\u00c9vidence<\/a>, centrale de lavage de contenants alimentaires occitane, tire un bilan positif de son ann\u00e9e 2025. Son activit\u00e9 aurait connu une croissance d\u2019environ 45\u00a0% pour l\u2019\u00e9v\u00e9nementiel (notamment les gobelets et contenants plastiques), 20\u00a0% pour les cuisines centrales (inox) et 35\u00a0% pour les contenants en verre utilis\u00e9s par la restauration, les traiteurs ou les laiteries.<\/p>\n<p>L\u2019ann\u00e9e a \u00e9t\u00e9 marqu\u00e9e par la finalisation d\u2019<a href=\"https:\/\/www.touleco.fr\/Reemploi-Le-Toulousain-Evidence-leve-500-000-euros\" class=\"spip_in\" target=\"_blank\" rel=\"noopener\">une lev\u00e9e de fonds de 500.000 euros<\/a> au premier semestre 2025. Parmi les investissements r\u00e9alis\u00e9s, l\u2019introduction d\u2019une machine \u00e0 ultrasons pour le trempage a permis de r\u00e9duire par dix la consommation de lessive tout en diminuant significativement l\u2019usage d\u2019eau, avec une estimation de pr\u00e8s de 300.000 litres \u00e9conomis\u00e9s sur l\u2019ann\u00e9e.<\/p>\n<p>En compl\u00e9ment de la lev\u00e9e de fonds, plusieurs investissements cibl\u00e9s ont \u00e9t\u00e9 r\u00e9alis\u00e9s. Une enveloppe de 30.000 euros a \u00e9t\u00e9 d\u00e9di\u00e9e \u00e0 la recherche et d\u00e9veloppement d\u2019un logiciel interne de gestion et de tra\u00e7abilit\u00e9 des contenants, tandis que 20.000 euros ont permis de financer l\u2019acquisition de contenants \u00c9vidence, facilitant ainsi l\u2019adoption du service par les clients.  Sur le plan des ressources humaines, l\u2019\u00e9quipe s\u2019est structur\u00e9e avec le recrutement d\u2019une coordinatrice ex\u00e9cutive, d\u2019une charg\u00e9e du d\u00e9veloppement commercial et du suivi client, d\u2019un second de production, ainsi que de six plongeurs en contrat \u00e0 temps partiel.<\/p>\n","protected":false},"excerpt":{"rendered":"\u00c9vidence, centrale de lavage de contenants alimentaires occitane, tire un bilan positif de son ann\u00e9e 2025. Son activit\u00e9&hellip;\n","protected":false},"author":2,"featured_media":373637,"comment_status":"","ping_status":"","sticky":false,"template":"","format":"standard","meta":{"footnotes":""},"categories":[2816],"tags":[1111,11,12223,12393,1777,674,1011,27,59220,12,2680,3887,25,2312],"class_list":{"0":"post-649886","1":"post","2":"type-post","3":"status-publish","4":"format-standard","5":"has-post-thumbnail","7":"category-toulouse","8":"tag-actu","9":"tag-actualites","10":"tag-durable","11":"tag-economie-circulaire","12":"tag-eu","13":"tag-europe","14":"tag-fr","15":"tag-france","16":"tag-grand-marche-ex-min-de-toulouse","17":"tag-news","18":"tag-occitanie","19":"tag-recyclage","20":"tag-republique-francaise","21":"tag-toulouse"},"share_on_mastodon":{"url":"https:\/\/pubeurope.com\/@fr\/115860752560877122","error":""},"_links":{"self":[{"href":"https:\/\/www.europesays.com\/fr\/wp-json\/wp\/v2\/posts\/649886","targetHints":{"allow":["GET"]}}],"collection":[{"href":"https:\/\/www.europesays.com\/fr\/wp-json\/wp\/v2\/posts"}],"about":[{"href":"https:\/\/www.europesays.com\/fr\/wp-json\/wp\/v2\/types\/post"}],"author":[{"embeddable":true,"href":"https:\/\/www.europesays.com\/fr\/wp-json\/wp\/v2\/users\/2"}],"replies":[{"embeddable":true,"href":"https:\/\/www.europesays.com\/fr\/wp-json\/wp\/v2\/comments?post=649886"}],"version-history":[{"count":0,"href":"https:\/\/www.europesays.com\/fr\/wp-json\/wp\/v2\/posts\/649886\/revisions"}],"wp:featuredmedia":[{"embeddable":true,"href":"https:\/\/www.europesays.com\/fr\/wp-json\/wp\/v2\/media\/373637"}],"wp:attachment":[{"href":"https:\/\/www.europesays.com\/fr\/wp-json\/wp\/v2\/media?parent=649886"}],"wp:term":[{"taxonomy":"category","embeddable":true,"href":"https:\/\/www.europesays.com\/fr\/wp-json\/wp\/v2\/categories?post=649886"},{"taxonomy":"post_tag","embeddable":true,"href":"https:\/\/www.europesays.com\/fr\/wp-json\/wp\/v2\/tags?post=649886"}],"curies":[{"name":"wp","href":"https:\/\/api.w.org\/{rel}","templated":true}]}}