{"id":649893,"date":"2026-01-08T17:56:20","date_gmt":"2026-01-08T17:56:20","guid":{"rendered":"https:\/\/www.europesays.com\/fr\/649893\/"},"modified":"2026-01-08T17:56:20","modified_gmt":"2026-01-08T17:56:20","slug":"on-ne-peut-pas-se-projeter-le-cri-de-colere-des-sinistres-de-lincendie-de-lestaque-face-aux-assurances","status":"publish","type":"post","link":"https:\/\/www.europesays.com\/fr\/649893\/","title":{"rendered":"\u00ab\u00a0On ne peut pas se projeter\u00a0\u00bb, le cri de col\u00e8re des sinistr\u00e9s de l&rsquo;incendie de l&rsquo;Estaque face aux assurances"},"content":{"rendered":"<p>Six mois jour pour jour apr\u00e8s l&rsquo;incendie d\u00e9vastateur qui a ravag\u00e9 750 hectares au nord de Marseille, les plaies sont loin d&rsquo;\u00eatre referm\u00e9es \u00e0 l&rsquo;Estaque. Face \u00e0 l&rsquo;inertie des proc\u00e9dures, les habitants se sont constitu\u00e9s en association le 15 d\u00e9cembre dernier. Mathilde Favier, sa pr\u00e9sidente, d\u00e9nonce au micro de Maritima une \u00ab\u00a0opacit\u00e9 totale\u00a0\u00bb des assurances et soul\u00e8ve des questions troublantes sur l&rsquo;intervention des secours.<\/p>\n<p class=\"ng-star-inserted\">Pour les centaines de <a href=\"https:\/\/maritima.fr\/actualites\/faits-divers\/les-pennes-mirabeau\/8004\/incendie-pennes-mirabeau-700-hectares-parcourus-et-400-personnes-evacuees-a-marseille\" target=\"_blank\" rel=\"noopener\">sinistr\u00e9s de l&rsquo;incendie<\/a> du 8 juillet, <a href=\"https:\/\/maritima.fr\/actualites\/faits-divers\/marseille\/10772\/six-mois-apres-lincendie-de-marseille-des-sinistres-de-lestaque-denoncent-lextreme-lenteur-des-procedures\" target=\"_blank\" rel=\"noopener\">le combat ne fait que commencer, et il est administratif<\/a>. \u00ab On est tr\u00e8s frustr\u00e9s par le temps que mettent les assurances \u00e0 expertiser les dossiers \u00bb, explique Mathilde Favier au micro de Cassandre Amouroux.<br class=\"ng-star-inserted\"\/>Le probl\u00e8me est syst\u00e9mique : la multiplicit\u00e9 des acteurs (assurance habitation, voiture, Pennes-Mirabeau, D\u00e9partement, Ville de Marseille) cr\u00e9e un mille-feuille bureaucratique qui paralyse tout.\u00a0<\/p>\n<p class=\"ng-star-inserted\">\u00a0<\/p>\n<p>Le pi\u00e8ge des \u00ab\u00a012 mois\u00a0\u00bb de relogement<\/p>\n<p class=\"ng-star-inserted\">L&rsquo;inqui\u00e9tude majeure concerne le calendrier. La plupart des contrats pr\u00e9voient une prise en charge du relogement pour\u00a0<strong class=\"ng-star-inserted\">12 mois maximum<\/strong>. Or, six mois apr\u00e8s le drame, aucun chiffrage n&rsquo;a \u00e9t\u00e9 valid\u00e9.<br class=\"ng-star-inserted\"\/>\u00ab Sans chiffrage, on ne peut pas commencer les travaux. Il y a quelque chose de juste incoh\u00e9rent \u00bb, s&rsquo;indigne Mathilde Favier.<br class=\"ng-star-inserted\"\/>La cons\u00e9quence est brutale : certains sinistr\u00e9s arrivent d\u00e9j\u00e0 en fin de droits et doivent payer leur relogement sur leurs fonds propres, alors m\u00eame que leur maison reste inhabitable. Une \u00ab\u00a0double peine\u00a0\u00bb financi\u00e8re insupportable.<\/p>\n<p class=\"ng-star-inserted\">\u00a0<\/p>\n<p>\u00ab\u00a0Pourquoi les pompiers ne sont pas intervenus plus t\u00f4t ?\u00a0\u00bb<\/p>\n<p class=\"ng-star-inserted\">Au-del\u00e0 des indemnisations, l&rsquo;association demande des comptes sur le d\u00e9roul\u00e9 des op\u00e9rations le jour J. Selon les t\u00e9moignages recueillis, le feu a d\u00e9marr\u00e9 vers 14h-15h \u00e0 l&rsquo;Estaque, mais les secours ne seraient arriv\u00e9s massivement que vers 18h sur certains secteurs du quartier.<br class=\"ng-star-inserted\"\/>\u00ab Il y a eu 3 \u00e0 4 heures pendant lesquelles il n&rsquo;y avait aucun secours, ni terrestre ni a\u00e9rien \u00bb, affirme Mathilde Favier.<br class=\"ng-star-inserted\"\/>Pour l&rsquo;association, ce retard a eu des cons\u00e9quences lourdes :\u00a0\u00ab Si les pompiers avaient \u00e9t\u00e9 l\u00e0 plus t\u00f4t, beaucoup de d\u00e9g\u00e2ts auraient pu \u00eatre \u00e9vit\u00e9s \u00bb. Les sinistr\u00e9s r\u00e9clament d\u00e9sormais des protocoles clairs pour que, \u00e0 l&rsquo;avenir, des moyens soient post\u00e9s en pr\u00e9vention d\u00e8s les premi\u00e8res alertes s\u00e9cheresse, comme ce fut le cas lors de l&rsquo;\u00e9t\u00e9 2021 (pas de d\u00e9g\u00e2t malgr\u00e9 des conditions similaires).<\/p>\n<p class=\"ng-star-inserted\">\u00a0<\/p>\n<p>La crainte de l&rsquo;\u00e9t\u00e9 prochain<\/p>\n<p class=\"ng-star-inserted\">Alors que l&rsquo;hiver s&rsquo;installe, l&rsquo;angoisse de l&rsquo;\u00e9t\u00e9 2026 monte d\u00e9j\u00e0.\u00a0\u00ab <a href=\"https:\/\/maritima.fr\/actualites\/faits-divers\/marseille\/8017\/jai-tout-perdu-un-paysage-lunaire-lendemain-difficile-pour-les-habitants-de-lestaque\" target=\"_blank\" rel=\"noopener\">Beaucoup de personnes sont psychologiquement marqu\u00e9es<\/a> \u00bb, confie la pr\u00e9sidente.<br class=\"ng-star-inserted\"\/>Si son objectif premier reste de\u00a0\u00ab r\u00e9emm\u00e9nager dans sa maison \u00bb, l&rsquo;incertitude p\u00e8se.\u00a0\u00ab On esp\u00e9rait rentrer cet \u00e9t\u00e9&#8230; mais je vois cette \u00e9ch\u00e9ance reculer \u00bb, avoue-t-elle avec lassitude.<br class=\"ng-star-inserted\"\/>L&rsquo;association esp\u00e8re d\u00e9sormais que sa voix p\u00e8sera pour acc\u00e9l\u00e9rer les dossiers et obtenir, enfin, des r\u00e9ponses claires.<\/p>\n","protected":false},"excerpt":{"rendered":"Six mois jour pour jour apr\u00e8s l&rsquo;incendie d\u00e9vastateur qui a ravag\u00e9 750 hectares au nord de Marseille, les&hellip;\n","protected":false},"author":2,"featured_media":649894,"comment_status":"","ping_status":"","sticky":false,"template":"","format":"standard","meta":{"footnotes":""},"categories":[2814],"tags":[1111,11,1777,674,75456,1011,27,1310,884,12,882,25],"class_list":{"0":"post-649893","1":"post","2":"type-post","3":"status-publish","4":"format-standard","5":"has-post-thumbnail","7":"category-marseille","8":"tag-actu","9":"tag-actualites","10":"tag-eu","11":"tag-europe","12":"tag-feu-a-lestaque","13":"tag-fr","14":"tag-france","15":"tag-incendie","16":"tag-marseille","17":"tag-news","18":"tag-provence-alpes-cote-dazur","19":"tag-republique-francaise"},"share_on_mastodon":{"url":"https:\/\/pubeurope.com\/@fr\/115860772291534349","error":""},"_links":{"self":[{"href":"https:\/\/www.europesays.com\/fr\/wp-json\/wp\/v2\/posts\/649893","targetHints":{"allow":["GET"]}}],"collection":[{"href":"https:\/\/www.europesays.com\/fr\/wp-json\/wp\/v2\/posts"}],"about":[{"href":"https:\/\/www.europesays.com\/fr\/wp-json\/wp\/v2\/types\/post"}],"author":[{"embeddable":true,"href":"https:\/\/www.europesays.com\/fr\/wp-json\/wp\/v2\/users\/2"}],"replies":[{"embeddable":true,"href":"https:\/\/www.europesays.com\/fr\/wp-json\/wp\/v2\/comments?post=649893"}],"version-history":[{"count":0,"href":"https:\/\/www.europesays.com\/fr\/wp-json\/wp\/v2\/posts\/649893\/revisions"}],"wp:featuredmedia":[{"embeddable":true,"href":"https:\/\/www.europesays.com\/fr\/wp-json\/wp\/v2\/media\/649894"}],"wp:attachment":[{"href":"https:\/\/www.europesays.com\/fr\/wp-json\/wp\/v2\/media?parent=649893"}],"wp:term":[{"taxonomy":"category","embeddable":true,"href":"https:\/\/www.europesays.com\/fr\/wp-json\/wp\/v2\/categories?post=649893"},{"taxonomy":"post_tag","embeddable":true,"href":"https:\/\/www.europesays.com\/fr\/wp-json\/wp\/v2\/tags?post=649893"}],"curies":[{"name":"wp","href":"https:\/\/api.w.org\/{rel}","templated":true}]}}