{"id":649895,"date":"2026-01-08T17:57:13","date_gmt":"2026-01-08T17:57:13","guid":{"rendered":"https:\/\/www.europesays.com\/fr\/649895\/"},"modified":"2026-01-08T17:57:13","modified_gmt":"2026-01-08T17:57:13","slug":"gilles-lellouche-et-le-realisateur-oscarise-laszlo-nemes-font-revivre-les-annees-lyonnaises-de-jean-moulin-qui-ont-change-lhistoire-de-la-france","status":"publish","type":"post","link":"https:\/\/www.europesays.com\/fr\/649895\/","title":{"rendered":"Gilles Lellouche et le r\u00e9alisateur oscaris\u00e9 L\u00e1szl\u00f3 Nemes font revivre les \u00ab ann\u00e9es lyonnaises \u00bb de Jean Moulin qui ont chang\u00e9 l\u2019Histoire de la France"},"content":{"rendered":"<p>\t\t\t\t\t\t\t\t\t\t\t\t\t\t\t\t\t\t\t\t\t\t<img loading=\"lazy\" decoding=\"async\" src=\"https:\/\/www.europesays.com\/fr\/wp-content\/uploads\/2026\/01\/Photo-de-couverture-2026-01-08T162906.283-1024x683.jpg\" class=\"img-fluid\" alt=\"Jean Moulin - Film Lyon 2026\" width=\"1024\" height=\"683\"\/><\/p>\n<p>    Save<\/p>\n<p>Alors que son tournage s\u2019est termin\u00e9 depuis peu, le film de <strong>L\u00e1szl\u00f3 Nemes<\/strong> (ayant re\u00e7u<strong> la Palme d\u2019or \u00e0 Cannes<\/strong> en 2015 et <strong>l\u2019Oscar du meilleur film \u00e9tranger<\/strong> en 2016 pour son film Le Fils de Saul) fait d\u00e9j\u00e0 beaucoup parler de lui. Et on comprend pourquoi ! Quand on s\u2019attaque \u00e0 <strong>un monument de notre Histoire<\/strong> et que le film est d\u00e9fendu par un tandem acteur-r\u00e9alisateur au sommet, on ne peut que tr\u00e9pigner d\u2019impatience. Si <strong>Gilles Lellouche tient le haut de l\u2019affiche<\/strong> dans ce film qui retrace la vie de Jean Moulin, n\u2019oublions pas que <strong>Lyon y jouera un r\u00f4le d\u00e9terminant<\/strong>, notamment par sa position dans la zone libre durant la guerre. <strong>Rembobinons l\u2019histoire<\/strong>\u2026<\/p>\n<p> <b>Jean Moulin et Lyon<\/b> <\/p>\n<p><img fetchpriority=\"high\" decoding=\"async\" class=\"alignnone size-full wp-image-25931\" src=\"https:\/\/www.europesays.com\/fr\/wp-content\/uploads\/2026\/01\/Template-article-1620-x-1080-px-2026-01-08T163718.312.jpg\" alt=\"Jean Moulin Lyon\" width=\"1200\" height=\"800\"  \/><\/p>\n<p>N\u00e9 \u00e0 B\u00e9ziers, Jean Moulin rejoint en septembre 1941 le mouvement de la France libre \u00e0 Londres apr\u00e8s avoir \u00e9tabli un recensement des mouvements de r\u00e9sistance suite \u00e0 l\u2019invasion allemande. De Gaulle le renvoie sur le terrain en zone libre, <strong>\u00e0 Collonges-au-Mont-d\u2019Or puis \u00e0 Lyon<\/strong> (la plus grande ville en zone libre) pour constituer <strong>le Conseil National de la R\u00e9sistance.<\/strong><\/p>\n<p>Durant pr\u00e8s de deux ans, une grande partie des d\u00e9cisions seront prises dans les <strong>caves<\/strong> et<strong> les souterrains lyonnais<\/strong>, o\u00f9 <a href=\"https:\/\/lyonsecret.com\/traboule-lyon-architecture-patrimoine\/\" rel=\"follow noopener\" target=\"_self\" class=\"shortcode-outbound-link\" data-has-ga=\"true\" data-ga-type=\"click\" data-label=\"https:\/\/lyonsecret.com\/traboule-lyon-architecture-patrimoine\/\" data-action=\"text_cta_0\" data-category=\"click_internal\"><strong>les traboules<\/strong><\/a> joueront d\u2019ailleurs un r\u00f4le crucial pour se cacher des Allemands et \u00e9changer des documents secrets. On sait par exemple que<strong> Rue Victor Hugo, Jean Moulin y avait un bureau avec pas moins de trois issues<\/strong>. Malgr\u00e9 une vigilance maximale, le travail devient de plus en plus dur avec \u00e0 ses trousses \u00e0 la fois le r\u00e9gime de <strong>Vichy<\/strong> et la <strong>Gestapo<\/strong>. Il sera arr\u00eat\u00e9 \u00e0 Caluire-et-Cuire le 21 juin 1943 et emprisonn\u00e9 \u00e0 <strong>la prison Montluc<\/strong> pour \u00eatre amen\u00e9<strong> au si\u00e8ge de la Gestapo \u00e0 Lyon<\/strong>, y \u00eatre interrog\u00e9 et subir les pires tortures sous les ordres d\u2019un certain <strong>Klaus Barbie\u2026<\/strong><\/p>\n<p> <b>Un destin hors-norme port\u00e9 au grand \u00e9cran<\/b> <img loading=\"lazy\" decoding=\"async\" class=\"size-full wp-image-25932\" src=\"https:\/\/www.europesays.com\/fr\/wp-content\/uploads\/2026\/01\/Screenshot-2026-01-08-164024.jpg\" alt=\"Jean Moulin\" width=\"1057\" height=\"670\"  \/>\u00a9Collection Archives d\u00e9partementales de l\u2019H\u00e9rault <\/p>\n<p><strong>\u00c0 grand nom de l\u2019Histoire, grandes figures du 7e art.<\/strong> C\u2019est Gilles Lellouche qui endossera le r\u00f4le principal et qui sera dirig\u00e9 par le r\u00e9alisateur hongrois L\u00e1szl\u00f3 Nemes. La tr\u00e8s grande partie du film retracera les \u00ab ann\u00e9es lyonnaises \u00bb de Moulin en terminant par la confrontation avec l\u2019effroyable Klaus Barbie qui s\u2019annonce aussi gla\u00e7ante que palpitante sur grand \u00e9cran\u2026 Le tournage est termin\u00e9 et il faudra patienter encore un peu avant de se pr\u00e9cipiter dans les salles obscures d\u2019ici le 28 octobre prochain. <\/p>\n<p>Quoique non-Lyonnais d\u2019origine, <strong>Jean Moulin occupe une place forte dans la Capitale des Gaules.<\/strong> Aujourd\u2019hui, \u00e9coles, mus\u00e9es et rues portent son nom et ce nouvel hommage, qui plus est <a href=\"https:\/\/lyonsecret.com\/lyon-et-le-cinema\/\" rel=\"follow noopener\" target=\"_self\" class=\"shortcode-outbound-link\" data-has-ga=\"true\" data-ga-type=\"click\" data-label=\"https:\/\/lyonsecret.com\/lyon-et-le-cinema\/\" data-action=\"text_cta_1\" data-category=\"click_internal\"><strong>cin\u00e9matographique<\/strong><\/a>, devrait toucher <strong>une fois de plus le c\u0153ur des Lyonnais.<\/strong><\/p>\n","protected":false},"excerpt":{"rendered":"Save Alors que son tournage s\u2019est termin\u00e9 depuis peu, le film de L\u00e1szl\u00f3 Nemes (ayant re\u00e7u la Palme&hellip;\n","protected":false},"author":2,"featured_media":649896,"comment_status":"","ping_status":"","sticky":false,"template":"","format":"standard","meta":{"footnotes":""},"categories":[1889],"tags":[1111,11,2430,1777,674,1011,27,2428,12,25],"class_list":{"0":"post-649895","1":"post","2":"type-post","3":"status-publish","4":"format-standard","5":"has-post-thumbnail","7":"category-lyon","8":"tag-actu","9":"tag-actualites","10":"tag-auvergne-rhone-alpes","11":"tag-eu","12":"tag-europe","13":"tag-fr","14":"tag-france","15":"tag-lyon","16":"tag-news","17":"tag-republique-francaise"},"share_on_mastodon":{"url":"https:\/\/pubeurope.com\/@fr\/115860776357578932","error":""},"_links":{"self":[{"href":"https:\/\/www.europesays.com\/fr\/wp-json\/wp\/v2\/posts\/649895","targetHints":{"allow":["GET"]}}],"collection":[{"href":"https:\/\/www.europesays.com\/fr\/wp-json\/wp\/v2\/posts"}],"about":[{"href":"https:\/\/www.europesays.com\/fr\/wp-json\/wp\/v2\/types\/post"}],"author":[{"embeddable":true,"href":"https:\/\/www.europesays.com\/fr\/wp-json\/wp\/v2\/users\/2"}],"replies":[{"embeddable":true,"href":"https:\/\/www.europesays.com\/fr\/wp-json\/wp\/v2\/comments?post=649895"}],"version-history":[{"count":0,"href":"https:\/\/www.europesays.com\/fr\/wp-json\/wp\/v2\/posts\/649895\/revisions"}],"wp:featuredmedia":[{"embeddable":true,"href":"https:\/\/www.europesays.com\/fr\/wp-json\/wp\/v2\/media\/649896"}],"wp:attachment":[{"href":"https:\/\/www.europesays.com\/fr\/wp-json\/wp\/v2\/media?parent=649895"}],"wp:term":[{"taxonomy":"category","embeddable":true,"href":"https:\/\/www.europesays.com\/fr\/wp-json\/wp\/v2\/categories?post=649895"},{"taxonomy":"post_tag","embeddable":true,"href":"https:\/\/www.europesays.com\/fr\/wp-json\/wp\/v2\/tags?post=649895"}],"curies":[{"name":"wp","href":"https:\/\/api.w.org\/{rel}","templated":true}]}}