{"id":649912,"date":"2026-01-08T18:07:12","date_gmt":"2026-01-08T18:07:12","guid":{"rendered":"https:\/\/www.europesays.com\/fr\/649912\/"},"modified":"2026-01-08T18:07:12","modified_gmt":"2026-01-08T18:07:12","slug":"une-femme-tuee-par-un-policier-dw-08-01-2026","status":"publish","type":"post","link":"https:\/\/www.europesays.com\/fr\/649912\/","title":{"rendered":"une femme tu\u00e9e par un policier \u2013 DW \u2013 08\/01\/2026"},"content":{"rendered":"<p>Ce nouveau drame suscite la pol\u00e9mique et l\u2019\u00e9moi aux \u00c9tats-Unis\u200b a eu lieu dans la\u00a0\u00a0m\u00eame ville o\u00f9 l\u2019Afro-Am\u00e9ricain George Floyd avait \u00e9t\u00e9 tu\u00e9 par suffocation par un policier blanc, en mai 2020.. Plusieurs versions s&rsquo;opposent. Selon les autorit\u00e9s f\u00e9d\u00e9rales am\u00e9ricaines, au premier rang desquelles le pr\u00e9sident Donald Trump, l&rsquo;agent de l&rsquo;ICE qui a tir\u00e9 sur Renee Nicole Good a agi en \u00ab\u00a0\u00e9tat de l\u00e9gitime d\u00e9fense.\u00a0\u00a0<\/p>\n<p>La ministre de la S\u00e9curit\u00e9 int\u00e9rieure, Kristi Noem, a d\u00e9clar\u00e9 que la victime avait \u00ab\u00a0suivi et entrav\u00e9 le travail de la police tout au long de la journ\u00e9e\u00a0\u00bb.<\/p>\n<p>\u200b\u00a0\u00bb\u200bConneries\u00a0<\/p>\n<p>Ces arguments ne convainquent pas le maire d\u00e9mocrate de Minneapolis, Jacob Frey. Celui-ci a qualifi\u00e9 les r\u00e9cits des responsables f\u00e9d\u00e9raux de \u200b\u00a0\u00bbconneries\u00a0\u00bb, avant d&rsquo;ajouter que la conductrice n&rsquo;avait jamais repr\u00e9sent\u00e9 un danger pour quiconque.<\/p>\n<p>M\u00eame r\u00e9action du gouverneur de l&rsquo;\u00c9tat du Minnesota, Tim Walz. Cet ancien candidat \u00e0 la vice-pr\u00e9sidence des \u00c9tats-Unis a \u00e9crit ceci sur les r\u00e9seaux sociaux : \u00ab\u00a0Ne croyez pas \u00e0 cette machine de propagande\u00a0\u00bb des autorit\u00e9s f\u00e9d\u00e9rales.<\/p>\n<p>En r\u00e9action \u00e0 la mort de \u200bRenee Nicole Good, des milliers d&rsquo;Am\u00e9ricains se sont rassembl\u00e9s pour rendre un hommage \u00e0 la victime sur le lieu du drame.<\/p>\n<p><img data-format=\"MASTER_LANDSCAPE\" data-id=\"73802282\" data-url=\"https:\/\/static.dw.com\/image\/73802282_${formatId}.jpg\" data-aspect-ratio=\"16\/9\" alt=\"Jacob Frey\" style=\"padding-bottom: 56.25%; height: 0; max-height: 0;\"\/>Jacob FreyImage : Stephen Maturen\/AFP\/Getty Images<\/p>\n<p>\u200bPriorit\u00e9 pour Trump\u00a0\u00a0<\/p>\n<p>Rappelons que le pr\u00e9sident am\u00e9ricain Donald Trump fait de la lutte contre l&rsquo;immigration l&rsquo;une de ses principales priorit\u00e9s. C&rsquo;est dans ce cadre que la police f\u00e9d\u00e9rale de l&rsquo;immigration a recrut\u00e9, l&rsquo;ann\u00e9e derni\u00e8re, au moins 10 000 nouveaux agents qui sont tr\u00e8s vite d\u00e9ploy\u00e9s sur le terrain, parfois sans quasiment aucune formation. \u00a0<\/p>\n<p>70 millions de dollars am\u00e9ricains ont \u00e9t\u00e9 engloutis par cette agence depuis le retour au pouvoir de Donald Trump, en janvier 2025. De nombreuses bavures polici\u00e8res causent la mort, chaque ann\u00e9e, de dizaines de ci\u200btoyens am\u00e9ricains. \u00a0<\/p>\n<p>Le meurtre par un policier, le 25 mai 2020, de George Floyd, est encore un traumatisme dans ce pays qui pourrait \u00eatre raviv\u00e9 par la mort par balle de Renee Nicole Good.<br \/>\u00a0<\/p>\n","protected":false},"excerpt":{"rendered":"Ce nouveau drame suscite la pol\u00e9mique et l\u2019\u00e9moi aux \u00c9tats-Unis\u200b a eu lieu dans la\u00a0\u00a0m\u00eame ville o\u00f9 l\u2019Afro-Am\u00e9ricain&hellip;\n","protected":false},"author":2,"featured_media":649913,"comment_status":"","ping_status":"","sticky":false,"template":"","format":"standard","meta":{"footnotes":""},"categories":[1589],"tags":[11,73,1866,12,1864,1865,1863,308],"class_list":{"0":"post-649912","1":"post","2":"type-post","3":"status-publish","4":"format-standard","5":"has-post-thumbnail","7":"category-etats-unis","8":"tag-actualites","9":"tag-etats-unis","10":"tag-etats-unis-damerique","11":"tag-news","12":"tag-united-states","13":"tag-united-states-of-america","14":"tag-us","15":"tag-usa"},"share_on_mastodon":{"url":"https:\/\/pubeurope.com\/@fr\/115860815457162777","error":""},"_links":{"self":[{"href":"https:\/\/www.europesays.com\/fr\/wp-json\/wp\/v2\/posts\/649912","targetHints":{"allow":["GET"]}}],"collection":[{"href":"https:\/\/www.europesays.com\/fr\/wp-json\/wp\/v2\/posts"}],"about":[{"href":"https:\/\/www.europesays.com\/fr\/wp-json\/wp\/v2\/types\/post"}],"author":[{"embeddable":true,"href":"https:\/\/www.europesays.com\/fr\/wp-json\/wp\/v2\/users\/2"}],"replies":[{"embeddable":true,"href":"https:\/\/www.europesays.com\/fr\/wp-json\/wp\/v2\/comments?post=649912"}],"version-history":[{"count":0,"href":"https:\/\/www.europesays.com\/fr\/wp-json\/wp\/v2\/posts\/649912\/revisions"}],"wp:featuredmedia":[{"embeddable":true,"href":"https:\/\/www.europesays.com\/fr\/wp-json\/wp\/v2\/media\/649913"}],"wp:attachment":[{"href":"https:\/\/www.europesays.com\/fr\/wp-json\/wp\/v2\/media?parent=649912"}],"wp:term":[{"taxonomy":"category","embeddable":true,"href":"https:\/\/www.europesays.com\/fr\/wp-json\/wp\/v2\/categories?post=649912"},{"taxonomy":"post_tag","embeddable":true,"href":"https:\/\/www.europesays.com\/fr\/wp-json\/wp\/v2\/tags?post=649912"}],"curies":[{"name":"wp","href":"https:\/\/api.w.org\/{rel}","templated":true}]}}