{"id":649914,"date":"2026-01-08T18:08:11","date_gmt":"2026-01-08T18:08:11","guid":{"rendered":"https:\/\/www.europesays.com\/fr\/649914\/"},"modified":"2026-01-08T18:08:11","modified_gmt":"2026-01-08T18:08:11","slug":"une-adolescente-tombe-dune-ambulance-au-beau-milieu-dune-autoroute-au-royaume-uni","status":"publish","type":"post","link":"https:\/\/www.europesays.com\/fr\/649914\/","title":{"rendered":"Une adolescente tombe d\u2019une ambulance au beau milieu d\u2019une autoroute au Royaume-Uni"},"content":{"rendered":"<p class=\"paragraph text_align_left lp-f-body-02\">Un incident qui a entra\u00een\u00e9 la fermeture de l\u2019axe concern\u00e9 pendant pr\u00e8s de deux heures. Mardi, vers 17h17, une adolescente a chut\u00e9 d\u2019une ambulance qui la transportait \u00e0 l\u2019h\u00f4pital. Selon <a href=\"https:\/\/www.bbc.com\/news\/articles\/cj3vevge710o\" target=\"_self\" rel=\"noopener\">la BBC<\/a>, qui cite le service ambulancier, la jeune fille \u00ab est sortie du v\u00e9hicule en mouvement \u00bb sur une bretelle reliant les autoroutes M6 et M55, \u00e0 hauteur de Preston, dans le Lancashire, au Royaume-Uni.<\/p>\n<p class=\"\">L\u2019adolescente s\u2019est l\u00e9g\u00e8rement bless\u00e9e \u00e0 la t\u00eate dans sa chute. Elle a \u00e9t\u00e9 soign\u00e9e sur place avant d\u2019\u00eatre conduite \u00e0 l\u2019h\u00f4pital. \u00ab Aucune autre personne n\u2019a \u00e9t\u00e9 bless\u00e9e \u00bb, a pr\u00e9cis\u00e9 le North West Ambulance Service cit\u00e9 par le m\u00e9dia britannique.<\/p>\n<p class=\"\">Un porte-parole de la police du Lancashire pr\u00e9cise au <a href=\"https:\/\/www.dailymail.co.uk\/news\/article-15441349\/Teenage-girl-ambulance-motorway-hospital.html\" target=\"_self\" rel=\"noopener\">Daily Mail<\/a> que l\u2019autoroute \u00ab a \u00e9t\u00e9 ferm\u00e9e pendant une courte p\u00e9riode \u00bb, avant de rouvrir. Selon le m\u00e9dia britannique, l\u2019axe n\u2019a pas \u00e9t\u00e9 accessible aux automobilistes pendant pr\u00e8s de deux heures, en pleine p\u00e9riode de pointe, le temps de l\u2019intervention.<\/p>\n<p class=\"\">Aucun d\u00e9tail n\u2019a pour l\u2019instant \u00e9t\u00e9 communiqu\u00e9 sur les circonstances de l\u2019incident. Les services ambulanciers ont fait savoir qu\u2019ils collaboraient avec la police de Lancashire et ont souhait\u00e9 \u00ab un prompt r\u00e9tablissement \u00bb \u00e0 la patiente.<\/p>\n","protected":false},"excerpt":{"rendered":"Un incident qui a entra\u00een\u00e9 la fermeture de l\u2019axe concern\u00e9 pendant pr\u00e8s de deux heures. Mardi, vers 17h17,&hellip;\n","protected":false},"author":2,"featured_media":649915,"comment_status":"","ping_status":"","sticky":false,"template":"","format":"standard","meta":{"footnotes":""},"categories":[1588],"tags":[11,1777,674,118,12,473,1853,1851,1850,1852],"class_list":{"0":"post-649914","1":"post","2":"type-post","3":"status-publish","4":"format-standard","5":"has-post-thumbnail","7":"category-royaume-uni","8":"tag-actualites","9":"tag-eu","10":"tag-europe","11":"tag-faits-divers","12":"tag-news","13":"tag-royaume-uni","14":"tag-royaume-uni-de-grande-bretagne-et-dirlande-du-nord","15":"tag-uk","16":"tag-united-kingdom","17":"tag-united-kingdom-of-great-britain-and-northern-ireland"},"share_on_mastodon":{"url":"https:\/\/pubeurope.com\/@fr\/115860819410843444","error":""},"_links":{"self":[{"href":"https:\/\/www.europesays.com\/fr\/wp-json\/wp\/v2\/posts\/649914","targetHints":{"allow":["GET"]}}],"collection":[{"href":"https:\/\/www.europesays.com\/fr\/wp-json\/wp\/v2\/posts"}],"about":[{"href":"https:\/\/www.europesays.com\/fr\/wp-json\/wp\/v2\/types\/post"}],"author":[{"embeddable":true,"href":"https:\/\/www.europesays.com\/fr\/wp-json\/wp\/v2\/users\/2"}],"replies":[{"embeddable":true,"href":"https:\/\/www.europesays.com\/fr\/wp-json\/wp\/v2\/comments?post=649914"}],"version-history":[{"count":0,"href":"https:\/\/www.europesays.com\/fr\/wp-json\/wp\/v2\/posts\/649914\/revisions"}],"wp:featuredmedia":[{"embeddable":true,"href":"https:\/\/www.europesays.com\/fr\/wp-json\/wp\/v2\/media\/649915"}],"wp:attachment":[{"href":"https:\/\/www.europesays.com\/fr\/wp-json\/wp\/v2\/media?parent=649914"}],"wp:term":[{"taxonomy":"category","embeddable":true,"href":"https:\/\/www.europesays.com\/fr\/wp-json\/wp\/v2\/categories?post=649914"},{"taxonomy":"post_tag","embeddable":true,"href":"https:\/\/www.europesays.com\/fr\/wp-json\/wp\/v2\/tags?post=649914"}],"curies":[{"name":"wp","href":"https:\/\/api.w.org\/{rel}","templated":true}]}}