{"id":649916,"date":"2026-01-08T18:09:19","date_gmt":"2026-01-08T18:09:19","guid":{"rendered":"https:\/\/www.europesays.com\/fr\/649916\/"},"modified":"2026-01-08T18:09:19","modified_gmt":"2026-01-08T18:09:19","slug":"zalando-supprime-2-700-emplois-en-allemagne-face-a-la-concurrence-des-plateformes-chinoises","status":"publish","type":"post","link":"https:\/\/www.europesays.com\/fr\/649916\/","title":{"rendered":"Zalando supprime 2\u00a0700 emplois en Allemagne face \u00e0 la concurrence des plateformes chinoises"},"content":{"rendered":"<p>Le site d\u2019Erfurt, qui repr\u00e9sente un sixi\u00e8me des effectifs de Zalando et constituait un \u00ab\u00a0pilier logistique crucial\u00a0\u00bb selon un communiqu\u00e9, fermera \u00e0 la fin septembre. \u00ab\u00a0Nous allons imm\u00e9diatement entamer des n\u00e9gociations avec le comit\u00e9 d\u2019entreprise d\u2019Erfurt pour \u00e9laborer un accord d\u2019int\u00e9r\u00eat et <a href=\"https:\/\/www.sudouest.fr\/culture\/medias\/medias-le-point-va-enclencher-un-plan-social-58-postes-menaces-24149685.php\" target=\"_blank\" rel=\"noopener\">un plan social<\/a>\u00a0\u00bb, d\u00e9taille l\u2019entreprise bas\u00e9e \u00e0 Berlin. Trois autres entrep\u00f4ts en Europe, exploit\u00e9s par des prestataires externes, cesseront aussi toute activit\u00e9. Contact\u00e9, le syndicat des services Verdi n\u2019a pas r\u00e9pondu dans l\u2019imm\u00e9diat.<\/p>\n<p>Un objectif de 14 centres de distribution<\/p>\n<p>Fond\u00e9 en 2008, ce groupe phare en Europe de la vente en ligne de v\u00eatements emploie 16\u00a0000\u00a0personnes, dont pr\u00e8s de la moiti\u00e9 dans la capitale allemande. Selon Zalando, ce plan lui permettra de poursuivre <a href=\"https:\/\/www.sudouest.fr\/economie\/conso-distribution\/commerce-le-caviste-nicolas-devient-maison-nicolas-et-revoit-sa-strategie-pour-retrouver-la-croissance-26309046.php\" target=\"_blank\" rel=\"noopener\">sa strat\u00e9gie de croissance<\/a>, avec une hausse annuelle de 5 \u00e0 10\u00a0% des ventes r\u00e9alis\u00e9es sur son site et de son chiffre d\u2019affaires. \u00c0 terme, le groupe comptera 14 centres de distribution, contre 12 aujourd\u2019hui, r\u00e9partis dans 7 pays. Il devrait ouvrir \u00e0 l\u2019\u00e9t\u00e9 un site \u00e0 Giessen, dans l\u2019ouest de l\u2019Allemagne, employant 1\u00a0700\u00a0personnes.<\/p>\n<p>\u00ab\u00a0Nous continuerons d\u2019investir dans des technologies logistiques de pointe, l\u2019automatisation et des pratiques plus durables \u00e0 travers notre r\u00e9seau logistique paneurop\u00e9en\u00a0\u00bb, ajoute l\u2019entreprise cot\u00e9e \u00e0 la Bourse de Francfort. Vers 11h00, les investisseurs r\u00e9agissaient froidement \u00e0 cette annonce et l\u2019action perdait 2,35\u00a0% dans un indice Dax en recul de 0,09\u00a0%.<\/p>\n<p>Concurrence de Shein et Temu<\/p>\n<p>Zalando doit aujourd\u2019hui composer avec la rude concurrence des plateformes chinoises Shein et Temu, qui renouvellent sans cesse leurs produits \u00e0 des prix cass\u00e9s et p\u00e9n\u00e8trent sans mal le march\u00e9 europ\u00e9en. Pour mieux rivaliser, Zalando avait rachet\u00e9 l\u2019an dernier son rival hambourgeois About you pour 1,1\u00a0milliard d\u2019euros.<\/p>\n","protected":false},"excerpt":{"rendered":"Le site d\u2019Erfurt, qui repr\u00e9sente un sixi\u00e8me des effectifs de Zalando et constituait un \u00ab\u00a0pilier logistique crucial\u00a0\u00bb selon&hellip;\n","protected":false},"author":2,"featured_media":649917,"comment_status":"","ping_status":"","sticky":false,"template":"","format":"standard","meta":{"footnotes":""},"categories":[1587],"tags":[11,672,1804,1805,1803,1777,674,1801,12,1802],"class_list":{"0":"post-649916","1":"post","2":"type-post","3":"status-publish","4":"format-standard","5":"has-post-thumbnail","7":"category-allemagne","8":"tag-actualites","9":"tag-allemagne","10":"tag-bundesrepublik-deutschland","11":"tag-de","12":"tag-deutschland","13":"tag-eu","14":"tag-europe","15":"tag-germany","16":"tag-news","17":"tag-republique-federale-dallemagne"},"share_on_mastodon":{"url":"https:\/\/pubeurope.com\/@fr\/115860823366573410","error":""},"_links":{"self":[{"href":"https:\/\/www.europesays.com\/fr\/wp-json\/wp\/v2\/posts\/649916","targetHints":{"allow":["GET"]}}],"collection":[{"href":"https:\/\/www.europesays.com\/fr\/wp-json\/wp\/v2\/posts"}],"about":[{"href":"https:\/\/www.europesays.com\/fr\/wp-json\/wp\/v2\/types\/post"}],"author":[{"embeddable":true,"href":"https:\/\/www.europesays.com\/fr\/wp-json\/wp\/v2\/users\/2"}],"replies":[{"embeddable":true,"href":"https:\/\/www.europesays.com\/fr\/wp-json\/wp\/v2\/comments?post=649916"}],"version-history":[{"count":0,"href":"https:\/\/www.europesays.com\/fr\/wp-json\/wp\/v2\/posts\/649916\/revisions"}],"wp:featuredmedia":[{"embeddable":true,"href":"https:\/\/www.europesays.com\/fr\/wp-json\/wp\/v2\/media\/649917"}],"wp:attachment":[{"href":"https:\/\/www.europesays.com\/fr\/wp-json\/wp\/v2\/media?parent=649916"}],"wp:term":[{"taxonomy":"category","embeddable":true,"href":"https:\/\/www.europesays.com\/fr\/wp-json\/wp\/v2\/categories?post=649916"},{"taxonomy":"post_tag","embeddable":true,"href":"https:\/\/www.europesays.com\/fr\/wp-json\/wp\/v2\/tags?post=649916"}],"curies":[{"name":"wp","href":"https:\/\/api.w.org\/{rel}","templated":true}]}}