{"id":649918,"date":"2026-01-08T18:10:17","date_gmt":"2026-01-08T18:10:17","guid":{"rendered":"https:\/\/www.europesays.com\/fr\/649918\/"},"modified":"2026-01-08T18:10:17","modified_gmt":"2026-01-08T18:10:17","slug":"un-ancien-du-psg-va-signer-chez-un-champion-deurope","status":"publish","type":"post","link":"https:\/\/www.europesays.com\/fr\/649918\/","title":{"rendered":"Un ancien du PSG va signer chez un champion d&rsquo;Europe !"},"content":{"rendered":"<p>Le mercato hivernal bat son plein et les<br \/>\nclubs europ\u00e9ens s&rsquo;activent pour trouver l&rsquo;opportunit\u00e9<br \/>\nparfaite.<\/p>\n<p>Le mercato hivernal est ouvert depuis quelques jours. Plusieurs<br \/>\ncylindr\u00e9es europ\u00e9ennes se montrent actives pour renforcer leurs<br \/>\neffectifs et ainsi r\u00e9aliser une meilleure deuxi\u00e8me partie de<br \/>\nsaison. C\u2019est le cas de l\u2019Ajax Amsterdam qui rencontre des<br \/>\ndifficult\u00e9s depuis le d\u00e9but de l\u2019exercice surtout en Ligue des<br \/>\nChampions.<\/p>\n<blockquote class=\"twitter-tweet\"><p><a class=\"twitter-link\" rel=\"noindex, nofollow noopener\" href=\"https:\/\/twitter.com\/footmercato\/status\/2009191595464397148?s=20\" target=\"_blank\"><\/p><\/blockquote>\n<p>A en croire les informations de VI, le club n\u00e9erlandais<br \/>\naurait des vues sur un ancien joueur du Paris Saint-Germain. En<br \/>\neffet, l\u2019actuel milieu de terrain de Manchester United Manuel<br \/>\nUgarte plait beaucoup au quadruple champion d\u2019Europe. Le milieu de<br \/>\nterrain uruguayen n\u2019arrive pas \u00e0 s\u2019imposer chez les Red Devils ou<br \/>\ndes joueurs comme Bruno Fernandes er Casemiro passent devant lui<br \/>\ndans la hi\u00e9rarchie.<\/p>\n<p><strong>Un pr\u00eat est \u00e9voqu\u00e9 pour le<br \/>\nMancunien\u00a0<\/strong><\/p>\n<p>Les temps sont durs pour Manuel Ugarte \u00e0 Manchester United.<br \/>\nRecrut\u00e9 par le club anglais \u00e0 l\u2019\u00e9t\u00e9 2024 pour la somme de 50<br \/>\nmillions d\u2019euros + 10 millions de bonus, le milieu d\u00e9fensif<br \/>\nn\u2019arrive pas \u00e0 convaincre en Angleterre.<\/p>\n<p>Cantonn\u00e9 au banc des rempla\u00e7ants il pourrait poser ses valises \u00e0<br \/>\nl\u2019Ajax Amsterdam qui lui offrirait plus de temps de jeu en vue du<br \/>\nMondial 2026. Un pr\u00eat avec ou sans option d\u2019achat est \u00e9voqu\u00e9 pour<br \/>\nl\u2019ancien parisien qui aimerait retrouver son niveau de ses 6<br \/>\npremiers mois au PSG lors de la saison 23-24. Affaire \u00e0 suivre\u2026<\/p>\n<p><script async src=\"https:\/\/platform.twitter.com\/widgets.js\" charset=\"utf-8\"><\/script><\/p>\n","protected":false},"excerpt":{"rendered":"Le mercato hivernal bat son plein et les clubs europ\u00e9ens s&rsquo;activent pour trouver l&rsquo;opportunit\u00e9 parfaite. Le mercato hivernal&hellip;\n","protected":false},"author":2,"featured_media":649919,"comment_status":"","ping_status":"","sticky":false,"template":"","format":"standard","meta":{"footnotes":""},"categories":[1586],"tags":[11,1777,674,1011,27,12,25],"class_list":{"0":"post-649918","1":"post","2":"type-post","3":"status-publish","4":"format-standard","5":"has-post-thumbnail","7":"category-europe","8":"tag-actualites","9":"tag-eu","10":"tag-europe","11":"tag-fr","12":"tag-france","13":"tag-news","14":"tag-republique-francaise"},"share_on_mastodon":{"url":"https:\/\/pubeurope.com\/@fr\/115860827389068978","error":""},"_links":{"self":[{"href":"https:\/\/www.europesays.com\/fr\/wp-json\/wp\/v2\/posts\/649918","targetHints":{"allow":["GET"]}}],"collection":[{"href":"https:\/\/www.europesays.com\/fr\/wp-json\/wp\/v2\/posts"}],"about":[{"href":"https:\/\/www.europesays.com\/fr\/wp-json\/wp\/v2\/types\/post"}],"author":[{"embeddable":true,"href":"https:\/\/www.europesays.com\/fr\/wp-json\/wp\/v2\/users\/2"}],"replies":[{"embeddable":true,"href":"https:\/\/www.europesays.com\/fr\/wp-json\/wp\/v2\/comments?post=649918"}],"version-history":[{"count":0,"href":"https:\/\/www.europesays.com\/fr\/wp-json\/wp\/v2\/posts\/649918\/revisions"}],"wp:featuredmedia":[{"embeddable":true,"href":"https:\/\/www.europesays.com\/fr\/wp-json\/wp\/v2\/media\/649919"}],"wp:attachment":[{"href":"https:\/\/www.europesays.com\/fr\/wp-json\/wp\/v2\/media?parent=649918"}],"wp:term":[{"taxonomy":"category","embeddable":true,"href":"https:\/\/www.europesays.com\/fr\/wp-json\/wp\/v2\/categories?post=649918"},{"taxonomy":"post_tag","embeddable":true,"href":"https:\/\/www.europesays.com\/fr\/wp-json\/wp\/v2\/tags?post=649918"}],"curies":[{"name":"wp","href":"https:\/\/api.w.org\/{rel}","templated":true}]}}