{"id":649920,"date":"2026-01-08T18:11:17","date_gmt":"2026-01-08T18:11:17","guid":{"rendered":"https:\/\/www.europesays.com\/fr\/649920\/"},"modified":"2026-01-08T18:11:17","modified_gmt":"2026-01-08T18:11:17","slug":"je-ne-considere-pas-quil-y-a-eu-de-defaillances-estime-le-ministre-de-linterieur-apres-larrivee-dagriculteurs-sur-paris","status":"publish","type":"post","link":"https:\/\/www.europesays.com\/fr\/649920\/","title":{"rendered":"\u00ab\u00a0Je ne consid\u00e8re pas qu&rsquo;il y a eu de d\u00e9faillances\u00a0\u00bb, estime le ministre de l&rsquo;Int\u00e9rieur apr\u00e8s l&rsquo;arriv\u00e9e d&rsquo;agriculteurs sur Paris"},"content":{"rendered":"<p>Col\u00e8re agricole: \u00ab\u00a0Je ne consid\u00e8re pas qu&rsquo;il y a eu de d\u00e9faillances\u00a0\u00bb, estime le ministre de l&rsquo;Int\u00e9rieur apr\u00e8s l&rsquo;arriv\u00e9e d&rsquo;agriculteurs sur ParisSur le m\u00eame sujet<a href=\"https:\/\/www.bfmtv.com\/replay-emissions\/bfm-story\/video-marshall-truchot-info-bfmtv-macron-va-dire-non-au-mercosur-08-01_VN-202601080850.html\" title=\"Marshall Truchot : Info BFMTV, Macron va dire \u201cnon\u201d au Mercosur ? - 08\/01\" target=\"_blank\" rel=\"noopener\"><img width=\"16\" height=\"9\" class=\"lozad\"  alt=\"Marshall Truchot : Info BFMTV, Macron va dire \u201cnon\u201d au Mercosur ? - 08\/01\"\/>30:14Marshall Truchot : Info BFMTV, Macron va dire \u201cnon\u201d au Mercosur ? &#8211; 08\/01<\/a><a href=\"https:\/\/www.bfmtv.com\/replay-emissions\/signe-consigny\/video-signe-consigny-mercosur-l-europe-manque-a-ses-obligations-en-matiere-de-defense-de-ses-propres-interets-estime-l-essayiste_VN-202601080842.html\" title=\"SIGN\u00c9 CONSIGNY - Mercosur: &quot;L&#039;Europe manque \u00e0 ses obligations en mati\u00e8re de d\u00e9fense de ses propres int\u00e9r\u00eats&quot;, estime l&#039;essayiste \" target=\"_blank\" rel=\"noopener\"><img width=\"16\" height=\"9\" class=\"lozad\"  alt=\"SIGN\u00c9 CONSIGNY - Mercosur: &quot;L'Europe manque \u00e0 ses obligations en mati\u00e8re de d\u00e9fense de ses propres int\u00e9r\u00eats&quot;, estime l'essayiste \"\/>1:01SIGN\u00c9 CONSIGNY &#8211; Mercosur: \u00ab\u00a0L&rsquo;Europe manque \u00e0 ses obligations en mati\u00e8re de d\u00e9fense de ses propres int\u00e9r\u00eats\u00a0\u00bb, estime l&rsquo;essayiste<\/a><a href=\"https:\/\/www.bfmtv.com\/politique\/video-info-bmftv-emmanuel-macron-votera-non-a-l-accord-entre-le-mercosur-et-l-union-europeenne_VN-202601080828.html\" title=\"INFO BMFTV. Emmanuel Macron votera &quot;non&quot; \u00e0 l&#039;accord entre le Mercosur et l&#039;Union europ\u00e9enne\" target=\"_blank\" rel=\"noopener\"><img width=\"16\" height=\"9\" class=\"lozad\"  alt=\"INFO BMFTV. Emmanuel Macron votera &quot;non&quot; \u00e0 l'accord entre le Mercosur et l'Union europ\u00e9enne\"\/>0:48INFO BMFTV. Emmanuel Macron votera \u00ab\u00a0non\u00a0\u00bb \u00e0 l&rsquo;accord entre le Mercosur et l&rsquo;Union europ\u00e9enne<\/a><a href=\"https:\/\/www.bfmtv.com\/politique\/video-colere-agricole-je-ne-considere-pas-qu-il-y-a-eu-de-defaillances-estime-le-ministre-de-l-interieur-apres-l-arrivee-d-agriculteurs-sur-paris_VN-202601080816.html\" title=\"Col\u00e8re agricole: &quot;Je ne consid\u00e8re pas qu&#039;il y a eu de d\u00e9faillances&quot;, estime le ministre de l&#039;Int\u00e9rieur apr\u00e8s l&#039;arriv\u00e9e d&#039;agriculteurs sur Paris\" target=\"_blank\" rel=\"noopener\"><img width=\"16\" height=\"9\" class=\"lozad\"  alt=\"Col\u00e8re agricole: &quot;Je ne consid\u00e8re pas qu'il y a eu de d\u00e9faillances&quot;, estime le ministre de l'Int\u00e9rieur apr\u00e8s l'arriv\u00e9e d'agriculteurs sur Paris\"\/>en lectureCol\u00e8re agricole: \u00ab\u00a0Je ne consid\u00e8re pas qu&rsquo;il y a eu de d\u00e9faillances\u00a0\u00bb, estime le ministre de l&rsquo;Int\u00e9rieur apr\u00e8s l&rsquo;arriv\u00e9e d&rsquo;agriculteurs sur Paris<\/a><a href=\"https:\/\/www.bfmtv.com\/politique\/video-tempete-goretti-laurent-nunez-appelle-a-une-grande-vigilance-dans-les-departements-concernes_VN-202601080813.html\" title=\"Temp\u00eate Goretti: Laurent Nu\u00f1ez appelle \u00e0 une &quot;grande vigilance&quot; dans les d\u00e9partements concern\u00e9s\" target=\"_blank\" rel=\"noopener\"><img width=\"16\" height=\"9\" class=\"lozad\"  alt=\"Temp\u00eate Goretti: Laurent Nu\u00f1ez appelle \u00e0 une &quot;grande vigilance&quot; dans les d\u00e9partements concern\u00e9s\"\/>0:38Temp\u00eate Goretti: Laurent Nu\u00f1ez appelle \u00e0 une \u00ab\u00a0grande vigilance\u00a0\u00bb dans les d\u00e9partements concern\u00e9s<\/a><a href=\"https:\/\/www.bfmtv.com\/politique\/video-colere-agricole-le-ministre-de-l-interieur-laurent-nunez-n-a-pas-demande-au-prefet-de-police-de-paris-d-evacuer-les-manifestants_VN-202601080810.html\" title=\"Col\u00e8re agricole: le ministre de l&#039;Int\u00e9rieur, Laurent Nu\u00f1ez, &quot;n&#039;a pas demand\u00e9 au pr\u00e9fet de police (de Paris) d&#039;\u00e9vacuer&quot; les manifestants \" target=\"_blank\" rel=\"noopener\"><img width=\"16\" height=\"9\" class=\"lozad\"  alt=\"Col\u00e8re agricole: le ministre de l'Int\u00e9rieur, Laurent Nu\u00f1ez, &quot;n'a pas demand\u00e9 au pr\u00e9fet de police (de Paris) d'\u00e9vacuer&quot; les manifestants \"\/>0:57Col\u00e8re agricole: le ministre de l&rsquo;Int\u00e9rieur, Laurent Nu\u00f1ez, \u00ab\u00a0n&rsquo;a pas demand\u00e9 au pr\u00e9fet de police (de Paris) d&rsquo;\u00e9vacuer\u00a0\u00bb les manifestants<\/a><a href=\"https:\/\/www.bfmtv.com\/politique\/video-colere-agricole-11-interpellations-en-dehors-de-la-capitale-et-65-verbalisations-ont-ete-recensees-affirme-laurent-nunez-ministre-de-l-interieur_VN-202601080806.html\" title=\"Col\u00e8re agricole: &quot;11 interpellations en dehors de la capitale et 65 verbalisations&quot; ont \u00e9t\u00e9 recens\u00e9es, affirme Laurent Nu\u00f1ez, ministre de l&#039;Int\u00e9rieur  \" target=\"_blank\" rel=\"noopener\"><img width=\"16\" height=\"9\" class=\"lozad\"  alt=\"Col\u00e8re agricole: &quot;11 interpellations en dehors de la capitale et 65 verbalisations&quot; ont \u00e9t\u00e9 recens\u00e9es, affirme Laurent Nu\u00f1ez, ministre de l'Int\u00e9rieur  \"\/>1:52Col\u00e8re agricole: \u00ab\u00a011 interpellations en dehors de la capitale et 65 verbalisations\u00a0\u00bb ont \u00e9t\u00e9 recens\u00e9es, affirme Laurent Nu\u00f1ez, ministre de l&rsquo;Int\u00e9rieur<\/a><a href=\"https:\/\/www.bfmtv.com\/politique\/video-yael-braun-pivet-chahutee-par-des-agriculteurs-je-condamne-tres-fermement-declare-laurent-nunez-ministre-de-l-interieur_VN-202601080802.html\" title=\"Ya\u00ebl Braun-Pivet chahut\u00e9e par des agriculteurs: &quot;Je condamne tr\u00e8s fermement&quot;, d\u00e9clare Laurent Nunez, ministre de l&#039;Int\u00e9rieur\" target=\"_blank\" rel=\"noopener\"><img width=\"16\" height=\"9\" class=\"lozad\"  alt=\"Ya\u00ebl Braun-Pivet chahut\u00e9e par des agriculteurs: &quot;Je condamne tr\u00e8s fermement&quot;, d\u00e9clare Laurent Nunez, ministre de l'Int\u00e9rieur\"\/>0:27Ya\u00ebl Braun-Pivet chahut\u00e9e par des agriculteurs: \u00ab\u00a0Je condamne tr\u00e8s fermement\u00a0\u00bb, d\u00e9clare Laurent Nunez, ministre de l&rsquo;Int\u00e9rieur<\/a><a href=\"https:\/\/www.bfmtv.com\/politique\/video-manifestation-des-agriculteurs-a-paris-cette-manifestation-n-etait-pas-declaree-indique-laurent-nunez-ministre-de-l-interieur_VN-202601080801.html\" title=\"Manifestation des agriculteurs \u00e0 Paris: &quot;Cette manifestation n&#039;\u00e9tait pas d\u00e9clar\u00e9e&quot;, indique Laurent Nunez, ministre de l&#039;Int\u00e9rieur\" target=\"_blank\" rel=\"noopener\"><img width=\"16\" height=\"9\" class=\"lozad\"  alt=\"Manifestation des agriculteurs \u00e0 Paris: &quot;Cette manifestation n'\u00e9tait pas d\u00e9clar\u00e9e&quot;, indique Laurent Nunez, ministre de l'Int\u00e9rieur\"\/>3:00Manifestation des agriculteurs \u00e0 Paris: \u00ab\u00a0Cette manifestation n&rsquo;\u00e9tait pas d\u00e9clar\u00e9e\u00a0\u00bb, indique Laurent Nunez, ministre de l&rsquo;Int\u00e9rieur<\/a><a href=\"https:\/\/www.bfmtv.com\/politique\/video-colere-agricole-le-ministre-de-l-interieur-rapporte-67-actions-dans-39-departements_VN-202601080800.html\" title=\"Col\u00e8re agricole: le ministre de l&#039;Int\u00e9rieur rapporte &quot;67 actions&quot; dans 39 d\u00e9partements\" target=\"_blank\" rel=\"noopener\"><img width=\"16\" height=\"9\" class=\"lozad\"  alt=\"Col\u00e8re agricole: le ministre de l'Int\u00e9rieur rapporte &quot;67 actions&quot; dans 39 d\u00e9partements\"\/>1:57Col\u00e8re agricole: le ministre de l&rsquo;Int\u00e9rieur rapporte \u00ab\u00a067 actions\u00a0\u00bb dans 39 d\u00e9partements<\/a><a href=\"https:\/\/www.bfmtv.com\/replay-emissions\/bfm-story\/video-marshall-truchot-tempete-normandie-le-dispositif-fr-alert-declenche-08-01_VN-202601080779.html\" title=\"Marshall Truchot : Temp\u00eate\/Normandie, le dispositif &quot;Fr-Alert&quot; d\u00e9clench\u00e9 - 08\/01\" target=\"_blank\" rel=\"noopener\"><img width=\"16\" height=\"9\" class=\"lozad\"  alt=\"Marshall Truchot : Temp\u00eate\/Normandie, le dispositif &quot;Fr-Alert&quot; d\u00e9clench\u00e9 - 08\/01\"\/>20:42Marshall Truchot : Temp\u00eate\/Normandie, le dispositif \u00ab\u00a0Fr-Alert\u00a0\u00bb d\u00e9clench\u00e9 &#8211; 08\/01<\/a><a href=\"https:\/\/www.bfmtv.com\/replay-emissions\/bfm-story\/video-marshall-truchot-faut-il-ceder-a-la-pression-des-agriculteurs-08-01_VN-202601080768.html\" title=\" Marshall Truchot : Faut-il c\u00e9der \u00e0 la pression des agriculteurs ? - 08\/01\" target=\"_blank\" rel=\"noopener\"><img width=\"16\" height=\"9\" class=\"lozad\"  alt=\" Marshall Truchot : Faut-il c\u00e9der \u00e0 la pression des agriculteurs ? - 08\/01\"\/>21:25Marshall Truchot : Faut-il c\u00e9der \u00e0 la pression des agriculteurs ? &#8211; 08\/01<\/a><a href=\"https:\/\/www.bfmtv.com\/politique\/la-france-insoumise\/video-colere-agricole-ca-fait-dix-ans-que-le-president-macron-aurait-pu-s-opposer-a-ce-traite-de-mercosur-pointe-aurelie-trouve-deputee-lfi_VN-202601080761.html\" title=\"Col\u00e8re agricole: &quot;\u00c7a fait dix ans que le pr\u00e9sident Macron aurait pu s&#039;opposer \u00e0 ce trait\u00e9 de Mercosur&quot;, pointe Aur\u00e9lie Trouv\u00e9, d\u00e9put\u00e9e LFI\" target=\"_blank\" rel=\"noopener\"><img width=\"16\" height=\"9\" class=\"lozad\"  alt=\"Col\u00e8re agricole: &quot;\u00c7a fait dix ans que le pr\u00e9sident Macron aurait pu s'opposer \u00e0 ce trait\u00e9 de Mercosur&quot;, pointe Aur\u00e9lie Trouv\u00e9, d\u00e9put\u00e9e LFI\"\/>1:43Col\u00e8re agricole: \u00ab\u00a0\u00c7a fait dix ans que le pr\u00e9sident Macron aurait pu s&rsquo;opposer \u00e0 ce trait\u00e9 de Mercosur\u00a0\u00bb, pointe Aur\u00e9lie Trouv\u00e9, d\u00e9put\u00e9e LFI<\/a><a href=\"https:\/\/www.bfmtv.com\/societe\/video-colere-agricole-des-tracteurs-poses-au-pied-de-la-tour-eiffel_VN-202601080741.html\" title=\"Col\u00e8re agricole: des tracteurs pos\u00e9s au pied de la Tour Eiffel \" target=\"_blank\" rel=\"noopener\"><img width=\"16\" height=\"9\" class=\"lozad\"  alt=\"Col\u00e8re agricole: des tracteurs pos\u00e9s au pied de la Tour Eiffel \"\/>0:47Col\u00e8re agricole: des tracteurs pos\u00e9s au pied de la Tour Eiffel<\/a><a class=\"jumpToVideo\" target=\"_blank\"><img class=\"thumbnailPreview\"\/><\/a><\/p>\n","protected":false},"excerpt":{"rendered":"Col\u00e8re agricole: \u00ab\u00a0Je ne consid\u00e8re pas qu&rsquo;il y a eu de d\u00e9faillances\u00a0\u00bb, estime le ministre de l&rsquo;Int\u00e9rieur apr\u00e8s&hellip;\n","protected":false},"author":2,"featured_media":649921,"comment_status":"","ping_status":"","sticky":false,"template":"","format":"standard","meta":{"footnotes":""},"categories":[1586],"tags":[11,1777,674,1779,1011,27,12,25,1778,364],"class_list":{"0":"post-649920","1":"post","2":"type-post","3":"status-publish","4":"format-standard","5":"has-post-thumbnail","7":"category-europe","8":"tag-actualites","9":"tag-eu","10":"tag-europe","11":"tag-european-union","12":"tag-fr","13":"tag-france","14":"tag-news","15":"tag-republique-francaise","16":"tag-ue","17":"tag-union-europeenne"},"share_on_mastodon":{"url":"https:\/\/pubeurope.com\/@fr\/115860831343764020","error":""},"_links":{"self":[{"href":"https:\/\/www.europesays.com\/fr\/wp-json\/wp\/v2\/posts\/649920","targetHints":{"allow":["GET"]}}],"collection":[{"href":"https:\/\/www.europesays.com\/fr\/wp-json\/wp\/v2\/posts"}],"about":[{"href":"https:\/\/www.europesays.com\/fr\/wp-json\/wp\/v2\/types\/post"}],"author":[{"embeddable":true,"href":"https:\/\/www.europesays.com\/fr\/wp-json\/wp\/v2\/users\/2"}],"replies":[{"embeddable":true,"href":"https:\/\/www.europesays.com\/fr\/wp-json\/wp\/v2\/comments?post=649920"}],"version-history":[{"count":0,"href":"https:\/\/www.europesays.com\/fr\/wp-json\/wp\/v2\/posts\/649920\/revisions"}],"wp:featuredmedia":[{"embeddable":true,"href":"https:\/\/www.europesays.com\/fr\/wp-json\/wp\/v2\/media\/649921"}],"wp:attachment":[{"href":"https:\/\/www.europesays.com\/fr\/wp-json\/wp\/v2\/media?parent=649920"}],"wp:term":[{"taxonomy":"category","embeddable":true,"href":"https:\/\/www.europesays.com\/fr\/wp-json\/wp\/v2\/categories?post=649920"},{"taxonomy":"post_tag","embeddable":true,"href":"https:\/\/www.europesays.com\/fr\/wp-json\/wp\/v2\/tags?post=649920"}],"curies":[{"name":"wp","href":"https:\/\/api.w.org\/{rel}","templated":true}]}}