{"id":649940,"date":"2026-01-08T18:25:14","date_gmt":"2026-01-08T18:25:14","guid":{"rendered":"https:\/\/www.europesays.com\/fr\/649940\/"},"modified":"2026-01-08T18:25:14","modified_gmt":"2026-01-08T18:25:14","slug":"un-chef-doeuvre-de-vermeer-va-exceptionnellement-sortir-de-son-musee-pour-etre-expose-a-lautre-bout-du-monde","status":"publish","type":"post","link":"https:\/\/www.europesays.com\/fr\/649940\/","title":{"rendered":"Un chef-d&rsquo;\u0153uvre de Vermeer va exceptionnellement sortir de son mus\u00e9e pour \u00eatre expos\u00e9 \u00e0 l&rsquo;autre bout du monde"},"content":{"rendered":"<p class=\"ap-StoryElement ap-StoryElement--mb ap-StoryText\">L&rsquo;\u0153uvre avait \u00e9t\u00e9 pr\u00eat\u00e9e pour la derni\u00e8re fois en 2023, au Rijksmuseum d&rsquo;Amsterdam, une destination bien moins \u00e9loign\u00e9e.<\/p>\n<p><a href=\"https:\/\/www.dhnet.be\/medias\/divers\/2022\/09\/08\/des-experts-font-une-surprenante-decouverte-des-objets-caches-dans-le-tableau-la-laitiere-de-vermeer-SIJW3O4PQ5ERTHEOWAUZRMAHPE\/\" target=\"_self\" class=\"ap-StoryInterstitialLink ap-StoryElement ap-StoryElement--mb\" rel=\"noopener\">Des experts font une surprenante d\u00e9couverte: des objets cach\u00e9s dans le tableau \u00ab\u00a0La Laiti\u00e8re\u00a0\u00bb de Vermeer<\/a><\/p>\n<p class=\"ap-StoryElement ap-StoryElement--mb ap-StoryText\">Moins r\u00e9cemment, la peinture avait effectu\u00e9 un tour du monde entre 2012 et 2014, d\u00e9j\u00e0 \u00e0 l&rsquo;occasion de travaux importants sur le b\u00e2timent du Mauritshuis, ce qui avait permis \u00e0 quelque 2,2 millions de personnes de l&rsquo;admirer.<\/p>\n<p class=\"ap-StoryElement ap-StoryElement--mb ap-StoryText\">\u00ab\u00a0Pour le Mauritshuis, le voyage de la Jeune Fille au Japon est une opportunit\u00e9 unique [\u2026] de la partager avec le public japonais, peut-\u00eatre pour la toute derni\u00e8re fois\u00a0\u00bb, a soulign\u00e9 dans un communiqu\u00e9 Martine Gosselink, directrice g\u00e9n\u00e9rale du mus\u00e9e.<\/p>\n<p class=\"ap-StoryElement ap-StoryElement--mb ap-StoryText\">L&rsquo;\u0153uvre, une huile sur toile de petite taille, montre, se d\u00e9tachant d&rsquo;un fond noir uniforme, le buste de profil d&rsquo;une jeune fille coiff\u00e9e d&rsquo;un turban bleu et jaune, le visage tourn\u00e9 vers le spectateur qu&rsquo;elle fixe du regard. \u00c0 son lobe, pend une imposante perle qui donne son nom au tableau.<\/p>\n<p class=\"ap-StoryElement ap-StoryElement--mb ap-StoryText\">Surnomm\u00e9e \u00ab\u00a0Joconde du nord\u00a0\u00bb, notamment pour l&rsquo;expression \u00e9nigmatique de son sujet, rappelant celle de la c\u00e9l\u00e8bre Monna Lisa peinte par L\u00e9onard de Vinci, la Jeune Fille \u00e0 la perle a inspir\u00e9 un roman \u00e9ponyme devenu un best-seller ensuite adapt\u00e9 au cin\u00e9ma.<\/p>\n<p><a href=\"https:\/\/www.dhnet.be\/actu\/monde\/2022\/10\/27\/des-militants-ecolos-sen-prennent-a-la-jeune-fille-a-la-perle-de-vermeer-3J5PQ6H5GBBPLNN4CXVLC3EZGA\/\" target=\"_self\" class=\"ap-StoryInterstitialLink ap-StoryElement ap-StoryElement--mb\" rel=\"noopener\">Des militants \u00e9colos belges s&rsquo;en prennent \u00e0 \u00ab\u00a0La Jeune Fille \u00e0 la Perle\u00a0\u00bb de Vermeer<\/a><\/p>\n","protected":false},"excerpt":{"rendered":"L&rsquo;\u0153uvre avait \u00e9t\u00e9 pr\u00eat\u00e9e pour la derni\u00e8re fois en 2023, au Rijksmuseum d&rsquo;Amsterdam, une destination bien moins \u00e9loign\u00e9e.&hellip;\n","protected":false},"author":2,"featured_media":649941,"comment_status":"","ping_status":"","sticky":false,"template":"","format":"standard","meta":{"footnotes":""},"categories":[1358],"tags":[1348,1384,1385,251,1386,58,59,1011,27,2070,934,1585],"class_list":{"0":"post-649940","1":"post","2":"type-post","3":"status-publish","4":"format-standard","5":"has-post-thumbnail","7":"category-arts-et-design","8":"tag-arts","9":"tag-arts-and-design","10":"tag-arts-et-design","11":"tag-culture","12":"tag-design","13":"tag-divertissement","14":"tag-entertainment","15":"tag-fr","16":"tag-france","17":"tag-japon","18":"tag-pays-bas","19":"tag-peinture"},"share_on_mastodon":{"url":"https:\/\/pubeurope.com\/@fr\/115860886160938637","error":""},"_links":{"self":[{"href":"https:\/\/www.europesays.com\/fr\/wp-json\/wp\/v2\/posts\/649940","targetHints":{"allow":["GET"]}}],"collection":[{"href":"https:\/\/www.europesays.com\/fr\/wp-json\/wp\/v2\/posts"}],"about":[{"href":"https:\/\/www.europesays.com\/fr\/wp-json\/wp\/v2\/types\/post"}],"author":[{"embeddable":true,"href":"https:\/\/www.europesays.com\/fr\/wp-json\/wp\/v2\/users\/2"}],"replies":[{"embeddable":true,"href":"https:\/\/www.europesays.com\/fr\/wp-json\/wp\/v2\/comments?post=649940"}],"version-history":[{"count":0,"href":"https:\/\/www.europesays.com\/fr\/wp-json\/wp\/v2\/posts\/649940\/revisions"}],"wp:featuredmedia":[{"embeddable":true,"href":"https:\/\/www.europesays.com\/fr\/wp-json\/wp\/v2\/media\/649941"}],"wp:attachment":[{"href":"https:\/\/www.europesays.com\/fr\/wp-json\/wp\/v2\/media?parent=649940"}],"wp:term":[{"taxonomy":"category","embeddable":true,"href":"https:\/\/www.europesays.com\/fr\/wp-json\/wp\/v2\/categories?post=649940"},{"taxonomy":"post_tag","embeddable":true,"href":"https:\/\/www.europesays.com\/fr\/wp-json\/wp\/v2\/tags?post=649940"}],"curies":[{"name":"wp","href":"https:\/\/api.w.org\/{rel}","templated":true}]}}