{"id":649942,"date":"2026-01-08T18:27:10","date_gmt":"2026-01-08T18:27:10","guid":{"rendered":"https:\/\/www.europesays.com\/fr\/649942\/"},"modified":"2026-01-08T18:27:10","modified_gmt":"2026-01-08T18:27:10","slug":"face-aux-audiences-catastrophiques-france-2-deprogramme-lanneau-son-nouveau-jeu-presente-par-laurent-luyat","status":"publish","type":"post","link":"https:\/\/www.europesays.com\/fr\/649942\/","title":{"rendered":"Face aux audiences catastrophiques, France 2 d\u00e9programme \u00ab\u00a0L&rsquo;anneau\u00a0\u00bb, son nouveau jeu pr\u00e9sent\u00e9 par Laurent Luyat"},"content":{"rendered":"<p>La suite apr\u00e8s la publicit\u00e9<\/p>\n<p>\u00ab\u00a0Cette baisse d&rsquo;audience conduit France 2 \u00e0 modifier sa programmation\u00a0\u00bb. Dans un communiqu\u00e9 envoy\u00e9 ce jeudi 8 janvier 2026, France 2 a annonc\u00e9 la d\u00e9programmation de \u00ab\u00a0L&rsquo;anneau\u00a0\u00bb, son nouveau jeu lanc\u00e9 durant les vacances de No\u00ebl. Pr\u00e9sent\u00e9 par <a href=\"https:\/\/www.ozap.com\/personnalite\/laurent-luyat_e271897\" target=\"_blank\" rel=\"noopener\">Laurent Luyat<\/a>, <a href=\"https:\/\/www.ozap.com\/actu\/lanneau-date-de-diffusion-regles-candidats-tout-savoir-sur-le-koh-lanta-dhiver-de-france-2-presente-par-laurent-luyat\/652828\" target=\"_blank\" rel=\"noopener\">ce \u00ab\u00a0Koh-Lanta\u00a0\u00bb hivernal,<\/a> tourn\u00e9 sur les hauteurs d&rsquo;Isola 2000, dans les Alpes, n&rsquo;a pas trouv\u00e9 son public.\u00a0<\/p>\n<p>Moins de 5% du public en deuxi\u00e8me semaine<\/p>\n<p>\u00ab\u00a0La part d&rsquo;audience de cette \u00e9mission a enregistr\u00e9 une d\u00e9cote de &#8211; 19%, avec 5% de PDA 4+ \u00e0 date pour les deux soir\u00e9es (le 30 d\u00e9cembre et le 6 janvier, ndlr) vs 6,2% de PDA en moyenne pour les 4 mardis pr\u00e9c\u00e9dents\u00a0\u00bb, indique la cha\u00eene, qui a d\u00e9cid\u00e9 de d\u00e9placer la derni\u00e8re soir\u00e9e du jeu (qui comporte les 4 derniers \u00e9pisodes), pr\u00e9vue le mardi 13 janvier en prime, au m\u00eame soir mais en 2e partie de soir\u00e9e. Elle diffusera \u00e0 la place \u00ab\u00a0Le grand \u00e9chiquier\u00a0\u00bb consacr\u00e9 \u00e0 Claude Fran\u00e7ois, un num\u00e9ro in\u00e9dit du divertissement pr\u00e9sent\u00e9 par Claire Chazal et Andr\u00e9 Manoukian. Le film \u00ab\u00a0Millenium : ce qui ne tue pas\u00a0\u00bb, qui devait occuper la case de 2e partie de soir\u00e9e, sera quant \u00e0 lui reprogramm\u00e9 la veille, lundi 12 janvier \u00e0 23h55.<\/p>\n<p>Lors de son lancement mardi 30 d\u00e9cembre, <a href=\"https:\/\/www.ozap.com\/actu\/on-ma-malheureusement-colle-letiquette-de-lindividualiste-un-candidat-de-lanneau-denonce-le-montage-de-lemission-de-france-2\/653118\" target=\"_blank\" rel=\"noopener\">\u00ab\u00a0L&rsquo;anneau\u00a0\u00bb<\/a> n&rsquo;avait pas attir\u00e9 les foules, loin de l\u00e0, pla\u00e7ant France 2 en 4e position de la soir\u00e9e. Le programme qui fait s&rsquo;affronter des candidats autour d\u2019un anneau g\u00e9ant et qui m\u00eale strat\u00e9gie et culture g\u00e9n\u00e9rale, avait suscit\u00e9 la curiosit\u00e9 de <a href=\"https:\/\/www.ozap.com\/actu\/audiences-quel-score-pour-le-lancement-de-lanneau-le-nouveau-jeu-daventure-de-france-2-anime-par-laurent-luyat\/653081\" target=\"_blank\" rel=\"noopener\">1,09 million<\/a> de joueurs en premi\u00e8re partie de soir\u00e9e (21h09-21h58). Cela \u00e9quivalait \u00e0 6,1% du public pr\u00e9sent devant sa t\u00e9l\u00e9vision et 5,6% des FRDA-50. La 2e partie (21h58-22h41) a continu\u00e9 de divertir 803.000 d&rsquo;entre eux, soit 4,9% du public et 4,3% des FRDA-50. Enfin, la derni\u00e8re qui courrait jusqu&rsquo;\u00e0 23h26, a f\u00e9d\u00e9r\u00e9 719.000 t\u00e9l\u00e9spectateurs, soit 6,1% du public et 4,7% des FRDA-50.\u00a0<\/p>\n<p>La 2e soir\u00e9e du jeu, mardi dernier, avait de son c\u00f4t\u00e9 f\u00e9d\u00e9r\u00e9 <a href=\"https:\/\/www.ozap.com\/actu\/audiences-face-a-face-de-retour-au-top-sur-france-3-flop-confirme-pour-lanneau-sur-france-2-pandore-se-termine-dans-lindifference-generale-sur-m6\/653143\" target=\"_blank\" rel=\"noopener\">seulement 868.000 t\u00e9l\u00e9spectateurs<\/a> entre 21h07 et 21h55. Cela repr\u00e9sentait 4,7% du public et 5,6% des FRDA-50. L&rsquo;\u00e9pisode 5 avait conserv\u00e9 l&rsquo;attention de 614.000 d&rsquo;entre eux, soit 4,0% des 4 ans et plus et 3,5% des FRDA-50. Enfin, l&rsquo;\u00e9pisode 6, diffus\u00e9 de 22h42 \u00e0 23h34, avait diverti 454.000 t\u00e9l\u00e9spectateurs, soit 4,2% du public et 3,7% des FRDA-50.<\/p>\n","protected":false},"excerpt":{"rendered":"La suite apr\u00e8s la publicit\u00e9 \u00ab\u00a0Cette baisse d&rsquo;audience conduit France 2 \u00e0 modifier sa programmation\u00a0\u00bb. Dans un communiqu\u00e9&hellip;\n","protected":false},"author":2,"featured_media":649943,"comment_status":"","ping_status":"","sticky":false,"template":"","format":"standard","meta":{"footnotes":""},"categories":[1356],"tags":[58,59,1011,27,252,1364],"class_list":{"0":"post-649942","1":"post","2":"type-post","3":"status-publish","4":"format-standard","5":"has-post-thumbnail","7":"category-television","8":"tag-divertissement","9":"tag-entertainment","10":"tag-fr","11":"tag-france","12":"tag-television","13":"tag-tv"},"share_on_mastodon":{"url":"https:\/\/pubeurope.com\/@fr\/115860894149709570","error":""},"_links":{"self":[{"href":"https:\/\/www.europesays.com\/fr\/wp-json\/wp\/v2\/posts\/649942","targetHints":{"allow":["GET"]}}],"collection":[{"href":"https:\/\/www.europesays.com\/fr\/wp-json\/wp\/v2\/posts"}],"about":[{"href":"https:\/\/www.europesays.com\/fr\/wp-json\/wp\/v2\/types\/post"}],"author":[{"embeddable":true,"href":"https:\/\/www.europesays.com\/fr\/wp-json\/wp\/v2\/users\/2"}],"replies":[{"embeddable":true,"href":"https:\/\/www.europesays.com\/fr\/wp-json\/wp\/v2\/comments?post=649942"}],"version-history":[{"count":0,"href":"https:\/\/www.europesays.com\/fr\/wp-json\/wp\/v2\/posts\/649942\/revisions"}],"wp:featuredmedia":[{"embeddable":true,"href":"https:\/\/www.europesays.com\/fr\/wp-json\/wp\/v2\/media\/649943"}],"wp:attachment":[{"href":"https:\/\/www.europesays.com\/fr\/wp-json\/wp\/v2\/media?parent=649942"}],"wp:term":[{"taxonomy":"category","embeddable":true,"href":"https:\/\/www.europesays.com\/fr\/wp-json\/wp\/v2\/categories?post=649942"},{"taxonomy":"post_tag","embeddable":true,"href":"https:\/\/www.europesays.com\/fr\/wp-json\/wp\/v2\/tags?post=649942"}],"curies":[{"name":"wp","href":"https:\/\/api.w.org\/{rel}","templated":true}]}}