{"id":649944,"date":"2026-01-08T18:28:11","date_gmt":"2026-01-08T18:28:11","guid":{"rendered":"https:\/\/www.europesays.com\/fr\/649944\/"},"modified":"2026-01-08T18:28:11","modified_gmt":"2026-01-08T18:28:11","slug":"ronnie-radke-justifie-le-renvoi-de-max-georgiev-le-guitariste-nie-les-faits","status":"publish","type":"post","link":"https:\/\/www.europesays.com\/fr\/649944\/","title":{"rendered":"Ronnie Radke justifie le renvoi de Max Georgiev \u2013 Le guitariste nie les faits"},"content":{"rendered":"<p><strong>Ronnie Radke, leader de <a href=\"https:\/\/www.metalzone.fr\/falling-in-reverse\/\" target=\"_blank\" rel=\"noopener\">Falling In Reverse<\/a>, affirme avoir renvoy\u00e9 le guitariste Max Georgiev apr\u00e8s avoir \u00e9t\u00e9 inform\u00e9 d\u2019all\u00e9gations le visant, en lien avec une relation pr\u00e9sum\u00e9e avec une mineure. Georgiev conteste fermement ces accusations.<\/strong><\/p>\n<p>Ronnie Radke \u00e9voque une d\u00e9cision prise en 2024<\/p>\n<p>Lors d\u2019un livestream d\u00e9but janvier, Ronnie Radke a expliqu\u00e9 avoir \u00e9cart\u00e9 Max Georgiev du groupe en 2024, apr\u00e8s avoir appris des faits qu\u2019il juge pr\u00e9occupants. Selon ses dires, Georgiev aurait \u201cadmis avoir eu une relation avec une mineure dix ans avant de rejoindre le groupe\u201d.<\/p>\n<p>Il pr\u00e9cise avoir pris cette d\u00e9cision deux jours avant le lancement de la tourn\u00e9e, assurant lui-m\u00eame les parties de guitare sur les deux premiers concerts, en attendant de trouver un rempla\u00e7ant.<\/p>\n<p>Radke affirme avoir \u00e9t\u00e9 alert\u00e9 par une ex-compagne de Georgiev, et soutient que ce dernier aurait menti sur son \u00e2ge \u00e0 l\u2019\u00e9poque : \u201cIl n\u2019avait pas 23 ans, il \u00e9tait plus \u00e2g\u00e9. Il ment encore aujourd\u2019hui\u201d, a-t-il d\u00e9clar\u00e9 lors de ce direct.<\/p>\n<p>Max Georgiev d\u00e9ment formellement<\/p>\n<p>Le 6 janvier, Max Georgiev a publi\u00e9 une d\u00e9claration sur Instagram, rejetant toute accusation : \u201cJe n\u2019ai jamais rien fait d\u2019ill\u00e9gal avec une mineure. Il y a quinze ans, j\u2019avais 23 ans et je vivais encore au Qu\u00e9bec, au Canada\u201d.<\/p>\n<p>Il ajoute n\u2019avoir jamais \u00e9t\u00e9 vis\u00e9 par des accusations similaires dans les groupes avec lesquels il a jou\u00e9 depuis.<\/p>\n<p>\u00c0 noter que l\u2019\u00e2ge de consentement au Qu\u00e9bec est de 16 ans. Georgiev poursuit actuellement une carri\u00e8re solo.<\/p>\n<p>Parall\u00e8lement, le compte Instagram de Ronnie Radke, suivi par 1,4 million d\u2019abonn\u00e9s, a \u00e9t\u00e9 d\u00e9sactiv\u00e9. Le chanteur estime que ses publications \u00e0 propos de Georgiev pourraient en \u00eatre la cause : \u201cL\u2019IA a peut-\u00eatre d\u00e9tect\u00e9 ce que j\u2019ai dit et m\u2019a supprim\u00e9\u201d, a-t-il d\u00e9clar\u00e9.<\/p>\n","protected":false},"excerpt":{"rendered":"Ronnie Radke, leader de Falling In Reverse, affirme avoir renvoy\u00e9 le guitariste Max Georgiev apr\u00e8s avoir \u00e9t\u00e9 inform\u00e9&hellip;\n","protected":false},"author":2,"featured_media":649945,"comment_status":"","ping_status":"","sticky":false,"template":"","format":"standard","meta":{"footnotes":""},"categories":[1355],"tags":[58,59,1011,27,1361,873],"class_list":{"0":"post-649944","1":"post","2":"type-post","3":"status-publish","4":"format-standard","5":"has-post-thumbnail","7":"category-musique","8":"tag-divertissement","9":"tag-entertainment","10":"tag-fr","11":"tag-france","12":"tag-music","13":"tag-musique"},"share_on_mastodon":{"url":"https:\/\/pubeurope.com\/@fr\/115860898016872165","error":""},"_links":{"self":[{"href":"https:\/\/www.europesays.com\/fr\/wp-json\/wp\/v2\/posts\/649944","targetHints":{"allow":["GET"]}}],"collection":[{"href":"https:\/\/www.europesays.com\/fr\/wp-json\/wp\/v2\/posts"}],"about":[{"href":"https:\/\/www.europesays.com\/fr\/wp-json\/wp\/v2\/types\/post"}],"author":[{"embeddable":true,"href":"https:\/\/www.europesays.com\/fr\/wp-json\/wp\/v2\/users\/2"}],"replies":[{"embeddable":true,"href":"https:\/\/www.europesays.com\/fr\/wp-json\/wp\/v2\/comments?post=649944"}],"version-history":[{"count":0,"href":"https:\/\/www.europesays.com\/fr\/wp-json\/wp\/v2\/posts\/649944\/revisions"}],"wp:featuredmedia":[{"embeddable":true,"href":"https:\/\/www.europesays.com\/fr\/wp-json\/wp\/v2\/media\/649945"}],"wp:attachment":[{"href":"https:\/\/www.europesays.com\/fr\/wp-json\/wp\/v2\/media?parent=649944"}],"wp:term":[{"taxonomy":"category","embeddable":true,"href":"https:\/\/www.europesays.com\/fr\/wp-json\/wp\/v2\/categories?post=649944"},{"taxonomy":"post_tag","embeddable":true,"href":"https:\/\/www.europesays.com\/fr\/wp-json\/wp\/v2\/tags?post=649944"}],"curies":[{"name":"wp","href":"https:\/\/api.w.org\/{rel}","templated":true}]}}