{"id":649954,"date":"2026-01-08T18:33:10","date_gmt":"2026-01-08T18:33:10","guid":{"rendered":"https:\/\/www.europesays.com\/fr\/649954\/"},"modified":"2026-01-08T18:33:10","modified_gmt":"2026-01-08T18:33:10","slug":"le-broken-plan-est-la-tendance-cuisine-qui-va-tout-balayer","status":"publish","type":"post","link":"https:\/\/www.europesays.com\/fr\/649954\/","title":{"rendered":"Le \u201cbroken plan\u201d est la tendance cuisine qui va tout balayer"},"content":{"rendered":"<p class=\"p1\">\u00c0 chaque saison, ses <a href=\"https:\/\/www.lejournaldelamaison.fr\/le-journal-de-la-maison\/piece-par-piece\/salon\/deco-salon\/faites-adieux-elements-decoratifs-dans-salon-voici-nouvelles-tendances-arrivent-492370.html\" target=\"_blank\" rel=\"noopener\">nouvelles tendances<\/a>. Cette fois,<br \/>\n<strong>c\u2019est du c\u00f4t\u00e9 de la cuisine que nous vous<br \/>\nretrouvons<\/strong>. D\u2019apr\u00e8s nos confr\u00e8res de Homes and<br \/>\nGardens, de nouveaux \u00e9l\u00e9ments vont consid\u00e9rablement moderniser<br \/>\nl\u2019int\u00e9rieur de cette <strong>pi\u00e8ce centrale de notre<br \/>\nmaison<\/strong>. L\u2019un d\u2019entre eux a encore plus retenu notre<br \/>\nattention.<\/p>\n<p>En quoi consiste le \u201cbroken plan\u201d, cette tendance<br \/>\ncuisine qui revient en force en 2026 ?<\/p>\n<p class=\"p1\">Avez-vous entendu parler du \u201cbroken plan\u201d. En fait,<br \/>\ncette tendance consiste \u00e0 <strong>s\u00e9parer les espaces phares de<br \/>\nnotre cuisine<\/strong>. L\u2019id\u00e9e est de cr\u00e9er des zones distinctes,<br \/>\ntout en conservant une certaine fluidit\u00e9. Pour cela, les designers<br \/>\nutilisent des <strong>\u00e9l\u00e9ments architecturaux<\/strong> tels que des<br \/>\narches, des cloisons vitr\u00e9es ou m\u00eame des <a href=\"https:\/\/www.lejournaldelamaison.fr\/le-journal-de-la-maison\/reportages-maisons\/maisons-campagne\/chez-bernard-campan-maison-campagne-inconnu-pas-comme-autres-510759.html\" target=\"_blank\" rel=\"noopener\">poutres apparentes<\/a>.<\/p>\n<p class=\"p1\">Cette approche permet de d\u00e9limiter subtilement les<br \/>\n<strong>espaces de vie et de repas sans enfermer la<br \/>\ncuisine<\/strong>. C\u2019est \u00e0 la fois pratique et tr\u00e8s joli. Elle offre<br \/>\n\u00e9galement la <strong>possibilit\u00e9 de r\u00e9introduire des offices ou des<br \/>\narri\u00e8re-cuisines<\/strong>.<\/p>\n<p>Comment adopter cette tendance cuisine chez vous<br \/>\n?<\/p>\n<p class=\"p1\">Quelle que soit la dimension de votre cuisine, vous<br \/>\npouvez tr\u00e8s bien <strong>adopter cette tendance du \u201cbroken<br \/>\nplan\u201d<\/strong>. L\u2019important est de cr\u00e9er des <strong>zones<br \/>\nclairement d\u00e9finies<\/strong> sans cloisonner totalement l\u2019espace.<br \/>\nPour commencer, vous pouvez installer une cloison vitr\u00e9e ou une<br \/>\narche qui s\u00e9parent subtilement les diff\u00e9rentes zones <strong>tout<br \/>\nen laissant passer la lumi\u00e8re<\/strong>.<\/p>\n<p class=\"p1\">Comme l\u2019expliquent les experts, les gourmets ne<br \/>\nsouhaitent <strong>plus \u00eatre d\u00e9rang\u00e9s par les bruits ou les<br \/>\nodeurs<\/strong> \u00e9manant de <a href=\"https:\/\/www.lejournaldelamaison.fr\/le-journal-de-la-maison\/piece-par-piece\/cuisine-salle-a-manger-le-journal-de-la-maison\/cuisine\/couleur-cuisine-eloigne-argent-prosperite-chance-fortune-505630.html\" target=\"_blank\" rel=\"noopener\">la cuisine<\/a>. Vous pouvez<br \/>\n\u00e9galement y disposer un <strong>coin repas<\/strong> bien distinct<br \/>\npour marquer chaque zone de votre cuisine.<\/p>\n<blockquote class=\"tiktok-embed\" cite=\"https:\/\/www.tiktok.com\/@homedeco_by_eve\/video\/7287478129738747168\" data-video-id=\"7287478129738747168\" data-embed-from=\"oembed\" style=\"max-width:605px; min-width:325px;\"><p>\n<a target=\"_blank\" title=\"@homedeco_by_eve\" href=\"https:\/\/www.tiktok.com\/@homedeco_by_eve?refer=embed\" rel=\"noopener\">@homedeco_by_eve<\/a><\/p>\n<p>Derri\u00e8re la derni\u00e8re arche se trouve la cuisine <a title=\"kitchen\" target=\"_blank\" href=\"https:\/\/www.tiktok.com\/tag\/kitchen?refer=embed\" rel=\"noopener\">#kitchen<\/a><br \/>\n<a title=\"cuisine\" target=\"_blank\" href=\"https:\/\/www.tiktok.com\/tag\/cuisine?refer=embed\" rel=\"noopener\">#cuisine<\/a><br \/>\n<a title=\"kitchendecor\" target=\"_blank\" href=\"https:\/\/www.tiktok.com\/tag\/kitchendecor?refer=embed\" rel=\"noopener\">#kitchendecor<\/a><br \/>\n<a title=\"homekitchen\" target=\"_blank\" href=\"https:\/\/www.tiktok.com\/tag\/homekitchen?refer=embed\" rel=\"noopener\">#homekitchen<\/a><br \/>\n<a title=\"interiorkitchen\" target=\"_blank\" href=\"https:\/\/www.tiktok.com\/tag\/interiorkitchen?refer=embed\" rel=\"noopener\">#interiorkitchen<\/a><br \/>\n<a title=\"renovation\" target=\"_blank\" href=\"https:\/\/www.tiktok.com\/tag\/renovation?refer=embed\" rel=\"noopener\">#renovation<\/a><br \/>\n<a title=\"longere\" target=\"_blank\" href=\"https:\/\/www.tiktok.com\/tag\/longere?refer=embed\" rel=\"noopener\">#longere<\/a><br \/>\n<a title=\"interiordecor\" target=\"_blank\" href=\"https:\/\/www.tiktok.com\/tag\/interiordecor?refer=embed\" rel=\"noopener\">#interiordecor<\/a><br \/>\n<a title=\"myhomestyle\" target=\"_blank\" href=\"https:\/\/www.tiktok.com\/tag\/myhomestyle?refer=embed\" rel=\"noopener\">#myhomestyle<\/a><br \/>\n<a title=\"chaux\" target=\"_blank\" href=\"https:\/\/www.tiktok.com\/tag\/chaux?refer=embed\" rel=\"noopener\">#chaux<\/a> <a title=\"betoncir\u00e9\" target=\"_blank\" href=\"https:\/\/www.tiktok.com\/tag\/betoncir%C3%A9?refer=embed\" rel=\"noopener\">#betoncir\u00e9<\/a><br \/>\n<a title=\"bejmat\" target=\"_blank\" href=\"https:\/\/www.tiktok.com\/tag\/bejmat?refer=embed\" rel=\"noopener\">#bejmat<\/a><br \/>\n<a title=\"interiordecor\" target=\"_blank\" href=\"https:\/\/www.tiktok.com\/tag\/interiordecor?refer=embed\" rel=\"noopener\">#interiordecor<\/a><br \/>\n<a title=\"hometour\" target=\"_blank\" href=\"https:\/\/www.tiktok.com\/tag\/hometour?refer=embed\" rel=\"noopener\">#hometour<\/a><br \/>\n<a title=\"inspirationhouse\" target=\"_blank\" href=\"https:\/\/www.tiktok.com\/tag\/inspirationhouse?refer=embed\" rel=\"noopener\">#inspirationhouse<\/a><\/p>\n<p><a target=\"_blank\" title=\"\u266c Fallen Leaves - George King\" href=\"https:\/\/www.tiktok.com\/music\/Fallen-Leaves-7163710380279662593?refer=embed\" rel=\"noopener\"><br \/>\n\u266c Fallen Leaves &#8211; George King<\/a><\/p>\n<\/blockquote>\n<p>Quelles sont les autres grandes<br \/>\ntendances cuisine pour l\u2019ann\u00e9e \u00e0 venir ?<\/p>\n<p class=\"p1\">Les tendances cuisine de l\u2019<a href=\"https:\/\/www.lejournaldelamaison.fr\/le-journal-de-la-maison\/decoration-par-style\/industriel-et-vintage\/cuisines-annees-70-tasse-culte-mamies-revient-2026-524600.html\" target=\"_blank\" rel=\"noopener\">ann\u00e9e 2026<\/a> ont \u00e9t\u00e9 pens\u00e9es dans<br \/>\nla continuit\u00e9 du \u201cbroken plan\u201d. Et pour cause\u2026 M\u00eame <strong>le<br \/>\ngarde-manger s\u2019agr\u00e9mente d\u2019une vitre<\/strong> qui met en valeur vos<br \/>\nvictuailles. Les \u00e9tag\u00e8res s\u2019ouvrent et sont sublim\u00e9es par des rails<br \/>\nd\u00e9coratifs. Pour les mettre en valeur, les <strong>tons<br \/>\nneutres<\/strong> sont privil\u00e9gi\u00e9s par les sp\u00e9cialistes.<\/p>\n<p class=\"p1\">Optez donc pour des <strong>nuances chaudes et<br \/>\nterreuses<\/strong>. \u201cLes neutres terreux, les blancs et beiges<br \/>\nchauds, les verts doux et les bruns ancr\u00e9s remplacent les noirs,<br \/>\nles gris et les blancs froids \u00e0 fort contraste.\u201d, explique<br \/>\nLauren Tolles. Vous pouvez aussi s\u00e9lection un <strong>beau violet<br \/>\nou rouge fonc\u00e9s<\/strong> si vous aimez les couleurs.<\/p>\n<p><script async src=\"\/\/www.tiktok.com\/embed.js\"><\/script><\/p>\n","protected":false},"excerpt":{"rendered":"\u00c0 chaque saison, ses nouvelles tendances. Cette fois, c\u2019est du c\u00f4t\u00e9 de la cuisine que nous vous retrouvons.&hellip;\n","protected":false},"author":2,"featured_media":649955,"comment_status":"","ping_status":"","sticky":false,"template":"","format":"standard","meta":{"footnotes":""},"categories":[7],"tags":[930,13041,75458,15014,902,38575,12219,21,1011,27,4743,71402,26653,2043,5355,3583,43,40,41,39,4611,42,44,8551],"class_list":{"0":"post-649954","1":"post","2":"type-post","3":"status-publish","4":"format-standard","5":"has-post-thumbnail","7":"category-sciences-et-technologies","8":"tag-le","9":"tag-a","10":"tag-broken","11":"tag-central","12":"tag-cuisine","13":"tag-disparaitre","14":"tag-et","15":"tag-fait","16":"tag-fr","17":"tag-france","18":"tag-la","19":"tag-lilot","20":"tag-manger","21":"tag-nouvelle","22":"tag-plan","23":"tag-qui","24":"tag-science","25":"tag-science-and-technology","26":"tag-sciences","27":"tag-sciences-et-technologies","28":"tag-table","29":"tag-technologies","30":"tag-technology","31":"tag-tendance"},"share_on_mastodon":{"url":"https:\/\/pubeurope.com\/@fr\/115860917746665848","error":""},"_links":{"self":[{"href":"https:\/\/www.europesays.com\/fr\/wp-json\/wp\/v2\/posts\/649954","targetHints":{"allow":["GET"]}}],"collection":[{"href":"https:\/\/www.europesays.com\/fr\/wp-json\/wp\/v2\/posts"}],"about":[{"href":"https:\/\/www.europesays.com\/fr\/wp-json\/wp\/v2\/types\/post"}],"author":[{"embeddable":true,"href":"https:\/\/www.europesays.com\/fr\/wp-json\/wp\/v2\/users\/2"}],"replies":[{"embeddable":true,"href":"https:\/\/www.europesays.com\/fr\/wp-json\/wp\/v2\/comments?post=649954"}],"version-history":[{"count":0,"href":"https:\/\/www.europesays.com\/fr\/wp-json\/wp\/v2\/posts\/649954\/revisions"}],"wp:featuredmedia":[{"embeddable":true,"href":"https:\/\/www.europesays.com\/fr\/wp-json\/wp\/v2\/media\/649955"}],"wp:attachment":[{"href":"https:\/\/www.europesays.com\/fr\/wp-json\/wp\/v2\/media?parent=649954"}],"wp:term":[{"taxonomy":"category","embeddable":true,"href":"https:\/\/www.europesays.com\/fr\/wp-json\/wp\/v2\/categories?post=649954"},{"taxonomy":"post_tag","embeddable":true,"href":"https:\/\/www.europesays.com\/fr\/wp-json\/wp\/v2\/tags?post=649954"}],"curies":[{"name":"wp","href":"https:\/\/api.w.org\/{rel}","templated":true}]}}