{"id":649956,"date":"2026-01-08T18:34:13","date_gmt":"2026-01-08T18:34:13","guid":{"rendered":"https:\/\/www.europesays.com\/fr\/649956\/"},"modified":"2026-01-08T18:34:13","modified_gmt":"2026-01-08T18:34:13","slug":"pour-lidl-faire-de-la-pub-a-la-tele-francaise-ca-ne-vaut-plus-le-coup","status":"publish","type":"post","link":"https:\/\/www.europesays.com\/fr\/649956\/","title":{"rendered":"Pour Lidl, faire de la pub \u00e0 la t\u00e9l\u00e9 fran\u00e7aise, \u00e7a ne vaut plus le coup"},"content":{"rendered":"<p class=\"c-chapo \">\n  Condamn\u00e9 en juillet 2025 \u00e0 verser des millions d&rsquo;euros \u00e0 un concurrent pour des publicit\u00e9s illicites sur le petit \u00e9cran, Lidl vient d&rsquo;annoncer qu&rsquo;il arr\u00eatait la publicit\u00e9 en France. L&rsquo;enseigne d\u00e9nonce des contraintes r\u00e8glementaires trop importantes.\n<\/p>\n<p>      lire plus tard<\/p>\n<p id=\"dialog__title\" class=\"dialog__title\">Pour sauvegarder cet article, connectez-vous ou cr\u00e9ez un compte franceinfo<\/p>\n<p class=\"dialog__description\">Sans paiement. Sans abonnement.<\/p>\n<p>        Fermer la fen\u00eatre d\u2019activation des notifications France Info<\/p>\n<p>      cr\u00e9er votre compte<\/p>\n<p>      se connecter<\/p>\n<p>      :<\/p>\n<p>        Fermer la fen\u00eatre de pr\u00e9sentation<\/p>\n<p>    <img loading=\"lazy\" decoding=\"async\" class=\"signature__image lazyload\" width=\"100\" height=\"100\" data- alt=\"\" src=\"https:\/\/www.europesays.com\/fr\/wp-content\/uploads\/2025\/05\/portrait-sebastien-baer-66e562ffa6d95599212395.png\"\/><\/p>\n<p>    Publi\u00e9 le 08\/01\/2026 17:23<\/p>\n<p>        Temps de lecture : 1min<\/p>\n<p>    <img decoding=\"async\"  alt=\"L'entr\u00e9e du si\u00e8ge de Lidl, \u00e0 Neckarsulm (Allemagne), le 13 f\u00e9vrier 2022. (FRANK HOERMANN \/ SVEN SIMON \/ SVEN SIMON)\" width=\"432\" height=\"243\" src=\"https:\/\/www.europesays.com\/fr\/wp-content\/uploads\/2026\/01\/043-dpa-pa-274978378-66d0761b216f7136956342.jpg\" fetchpriority=\"high\"\/><\/p>\n<p>      L&rsquo;entr\u00e9e du si\u00e8ge de Lidl, \u00e0 Neckarsulm (Allemagne), le 13 f\u00e9vrier 2022. (FRANK HOERMANN \/ SVEN SIMON \/ SVEN SIMON)<\/p>\n<p>Fini les pubs t\u00e9l\u00e9\u00a0! Le groupe de \u00ab\u00a0hard-discount\u00a0\u00bb allemand, qui compte 1\u00a0600 magasins dans l\u2019Hexagone, a annonc\u00e9 jeudi 8 janvier renoncer \u00e0 ses campagnes de communication. Lidl, pr\u00e9sent en France depuis 35 ans, invoque la r\u00e9glementation fran\u00e7aise trop contraignante. Rappelons que le discounter a \u00e9t\u00e9 condamn\u00e9 il y a quelques moins \u00e0 une lourde amende pour \u00ab\u00a0pratiques commerciales trompeuses\u00a0\u00bb.<\/p>\n<p>Lidl a investi en France 400 millions d\u2019euros pour ses campagnes de publicit\u00e9 entre janvier et septembre 2025, ce qui fait du groupe le deuxi\u00e8me annonceur de l\u2019Hexagone, entre <a href=\"https:\/\/www.franceinfo.fr\/economie\/commerce\/mercosur\/mercosur-ne-recommencons-pas-l-histoire-exigeons-des-produits-d-amerique-latine-le-respect-reciproque-de-nos-normes-appelle-michel-edouard-leclerc_7682614.html\" target=\"_blank\" rel=\"noopener\" data-tooltip-url=\"https:\/\/www.franceinfo.fr\/economie\/commerce\/mercosur\/mercosur-ne-recommencons-pas-l-histoire-exigeons-des-produits-d-amerique-latine-le-respect-reciproque-de-nos-normes-appelle-michel-edouard-leclerc_7682614.html\">Leclerc <\/a>et <a href=\"https:\/\/www.franceinfo.fr\/economie\/emploi\/grande-distribution-le-groupement-les-mousquetaires-intermarche-va-recruter-6-a-7-000-personnes-en-2025_7003607.html\" target=\"_blank\" rel=\"noopener\" data-tooltip-url=\"https:\/\/www.franceinfo.fr\/economie\/emploi\/grande-distribution-le-groupement-les-mousquetaires-intermarche-va-recruter-6-a-7-000-personnes-en-2025_7003607.html\">Intermarch\u00e9<\/a>. Des spots t\u00e9l\u00e9vis\u00e9s pour vanter le rapport qualit\u00e9-prix imbattable et la diversit\u00e9 des produits.<\/p>\n<p>Mais le groupe a \u00e9t\u00e9 \u00e9pingl\u00e9 l\u2019\u00e9t\u00e9 dernier pour des publicit\u00e9s jug\u00e9es trompeuses et condamn\u00e9 \u00e0 verser 43 millions d\u2019euros \u00e0 son concurrent Intermarch\u00e9.<\/p>\n<p>Les spots en question, 374 au total pour un montant de 584 millions d&rsquo;euros, ont \u00e9t\u00e9 diffus\u00e9s entre 2017 et 2023. Pour la justice, les produits concern\u00e9s n\u2019\u00e9taient pas disponibles en quantit\u00e9 suffisante, pendant au moins 15 semaines, dans tous les magasins, comme le pr\u00e9voit <a href=\"https:\/\/www.legifrance.gouv.fr\/loda\/id\/JORFTEXT000000346165\" target=\"_blank\" rel=\"noopener\" data-tooltip-url=\"https:\/\/www.legifrance.gouv.fr\/loda\/id\/JORFTEXT000000346165\">un d\u00e9cret de 1992<\/a>.<\/p>\n<p>Pour la direction de Lidl, les risques li\u00e9s \u00e0 la r\u00e9glementation sont trop grands. \u00c0 la place des spots t\u00e9l\u00e9, le groupe investira \u00e0 l\u2019avenir dans des vid\u00e9os diffus\u00e9es en ligne.<\/p>\n<p class=\"related-tags__title\" role=\"heading\" aria-level=\"2\">les mots-cl\u00e9s associ\u00e9s \u00e0 cet article\n    <\/p>\n","protected":false},"excerpt":{"rendered":"Condamn\u00e9 en juillet 2025 \u00e0 verser des millions d&rsquo;euros \u00e0 un concurrent pour des publicit\u00e9s illicites sur le&hellip;\n","protected":false},"author":2,"featured_media":649957,"comment_status":"","ping_status":"","sticky":false,"template":"","format":"standard","meta":{"footnotes":""},"categories":[6],"tags":[35,33,34,1011,27],"class_list":{"0":"post-649956","1":"post","2":"type-post","3":"status-publish","4":"format-standard","5":"has-post-thumbnail","7":"category-economie","8":"tag-business","9":"tag-economie","10":"tag-economy","11":"tag-fr","12":"tag-france"},"share_on_mastodon":{"url":"https:\/\/pubeurope.com\/@fr\/115860921775934892","error":""},"_links":{"self":[{"href":"https:\/\/www.europesays.com\/fr\/wp-json\/wp\/v2\/posts\/649956","targetHints":{"allow":["GET"]}}],"collection":[{"href":"https:\/\/www.europesays.com\/fr\/wp-json\/wp\/v2\/posts"}],"about":[{"href":"https:\/\/www.europesays.com\/fr\/wp-json\/wp\/v2\/types\/post"}],"author":[{"embeddable":true,"href":"https:\/\/www.europesays.com\/fr\/wp-json\/wp\/v2\/users\/2"}],"replies":[{"embeddable":true,"href":"https:\/\/www.europesays.com\/fr\/wp-json\/wp\/v2\/comments?post=649956"}],"version-history":[{"count":0,"href":"https:\/\/www.europesays.com\/fr\/wp-json\/wp\/v2\/posts\/649956\/revisions"}],"wp:featuredmedia":[{"embeddable":true,"href":"https:\/\/www.europesays.com\/fr\/wp-json\/wp\/v2\/media\/649957"}],"wp:attachment":[{"href":"https:\/\/www.europesays.com\/fr\/wp-json\/wp\/v2\/media?parent=649956"}],"wp:term":[{"taxonomy":"category","embeddable":true,"href":"https:\/\/www.europesays.com\/fr\/wp-json\/wp\/v2\/categories?post=649956"},{"taxonomy":"post_tag","embeddable":true,"href":"https:\/\/www.europesays.com\/fr\/wp-json\/wp\/v2\/tags?post=649956"}],"curies":[{"name":"wp","href":"https:\/\/api.w.org\/{rel}","templated":true}]}}