{"id":649958,"date":"2026-01-08T18:35:11","date_gmt":"2026-01-08T18:35:11","guid":{"rendered":"https:\/\/www.europesays.com\/fr\/649958\/"},"modified":"2026-01-08T18:35:11","modified_gmt":"2026-01-08T18:35:11","slug":"en-direct-venezuela-un-nombre-important-de-prisonniers-politiques-y-compris-des-etrangers-vont-etre-liberes-selon-le-president-du-parlement-le-monde-fr","status":"publish","type":"post","link":"https:\/\/www.europesays.com\/fr\/649958\/","title":{"rendered":"EN DIRECT, Venezuela : un \u00ab nombre important \u00bb de prisonniers politiques, y compris des \u00e9trangers, vont \u00eatre lib\u00e9r\u00e9s, selon le pr\u00e9sident du Parlement &#8211; Le Monde.fr"},"content":{"rendered":"<ol>\n<li><a href=\"https:\/\/news.google.com\/rss\/articles\/CBMitAJBVV95cUxOYUNWbE9IckF2WU5SSWstZlRsSTFJWEZmTDBwVlRxRkNpZnlhaWF3VVhwTERMejl6MlpDQXFONnIteW5Ja0EyeEpFRlB2QmZEY3ptWTJKQmdVQ1dUTlBMcE1VZmVTOFVSbC1QR1padjJERDE0b09scmUxWjM4b1ZVM251MFhHVDBCWEJIQXZGQ1VZTFF6NWN3d0VzUEx4UHp2M1dLald6WHJjYkdSa0l4a1NBMVhuMFVxMFUxRndhM0wybWt3R2JCTlVNVkVoLXVhanpET3pQQ3B0WEpzVGJjLUhTOUFUOXZyaEo2dE5rcDlld1JvRGsyYWl3ZERYN3ZJLVgwNjZMVTd6aWZnT3RXZkpRNjRUOHFUa1l1MEUtUERLRjFTTHh6UnZSTGNPM205aWx2Wg?oc=5\" target=\"_blank\" rel=\"noopener\">EN DIRECT, Venezuela : un \u00ab nombre important \u00bb de prisonniers politiques, y compris des \u00e9trangers, vont \u00eatre lib\u00e9r\u00e9s, selon le pr\u00e9sident du Parlement<\/a>&nbsp;&nbsp;Le Monde.fr<\/li>\n<li><a href=\"https:\/\/news.google.com\/rss\/articles\/CBMi1wFBVV95cUxNcGF2aDJ3Mkw5Q3JUYXRLRXQwb21veU1INnRxZUZhc0JiUXJjNlBTMmZESTB4SW1URUFqVXdQN0FUSzNJRFRpUkxWbHBFUHp6LWwyZm9JM0N2VTdsX0RkSFBLUlRDVFlsVGF6QW15Y0dvOTA4QkZkdHhKcmZZSTlYTHdYSWxMS1RxWmdPenVZOWlSMy1MdURYOXhYcGhFalpfY1V6ZlY3ZGVUQ0NWTU15bjNfQzhFVE9lTEduMk9HemJTQktGbzVZY1lCQ1NYalNyNE1hR1Bjbw?oc=5\" target=\"_blank\" rel=\"noopener\">\u00ab\u00a0Il y a des centaines d&rsquo;innocents emprisonn\u00e9s, cela m&rsquo;inqui\u00e8te\u00a0\u00bb, dit le Toulousain Camilo Castro, ex-otage au Venezuela<\/a>&nbsp;&nbsp;francebleu.fr<\/li>\n<li><a href=\"https:\/\/news.google.com\/rss\/articles\/CBMi7wFBVV95cUxQbjJ0R1FRc3p3M0hRRi1kMUdDSmo4VU5YbE9GSTNKSi13RHFMbVJqTU1VMzJfRFRJTGdRSnlaanktc2xZalBYWGdtcFY3S0U4YWwwTnRSU2R6THpLb09pRXJYUWVLWlUtYVFkRGJOUVo0dWVDbzIxRkowNjRFUWpVc2NaNGExVWJsWndZUWhkNDRpTllNbkZMMm5ROVNsc1phYnBacE1NVWxsNDJTdU9UYVR4Yjk5a1NSWFRENWxyLTRleFNGY0R3VS1HX1MxTEROcGpETDZTclZhckxoQ1g4cnRrZWx4YVp2X1puREd4UQ?oc=5\" target=\"_blank\" rel=\"noopener\">Apr\u00e8s la capture de Maduro, les militants r\u00e9clament l&rsquo;amnistie pour les prisonniers politiques du Venezuela<\/a>&nbsp;&nbsp;parismatch.com<\/li>\n<li><a href=\"https:\/\/news.google.com\/rss\/articles\/CBMi1wFBVV95cUxPNG9TcUw3MW90Sjh1QkxrdkotczVJdXI4cXFLWmsxQTVBeVFNR3I1YTZXVFNfNkR4Nm5oZHFOd2FXdUVIUS1rVllHb2hjNE94UHFUNnpRV05FTkhkc09kbGR4UU5uWTM5cGlXSWdhcWxfdmNTbzJlRmF1NkhoZ3VTR0NxTjhwOGNBQ2hJX3J5MWQxQnItZTRqMnVFanh2dVZTd0dNOFRoSHJuaGxrbm8wZFpRT0ROalpHUDN0Q3FYM0t4T3RFX0NRTm5MbG9DRlBNdE9zTzNBZw?oc=5\" target=\"_blank\" rel=\"noopener\">Venezuela: lib\u00e9ration d&rsquo;au moins 87 personnes arr\u00eat\u00e9es lors des manifestations post\u00e9lectorales<\/a>&nbsp;&nbsp;Le Figaro<\/li>\n<li><a href=\"https:\/\/news.google.com\/rss\/articles\/CBMi1wFBVV95cUxQSHotQzN5OGpWa1VPOTJ1dGNoSkF0bmR6V2NoNFB1ZU5BVXRhRHktT211Q3pRa2N3d3Zha0ZkRkMtVkVpZWpuQTNiMzI2eDFVZ3ozR2EzSjQ1ZGlONXBxRmdrSURMTkFGaFlSUTQ4aTliT1pVTWRGcVpwelE2c2d4QjJqbkxtY3BYcVlDY2FXLTJheU8wa0JsYVJmM21sQ3JfR3gwcDZ4MkRwZk5UOTFUNktCNGtPYTg3bVFyRlJuTTVxeHZ3bWlzYkFiVDZ5cGFFMzZtcE1vUQ?oc=5\" target=\"_blank\" rel=\"noopener\">L&rsquo;opposition v\u00e9n\u00e9zu\u00e9lienne r\u00e9clame la lib\u00e9ration de tous les prisonniers politiques.<\/a>&nbsp;&nbsp;Indeksonline.<\/li>\n<\/ol>\n","protected":false},"excerpt":{"rendered":"EN DIRECT, Venezuela : un \u00ab nombre important \u00bb de prisonniers politiques, y compris des \u00e9trangers, vont \u00eatre&hellip;\n","protected":false},"author":2,"featured_media":649959,"comment_status":"","ping_status":"","sticky":false,"template":"","format":"standard","meta":{"footnotes":""},"categories":[5],"tags":[11,1011,27,14,12,28],"class_list":{"0":"post-649958","1":"post","2":"type-post","3":"status-publish","4":"format-standard","5":"has-post-thumbnail","7":"category-international","8":"tag-actualites","9":"tag-fr","10":"tag-france","11":"tag-international","12":"tag-news","13":"tag-world"},"share_on_mastodon":{"url":"https:\/\/pubeurope.com\/@fr\/115860925620833114","error":""},"_links":{"self":[{"href":"https:\/\/www.europesays.com\/fr\/wp-json\/wp\/v2\/posts\/649958","targetHints":{"allow":["GET"]}}],"collection":[{"href":"https:\/\/www.europesays.com\/fr\/wp-json\/wp\/v2\/posts"}],"about":[{"href":"https:\/\/www.europesays.com\/fr\/wp-json\/wp\/v2\/types\/post"}],"author":[{"embeddable":true,"href":"https:\/\/www.europesays.com\/fr\/wp-json\/wp\/v2\/users\/2"}],"replies":[{"embeddable":true,"href":"https:\/\/www.europesays.com\/fr\/wp-json\/wp\/v2\/comments?post=649958"}],"version-history":[{"count":0,"href":"https:\/\/www.europesays.com\/fr\/wp-json\/wp\/v2\/posts\/649958\/revisions"}],"wp:featuredmedia":[{"embeddable":true,"href":"https:\/\/www.europesays.com\/fr\/wp-json\/wp\/v2\/media\/649959"}],"wp:attachment":[{"href":"https:\/\/www.europesays.com\/fr\/wp-json\/wp\/v2\/media?parent=649958"}],"wp:term":[{"taxonomy":"category","embeddable":true,"href":"https:\/\/www.europesays.com\/fr\/wp-json\/wp\/v2\/categories?post=649958"},{"taxonomy":"post_tag","embeddable":true,"href":"https:\/\/www.europesays.com\/fr\/wp-json\/wp\/v2\/tags?post=649958"}],"curies":[{"name":"wp","href":"https:\/\/api.w.org\/{rel}","templated":true}]}}