{"id":649968,"date":"2026-01-08T18:40:12","date_gmt":"2026-01-08T18:40:12","guid":{"rendered":"https:\/\/www.europesays.com\/fr\/649968\/"},"modified":"2026-01-08T18:40:12","modified_gmt":"2026-01-08T18:40:12","slug":"vents-violents-et-ouverture-plus-tardive-des-parcs-vendredi-matin","status":"publish","type":"post","link":"https:\/\/www.europesays.com\/fr\/649968\/","title":{"rendered":"vents violents et ouverture plus tardive des parcs vendredi matin"},"content":{"rendered":"<p>        <strong>M\u00e9t\u00e9o. Des vents forts sont attendus d\u00e8s cette nuit en Meurthe-et-Moselle, plac\u00e9e en vigilance jaune.\u00a0<\/strong><\/p>\n<p>Au cours de la nuit de jeudi \u00e0 vendredi, le d\u00e9partement de la Meurthe-et-Moselle sera plac\u00e9 sous vigilance jaune pour \u00ab vent \u00bb. Cet \u00e9pisode s\u2019inscrit dans le passage de la temp\u00eate \u00ab Goretti \u00bb, attendue sur le nord-ouest du pays jeudi soir et la nuit suivante.\u00a0<\/p>\n<p>Apr\u00e8s une fermeture \u00e0 l\u2019heure habituelle, les parcs, jardins et cimeti\u00e8res de la ville de Nancy pourraient rouvrir plus tard ce vendredi 9 janvier matin, le temps pour les \u00e9quipes municipales de v\u00e9rifier arbres et b\u00e2timents afin de garantir la s\u00e9curit\u00e9 du public, informe dans un communiqu\u00e9 de la Ville.\u00a0<\/p>\n<p>\u00c0 Nancy, M\u00e9t\u00e9o-France pr\u00e9voit ce vendredi un temps instable avec des averses \u00e9parses et des rafales pouvant atteindre les 75 km\/h localement jusqu\u2019au d\u00e9but d\u2019apr\u00e8s-midi, avant une accalmie progressive.<\/p>\n<p><img loading=\"lazy\" decoding=\"async\" src=\"https:\/\/www.europesays.com\/fr\/wp-content\/uploads\/2026\/01\/meteo-france8janvier.png\" alt=\"meteo france8janvier\" width=\"700\" height=\"549\"\/><\/p>\n<p>source M\u00e9t\u00e9o France &#8211; bulletin du jeudi 8 janvier pour vendredi 9 janvier 2026<\/p>\n<p>\u00a0<\/p>\n<p>\t\t\t\t\t\t<a href=\"https:\/\/www.pinterest.com\/pin\/create\/button\/\" data-pin-do=\"buttonBookmark\" data-pin-color=\"red\" target=\"_blank\" rel=\"noopener\"><img decoding=\"async\" src=\"https:\/\/www.europesays.com\/fr\/wp-content\/uploads\/2025\/04\/pinit_fg_en_rect_red_20.png\" alt=\"Pin It\"\/><\/a><\/p>\n","protected":false},"excerpt":{"rendered":"M\u00e9t\u00e9o. Des vents forts sont attendus d\u00e8s cette nuit en Meurthe-et-Moselle, plac\u00e9e en vigilance jaune.\u00a0 Au cours de&hellip;\n","protected":false},"author":2,"featured_media":649969,"comment_status":"","ping_status":"","sticky":false,"template":"","format":"standard","meta":{"footnotes":""},"categories":[9635],"tags":[1111,11,1777,674,1011,27,775,1702,12,25],"class_list":{"0":"post-649968","1":"post","2":"type-post","3":"status-publish","4":"format-standard","5":"has-post-thumbnail","7":"category-nancy","8":"tag-actu","9":"tag-actualites","10":"tag-eu","11":"tag-europe","12":"tag-fr","13":"tag-france","14":"tag-grand-est","15":"tag-nancy","16":"tag-news","17":"tag-republique-francaise"},"share_on_mastodon":{"url":"https:\/\/pubeurope.com\/@fr\/115860945229626485","error":""},"_links":{"self":[{"href":"https:\/\/www.europesays.com\/fr\/wp-json\/wp\/v2\/posts\/649968","targetHints":{"allow":["GET"]}}],"collection":[{"href":"https:\/\/www.europesays.com\/fr\/wp-json\/wp\/v2\/posts"}],"about":[{"href":"https:\/\/www.europesays.com\/fr\/wp-json\/wp\/v2\/types\/post"}],"author":[{"embeddable":true,"href":"https:\/\/www.europesays.com\/fr\/wp-json\/wp\/v2\/users\/2"}],"replies":[{"embeddable":true,"href":"https:\/\/www.europesays.com\/fr\/wp-json\/wp\/v2\/comments?post=649968"}],"version-history":[{"count":0,"href":"https:\/\/www.europesays.com\/fr\/wp-json\/wp\/v2\/posts\/649968\/revisions"}],"wp:featuredmedia":[{"embeddable":true,"href":"https:\/\/www.europesays.com\/fr\/wp-json\/wp\/v2\/media\/649969"}],"wp:attachment":[{"href":"https:\/\/www.europesays.com\/fr\/wp-json\/wp\/v2\/media?parent=649968"}],"wp:term":[{"taxonomy":"category","embeddable":true,"href":"https:\/\/www.europesays.com\/fr\/wp-json\/wp\/v2\/categories?post=649968"},{"taxonomy":"post_tag","embeddable":true,"href":"https:\/\/www.europesays.com\/fr\/wp-json\/wp\/v2\/tags?post=649968"}],"curies":[{"name":"wp","href":"https:\/\/api.w.org\/{rel}","templated":true}]}}