{"id":649970,"date":"2026-01-08T18:42:25","date_gmt":"2026-01-08T18:42:25","guid":{"rendered":"https:\/\/www.europesays.com\/fr\/649970\/"},"modified":"2026-01-08T18:42:25","modified_gmt":"2026-01-08T18:42:25","slug":"cet-hiver-extreme-qui-a-traumatise-les-habitants-du-nord-et-de-lest-de-la-france-2","status":"publish","type":"post","link":"https:\/\/www.europesays.com\/fr\/649970\/","title":{"rendered":"cet hiver extr\u00eame qui a traumatis\u00e9 les habitants du Nord et de l\u2019Est de la France"},"content":{"rendered":"<p>Des routes gel\u00e9es, des \u00e9coles ferm\u00e9es, des trottoirs <a href=\"https:\/\/www.mariefrance.fr\/evasion\/ce-classement-des-stations-de-ski-les-plus-enneigees-de-france-en-2025-va-vous-surprendre-1217691.html\" target=\"_blank\" rel=\"noopener\">ensevelis sous la neige<\/a> : ces<br \/>\nimages marquent encore les m\u00e9moires des habitants du Nord et de<br \/>\nl\u2019Est de la France. <strong>Certains en parlent encore comme d\u2019un<br \/>\nhiver venu d\u2019un autre temps<\/strong>, tant la rigueur des<br \/>\ntemp\u00e9ratures avait transform\u00e9 leur quotidien.<\/p>\n<p>D\u2019apr\u00e8s les archives de <a href=\"https:\/\/france3-regions.franceinfo.fr\/hauts-de-france\/2013\/02\/25\/neige-en-nord-pas-de-calais-une-annee-exceptionnelle-206475.html#:~:text=Le%20record%20de%20neige%20sur,%C3%A9t%C3%A9%20constat%C3%A9es%20le%2027%20octobre.\" target=\"_blank\" rel=\"nofollow noopener\">France 3<br \/>\nR\u00e9gion<\/a>, <strong>ce fameux hiver reste l\u2019un des plus rudes<br \/>\njamais enregistr\u00e9s<\/strong>. Cette ann\u00e9e-l\u00e0, -34,5 \u00b0C sont relev\u00e9s<br \/>\n\u00e0 Nancy et 31 cm de neige sont tomb\u00e9s sur Lille. Plus d\u2019un<br \/>\ndemi-si\u00e8cle plus tard, ces records rappellent \u00e0 quel point le<br \/>\nclimat du pass\u00e9 a pu \u00eatre extr\u00eame. Et combien il continue de<br \/>\nfasciner, voire d\u2019inqui\u00e9ter.<\/p>\n<p>Un hiver d\u2019anthologie dans le Nord : 31 cm de neige et des<br \/>\nsemaines de gel<\/p>\n<p>Difficile pour les Lillois de ne pas \u00e9voquer l\u2019hiver 1968<br \/>\nlorsqu\u2019on parle de froid extr\u00eame. Cette ann\u00e9e-l\u00e0, la capitale des<br \/>\nFlandres s\u2019est couverte d\u2019un manteau blanc \u00e9pais de 31 centim\u00e8tres.<br \/>\nUn record toujours in\u00e9gal\u00e9. France 3 R\u00e9gion rappelait<br \/>\nd\u00e9j\u00e0, en 2013, que m\u00eame l\u2019hiver 2012-2013, <strong>pourtant<br \/>\nexceptionnel par ses chutes de neige<\/strong>, n\u2019avait pas atteint<br \/>\nun tel niveau. \u00c0 Boulogne-sur-Mer, on comptait quatorze jours de<br \/>\nneige cons\u00e9cutifs, et jusqu\u2019\u00e0 7 centim\u00e8tres en une seule<br \/>\njourn\u00e9e.<\/p>\n<p>\u00c0 l\u2019\u00e9poque, la neige tombait en abondance sur toute la r\u00e9gion<br \/>\nNord\u2013Pas-de-Calais, <strong>paralysant parfois les<br \/>\ntransports<\/strong> et plongeant les villes dans un calme<br \/>\ninhabituel. Les habitants de Lille se souviennent encore d\u2019avoir<br \/>\n<a href=\"https:\/\/www.mariefrance.fr\/vie-pratique\/la-neige-est-de-retour-en-france-qui-doit-deblayer-votre-allee-et-trottoir-les-regles-a-connaitre-pour-eviter-les-amendes-et-accidents-cet-hiver-1216820.html\" target=\"_blank\" rel=\"noopener\">d\u00e9gag\u00e9 les trottoirs<\/a> au petit<br \/>\nmatin, pellet\u00e9e apr\u00e8s pellet\u00e9e. Les plus anciens \u00e9voquent une<br \/>\natmosph\u00e8re particuli\u00e8re : \u00ab On n\u2019avait pas vu \u00e7a depuis<br \/>\nlongtemps \u00bb, disent-ils alors. D\u2019ailleurs, l\u2019hiver 2012-2013,<br \/>\nqualifi\u00e9 de \u00ab long et rigoureux \u00bb, a r\u00e9veill\u00e9 la m\u00e9moire de 1968.<br \/>\nUne ann\u00e9e o\u00f9 la neige \u00e9tait tomb\u00e9e d\u00e8s octobre, un ph\u00e9nom\u00e8ne in\u00e9dit<br \/>\nau XX\u1d49 si\u00e8cle.<\/p>\n<p><img loading=\"lazy\" decoding=\"async\" aria-describedby=\"caption-attachment-1218444\" itemprop=\"thumbnailUrl\" class=\"size-full wp-image-1218444 img-responsive\" src=\"https:\/\/www.europesays.com\/fr\/wp-content\/uploads\/2026\/01\/1-32.jpg\" alt=\"C\u2019est confirm\u00e9, la neige arrive en France : un salari\u00e9 peut-il exercer son droit de retrait en cas de verglas ? Ce que dit la loi\" width=\"1280\" height=\"720\"\/> \u00a9 Shutterstock<\/p>\n<p id=\"caption-attachment-1218444\" class=\"wp-caption-text\">Un<br \/>\nhiver, o\u00f9 la neige est tomb\u00e9e en abondance, qui reste grav\u00e9 dans<br \/>\nles m\u00e9moires.<\/p>\n<p>Dans l\u2019Est, l\u2019hiver 1968 a fait plonger les thermom\u00e8tres<\/p>\n<p>Et, pendant que le Nord se figeait sous la neige, l\u2019Est de la<br \/>\nFrance connaissait <strong>des temp\u00e9ratures litt\u00e9ralement<br \/>\npolaires<\/strong>. \u00c0 Nancy, le thermom\u00e8tre affichait -34,5 \u00b0C.<br \/>\nTandis qu\u2019\u00e0 Lille, il descendait jusqu\u2019\u00e0 -35 \u00b0C selon <a href=\"https:\/\/www.20minutes.fr\/societe\/4133558-20250114-froid-principaux-records-temperatures-negatives-france#:~:text=En%201963%20puis%20en%201968,dessous%20des%20%2D%2030%20%C2%B0C.\" target=\"_blank\" rel=\"nofollow noopener\">20 Minutes<\/a>.<br \/>\nCet \u00e9pisode de 1968 faisait partie d\u2019une s\u00e9rie de vagues de froid<br \/>\nqui ont marqu\u00e9 la France. Celle de 1956, o\u00f9 le pays a v\u00e9cu trois<br \/>\nsemaines glaciales. Et, celle de 1985, qui a vu le mercure<br \/>\natteindre -36,5 \u00b0C au Puy-en-Velay.<\/p>\n<p>Ces p\u00e9riodes de froid intense ont fa\u00e7onn\u00e9 le paysage climatique<br \/>\nfran\u00e7ais. En 1968, dans le Jura, \u00e0 Mouthe, souvent surnomm\u00e9e \u00ab\u00a0la<br \/>\npetite Sib\u00e9rie\u00a0\u00bb, on relevait un record absolu de -36,7 \u00b0C. Les<br \/>\nconditions \u00e9taient si extr\u00eames qu\u2019une simple sortie devenait une<br \/>\n\u00e9preuve. En f\u00e9vrier 1956, la neige a m\u00eame recouvert Saint-Tropez de<br \/>\n70 cm et Bordeaux de 80 cm, isolant totalement l\u2019Aquitaine. Autant<br \/>\nd\u2019\u00e9v\u00e9nements grav\u00e9s dans la m\u00e9moire collective.<\/p>\n<p><img loading=\"lazy\" decoding=\"async\" aria-describedby=\"caption-attachment-1118954\" class=\"size-full wp-image-1118954 img-responsive\" src=\"https:\/\/www.europesays.com\/fr\/wp-content\/uploads\/2025\/11\/3-109.jpg\" alt=\"Un thermom\u00e8tre\" width=\"1280\" height=\"720\"\/> \u00a9<br \/>\nShutterstock<\/p>\n<p id=\"caption-attachment-1118954\" class=\"wp-caption-text\">Les<br \/>\ntemp\u00e9ratures glaciales de cet hiver 1968 sont grav\u00e9es dans les<br \/>\nm\u00e9moires.<\/p>\n<p>Des hivers plus doux, mais un souvenir<br \/>\nglacial qui demeure<\/p>\n<p>Aujourd\u2019hui, alors que la France a connu en janvier 2025 un<br \/>\nnouvel <a href=\"https:\/\/www.mariefrance.fr\/actualite\/societe\/neige-plaine-tempete-floriane-departements-vont-vivre-episode-froid-intense-mercredi-1115498.html\" target=\"_blank\" rel=\"noopener\">\u00e9pisode de froid intense<\/a>, les<br \/>\nm\u00e9t\u00e9orologues rappellent que ces records appartiennent \u00e0 une \u00e9poque<br \/>\no\u00f9 <strong>les vagues de froid \u00e9taient plus fr\u00e9quentes<\/strong>.<br \/>\nLes derni\u00e8res comparables datent de f\u00e9vrier 2012, avec -32,5 \u00b0C<br \/>\nenregistr\u00e9s \u00e0 Clermont-Ferrand. Depuis, les hivers se sont adoucis.<br \/>\nM\u00eame si certains pics de froid rappellent ponctuellement<br \/>\nl\u2019intensit\u00e9 du pass\u00e9.<\/p>\n<blockquote class=\"twitter-tweet\"><p><a class=\"twitter-link\" rel=\"noindex, nofollow noopener\" href=\"https:\/\/twitter.com\/mariefrancemag\/status\/1986477018473525327\" target=\"_blank\"><\/p><\/blockquote>\n<p>Les experts expliquent que le r\u00e9chauffement climatique ne<br \/>\nsignifie pas la disparition des \u00e9pisodes extr\u00eames, mais leur<br \/>\ntransformation. Donc, de fortes amplitudes thermiques peuvent<br \/>\nencore survenir. Comme celle de Mouthe en 1968, avec <strong>pr\u00e8s<br \/>\nde 38 \u00b0C d\u2019\u00e9cart entre le matin et l\u2019apr\u00e8s-midi.<\/strong> Pour les<br \/>\nhabitants du Nord et de l\u2019Est, ces souvenirs restent un rappel<br \/>\nfrappant de la puissance des saisons. L\u2019hiver, aussi beau<br \/>\nqu\u2019implacable, continue d\u2019incarner cette part de nature qui,<br \/>\nparfois, reprend le dessus.<\/p>\n<p><script async src=\"https:\/\/platform.twitter.com\/widgets.js\" charset=\"utf-8\"><\/script><\/p>\n","protected":false},"excerpt":{"rendered":"Des routes gel\u00e9es, des \u00e9coles ferm\u00e9es, des trottoirs ensevelis sous la neige : ces images marquent encore les&hellip;\n","protected":false},"author":2,"featured_media":649971,"comment_status":"","ping_status":"","sticky":false,"template":"","format":"standard","meta":{"footnotes":""},"categories":[9635],"tags":[1111,11,1777,674,1011,27,775,1702,12,25,6055],"class_list":{"0":"post-649970","1":"post","2":"type-post","3":"status-publish","4":"format-standard","5":"has-post-thumbnail","7":"category-nancy","8":"tag-actu","9":"tag-actualites","10":"tag-eu","11":"tag-europe","12":"tag-fr","13":"tag-france","14":"tag-grand-est","15":"tag-nancy","16":"tag-news","17":"tag-republique-francaise","18":"tag-republishing"},"share_on_mastodon":{"url":"https:\/\/pubeurope.com\/@fr\/115860953155371771","error":""},"_links":{"self":[{"href":"https:\/\/www.europesays.com\/fr\/wp-json\/wp\/v2\/posts\/649970","targetHints":{"allow":["GET"]}}],"collection":[{"href":"https:\/\/www.europesays.com\/fr\/wp-json\/wp\/v2\/posts"}],"about":[{"href":"https:\/\/www.europesays.com\/fr\/wp-json\/wp\/v2\/types\/post"}],"author":[{"embeddable":true,"href":"https:\/\/www.europesays.com\/fr\/wp-json\/wp\/v2\/users\/2"}],"replies":[{"embeddable":true,"href":"https:\/\/www.europesays.com\/fr\/wp-json\/wp\/v2\/comments?post=649970"}],"version-history":[{"count":0,"href":"https:\/\/www.europesays.com\/fr\/wp-json\/wp\/v2\/posts\/649970\/revisions"}],"wp:featuredmedia":[{"embeddable":true,"href":"https:\/\/www.europesays.com\/fr\/wp-json\/wp\/v2\/media\/649971"}],"wp:attachment":[{"href":"https:\/\/www.europesays.com\/fr\/wp-json\/wp\/v2\/media?parent=649970"}],"wp:term":[{"taxonomy":"category","embeddable":true,"href":"https:\/\/www.europesays.com\/fr\/wp-json\/wp\/v2\/categories?post=649970"},{"taxonomy":"post_tag","embeddable":true,"href":"https:\/\/www.europesays.com\/fr\/wp-json\/wp\/v2\/tags?post=649970"}],"curies":[{"name":"wp","href":"https:\/\/api.w.org\/{rel}","templated":true}]}}