{"id":649994,"date":"2026-01-08T18:54:12","date_gmt":"2026-01-08T18:54:12","guid":{"rendered":"https:\/\/www.europesays.com\/fr\/649994\/"},"modified":"2026-01-08T18:54:12","modified_gmt":"2026-01-08T18:54:12","slug":"strasbourg-un-impressionnant-echafaudage-en-cours-dinstallation-sur-la-librairie-kleber-qui-demenage","status":"publish","type":"post","link":"https:\/\/www.europesays.com\/fr\/649994\/","title":{"rendered":"Strasbourg. Un impressionnant \u00e9chafaudage en cours d&rsquo;installation sur la librairie Kl\u00e9ber, qui d\u00e9m\u00e9nage"},"content":{"rendered":"<p>Derri\u00e8re les murs du b\u00e2timent historique, qui semble corset\u00e9, les employ\u00e9s du commerce culturel s\u2019activent. Une chor\u00e9graphie de cartons de livres passant de mains en mains s\u2019organise. Et un ballet de camions s\u2019improvise sur une centaine de m\u00e8tres entre l\u2019immeuble qui donne sur la place Kl\u00e9ber, si\u00e8ge de la librairie internationale (qui appartient aux \u00c9ditions Gallimard) depuis 1962, et les <a href=\"https:\/\/www.dna.fr\/economie\/2025\/11\/06\/c-est-officiel-la-librairie-kleber-va-demenager-dans-les-murs-de-l-ancienne-enseigne-boulanger\" target=\"_blank\" rel=\"noopener\">anciens locaux de l\u2019enseigne Boulanger au 30, rue du 22-Novembre<\/a> , point de chute provisoire (librairie \u00e9ph\u00e9m\u00e8re) de l\u2019embl\u00e9matique institution culturelle, qui ouvre d\u00e8s le 15 janvier prochain.<\/p>\n<p>Une fois la librairie de la rue des Francs-Bourgeois vid\u00e9e, les travaux de r\u00e9novation vont durer une dizaine de mois, soit jusqu\u2019au prochain march\u00e9 de No\u00ebl 2026.<\/p>\n","protected":false},"excerpt":{"rendered":"Derri\u00e8re les murs du b\u00e2timent historique, qui semble corset\u00e9, les employ\u00e9s du commerce culturel s\u2019activent. Une chor\u00e9graphie de&hellip;\n","protected":false},"author":2,"featured_media":649995,"comment_status":"","ping_status":"","sticky":false,"template":"","format":"standard","meta":{"footnotes":""},"categories":[2820],"tags":[1111,11,4406,130,1687,33,2880,1777,674,107,1011,27,775,2410,12,2661,25,640,2879],"class_list":{"0":"post-649994","1":"post","2":"type-post","3":"status-publish","4":"format-standard","5":"has-post-thumbnail","7":"category-strasbourg","8":"tag-actu","9":"tag-actualites","10":"tag-commerce-et-services","11":"tag-consommation","12":"tag-culture-loisirs","13":"tag-economie","14":"tag-edition-strasbourg","15":"tag-eu","16":"tag-europe","17":"tag-fil-info","18":"tag-fr","19":"tag-france","20":"tag-grand-est","21":"tag-livres-bd","22":"tag-news","23":"tag-patrimoine-culturel","24":"tag-republique-francaise","25":"tag-strasbourg","26":"tag-strasbourg-ville"},"share_on_mastodon":{"url":"https:\/\/pubeurope.com\/@fr\/115861000343668223","error":""},"_links":{"self":[{"href":"https:\/\/www.europesays.com\/fr\/wp-json\/wp\/v2\/posts\/649994","targetHints":{"allow":["GET"]}}],"collection":[{"href":"https:\/\/www.europesays.com\/fr\/wp-json\/wp\/v2\/posts"}],"about":[{"href":"https:\/\/www.europesays.com\/fr\/wp-json\/wp\/v2\/types\/post"}],"author":[{"embeddable":true,"href":"https:\/\/www.europesays.com\/fr\/wp-json\/wp\/v2\/users\/2"}],"replies":[{"embeddable":true,"href":"https:\/\/www.europesays.com\/fr\/wp-json\/wp\/v2\/comments?post=649994"}],"version-history":[{"count":0,"href":"https:\/\/www.europesays.com\/fr\/wp-json\/wp\/v2\/posts\/649994\/revisions"}],"wp:featuredmedia":[{"embeddable":true,"href":"https:\/\/www.europesays.com\/fr\/wp-json\/wp\/v2\/media\/649995"}],"wp:attachment":[{"href":"https:\/\/www.europesays.com\/fr\/wp-json\/wp\/v2\/media?parent=649994"}],"wp:term":[{"taxonomy":"category","embeddable":true,"href":"https:\/\/www.europesays.com\/fr\/wp-json\/wp\/v2\/categories?post=649994"},{"taxonomy":"post_tag","embeddable":true,"href":"https:\/\/www.europesays.com\/fr\/wp-json\/wp\/v2\/tags?post=649994"}],"curies":[{"name":"wp","href":"https:\/\/api.w.org\/{rel}","templated":true}]}}