{"id":650006,"date":"2026-01-08T19:02:13","date_gmt":"2026-01-08T19:02:13","guid":{"rendered":"https:\/\/www.europesays.com\/fr\/650006\/"},"modified":"2026-01-08T19:02:13","modified_gmt":"2026-01-08T19:02:13","slug":"chez-moi-le-thermometre-est-descendu-a-15-c-lhiver-infernal-des-oublies-du-gaz","status":"publish","type":"post","link":"https:\/\/www.europesays.com\/fr\/650006\/","title":{"rendered":"\u00ab\u00a0Chez moi, le thermom\u00e8tre est descendu \u00e0 15\u00a0\u00b0C\u00a0!\u00a0\u00bb\u00a0: l\u2019hiver infernal des oubli\u00e9s du gaz"},"content":{"rendered":"<p>\n                                                                    l&rsquo;essentiel<br \/>\n                                                                Un chauffage collectif d\u00e9faillant pourrit la vie des habitants de la r\u00e9sidence HLM des Fontanelles, \u00e0 Toulouse. Les trois chaudi\u00e8res \u00e0 gaz, qui alimentent un gros p\u00e2t\u00e9 d\u2019immeubles ne sont visiblement pas suffisantes. Mais le bailleur social n\u2019a pas pris la mesure de la situation.\n                            <\/p>\n<p>\u00ab\u00a0Quel frigo\u00a0\u00bb\u00a0! La vague de grand froid qui vient de s\u2019abattre sur Toulouse a mis \u00e0 rude \u00e9preuve les chauffages collectifs et le quotidien des habitants de la r\u00e9sidence des Fontanelles dans le quartier de la cit\u00e9 de l\u2019Hers, dont les logements se sont transform\u00e9s, l\u2019espace de quelques jours, en igloos. \u00ab\u00a0C\u2019est infernal, s\u2019indigne K\u00e9vin Fermine, un handicap\u00e9 moteur qui vit au premier niveau d\u2019un b\u00e2timent de quatre \u00e9tages. Chez moi, la temp\u00e9rature est descendue \u00e0 15\u00a0\u00b0C, c\u2019\u00e9tait invivable\u00a0\u00bb.<\/p>\n<p>        <img decoding=\"async\" class=\"std-img__img responsive-img\" src=\"https:\/\/www.europesays.com\/fr\/wp-content\/uploads\/2026\/01\/1767898933_405_image.jpg\" alt=\"K\u00e9vin Fermine vit dans un appartement glacial. Il soup\u00e7onne le bailleur social de ne pas vouloir r\u00e9nover le syst\u00e8me de chauffage collectif de sa r\u00e9sidence.\"\/><\/p>\n<p>                K\u00e9vin Fermine vit dans un appartement glacial. Il soup\u00e7onne le bailleur social de ne pas vouloir r\u00e9nover le syst\u00e8me de chauffage collectif de sa r\u00e9sidence.<br \/>\n                                    DDM &#8211; FREDERIC SCHEIBER<\/p>\n<p>Le locataire est d\u2019autant plus en col\u00e8re que ce dysfonctionnement est r\u00e9current. \u00ab\u00a0D\u00e8s que le thermom\u00e8tre baisse, le chauffage est \u00e0 la peine, explique-t-il. Il n\u2019y a que trois chaudi\u00e8res \u00e0 gaz pour alimenter tous les immeubles de la r\u00e9sidence et ce dispositif est manifestement insuffisant. Tous les hivers, c\u2019est la m\u00eame histoire\u00a0\u00bb. Ce n\u2019est pourtant pas faute d\u2019avoir signal\u00e9 le probl\u00e8me au bailleur social, le groupe Patrimoine La Languedocienne.<\/p>\n<p>Un chauffage sous-dimensionn\u00e9<\/p>\n<p>\u00ab\u00a0Ils interviennent r\u00e9guli\u00e8rement, mais cela ne sert \u00e0 rien tant que l\u2019on n\u2019aura pas r\u00e9gl\u00e9 la question de fond. Malgr\u00e9 de nombreux signalements r\u00e9p\u00e9t\u00e9s, des d\u00e9marches collectives et des p\u00e9titions, aucune solution durable n\u2019a, \u00e0 ce jour, \u00e9t\u00e9 mise en \u0153uvre, constate K\u00e9vin. La situation est aujourd\u2019hui particuli\u00e8rement pr\u00e9occupante, d\u2019autant plus que je suis actuellement malade et que les temp\u00e9ratures dans le logement restent tr\u00e8s en dessous d\u2019un niveau acceptable\u00a0\u00bb. \u00c0 ce jour, le bailleur social lui a propos\u00e9 d\u2019installer une sonde dans son appartement pour suivre le cours des temp\u00e9ratures, mais pour K\u00e9vin c\u2019est un pis-aller. \u00ab\u00a0Je les soup\u00e7onne de vouloir gagner du temps. Il est clair qu\u2019ils ne veulent pas investir dans des travaux pourtant n\u00e9cessaires, se d\u00e9sole-t-il. Alors qu\u2019il est urgent de revoir le syst\u00e8me du chauffage collectif de la r\u00e9sidence qui est sous-dimensionn\u00e9 en ajoutant une chaudi\u00e8re ou autre. Mais on nous fait des promesses et rien ne se passe\u00a0\u00bb.<\/p>\n<p>\u00a0<\/p>\n<p>Mise en demeure<\/p>\n<p>Ses voisins qui habitent l\u00e0 depuis la r\u00e9novation de la r\u00e9sidence en 2015, confirment que tous les ans, ils sont confront\u00e9s aux m\u00eames soucis. Cette fois, K\u00e9vin ne veut pas laisser passer l\u2019affaire. \u00ab\u00a0J\u2019ai envoy\u00e9 une mise en demeure \u00e0 La Languedocienne et pour toute r\u00e9ponse, ils m\u2019ont propos\u00e9 de me d\u00e9placer pour un rendez-vous. Je leur ai dit que je ne m\u2019y rendrai pas, vu qu\u2019ils ont d\u00e9j\u00e0 tous les \u00e9l\u00e9ments du dossier que j\u2019ai m\u00e9thodiquement renseign\u00e9\u00a0\u00bb. Pour le jeune handicap\u00e9, qui se d\u00e9place en fauteuil roulant, la proposition manque cruellement d\u2019\u00e9gard\u2026 Comme d\u2019ailleurs le standard du bailleur social que nous avons contact\u00e9, mais qui n\u2019a toujours pas r\u00e9pondu \u00e0 nos sollicitations. En m\u00e9diatisant son histoire, K\u00e9vin esp\u00e8re quand m\u00eame que les choses vont finir par bouger. Pour l\u2019heure, avec le redoux, le thermom\u00e8tre est remont\u00e9 \u00e0 18\u00a0\u00b0C dans son appartement. Encore un peu juste.<\/p>\n","protected":false},"excerpt":{"rendered":"l&rsquo;essentiel Un chauffage collectif d\u00e9faillant pourrit la vie des habitants de la r\u00e9sidence HLM des Fontanelles, \u00e0 Toulouse.&hellip;\n","protected":false},"author":2,"featured_media":650007,"comment_status":"","ping_status":"","sticky":false,"template":"","format":"standard","meta":{"footnotes":""},"categories":[2816],"tags":[1111,11,1777,674,1011,27,329,2722,1908,12,2680,25,1857,2312],"class_list":{"0":"post-650006","1":"post","2":"type-post","3":"status-publish","4":"format-standard","5":"has-post-thumbnail","7":"category-toulouse","8":"tag-actu","9":"tag-actualites","10":"tag-eu","11":"tag-europe","12":"tag-fr","13":"tag-france","14":"tag-france-monde","15":"tag-haute-garonne","16":"tag-logement","17":"tag-news","18":"tag-occitanie","19":"tag-republique-francaise","20":"tag-sociu00e9tu00e9","21":"tag-toulouse"},"share_on_mastodon":{"url":"https:\/\/pubeurope.com\/@fr\/115861031822593183","error":""},"_links":{"self":[{"href":"https:\/\/www.europesays.com\/fr\/wp-json\/wp\/v2\/posts\/650006","targetHints":{"allow":["GET"]}}],"collection":[{"href":"https:\/\/www.europesays.com\/fr\/wp-json\/wp\/v2\/posts"}],"about":[{"href":"https:\/\/www.europesays.com\/fr\/wp-json\/wp\/v2\/types\/post"}],"author":[{"embeddable":true,"href":"https:\/\/www.europesays.com\/fr\/wp-json\/wp\/v2\/users\/2"}],"replies":[{"embeddable":true,"href":"https:\/\/www.europesays.com\/fr\/wp-json\/wp\/v2\/comments?post=650006"}],"version-history":[{"count":0,"href":"https:\/\/www.europesays.com\/fr\/wp-json\/wp\/v2\/posts\/650006\/revisions"}],"wp:featuredmedia":[{"embeddable":true,"href":"https:\/\/www.europesays.com\/fr\/wp-json\/wp\/v2\/media\/650007"}],"wp:attachment":[{"href":"https:\/\/www.europesays.com\/fr\/wp-json\/wp\/v2\/media?parent=650006"}],"wp:term":[{"taxonomy":"category","embeddable":true,"href":"https:\/\/www.europesays.com\/fr\/wp-json\/wp\/v2\/categories?post=650006"},{"taxonomy":"post_tag","embeddable":true,"href":"https:\/\/www.europesays.com\/fr\/wp-json\/wp\/v2\/tags?post=650006"}],"curies":[{"name":"wp","href":"https:\/\/api.w.org\/{rel}","templated":true}]}}