{"id":65001,"date":"2025-04-30T18:23:09","date_gmt":"2025-04-30T18:23:09","guid":{"rendered":"https:\/\/www.europesays.com\/fr\/65001\/"},"modified":"2025-04-30T18:23:09","modified_gmt":"2025-04-30T18:23:09","slug":"la-metropole-reagit-et-annonce-solliciter-une-inspection-de-letat","status":"publish","type":"post","link":"https:\/\/www.europesays.com\/fr\/65001\/","title":{"rendered":"la M\u00e9tropole r\u00e9agit et annonce solliciter une \u00ab inspection \u00bb de l&rsquo;Etat"},"content":{"rendered":"<p>La M\u00e9tropole r\u00e9agit \u00e0 <a href=\"https:\/\/www.estrepublicain.fr\/culture-loisirs\/2025\/04\/29\/mort-du-directeur-au-coeur-des-tensions-du-conservatoire-du-grand-nancy\" target=\"_blank\" rel=\"nofollow noopener\">l\u2019affaire du suicide de Boris Vidal<\/a>.\u00a0Dans une lettre envoy\u00e9e ce mercredi 30\u00a0avril aux <a href=\"https:\/\/www.estrepublicain.fr\/culture-loisirs\/2025\/04\/29\/suicide-du-directeur-du-conservatoire-dans-une-lettre-ouverte-a-mathieu-klein-syndicats-et-parents-d-eleves-denoncent-le-deni-de-la-metropole\" target=\"_blank\" rel=\"nofollow noopener\">parents d\u2019\u00e9l\u00e8ves<\/a> et aux agents du conservatoire, Hocine Chabira, l\u2019\u00e9lu de la <a href=\"https:\/\/www.estrepublicain.fr\/edition-nancy-et-agglomeration\" target=\"_blank\" rel=\"nofollow noopener\">M\u00e9tropole<\/a> en charge de la culture, annonce qu\u2019il \u00ab\u00a0sollicite l\u2019inspection g\u00e9n\u00e9rale des affaires culturelles afin que l\u2019\u00e9tablissement puisse b\u00e9n\u00e9ficier de l\u2019expertise de son autorit\u00e9 de tutelle, le minist\u00e8re de la Culture\u00a0\u00bb.<\/p>\n<p>D\u2019apr\u00e8s <a href=\"https:\/\/www.culture.gouv.fr\/fr\/nous-connaitre\/organisation-du-ministere\/inspection-generale-des-affaires-culturelles\" target=\"_blank\" rel=\"nofollow noopener\">le site du gouvernement,<\/a> ce service de l\u2019\u00c9tat assure \u00ab\u00a0des missions d\u2019inspection, de contr\u00f4le ou d\u2019\u00e9valuation, d\u2019\u00e9tude ou de m\u00e9diation. Elle peut assurer des missions de conseil, d\u2019appui, d\u2019audit, d\u2019enqu\u00eate et d\u2019expertise\u00a0\u00bb. Aucune date de d\u00e9but ou de restitution, ni de&#8230;<\/p>\n","protected":false},"excerpt":{"rendered":"La M\u00e9tropole r\u00e9agit \u00e0 l\u2019affaire du suicide de Boris Vidal.\u00a0Dans une lettre envoy\u00e9e ce mercredi 30\u00a0avril aux parents&hellip;\n","protected":false},"author":2,"featured_media":65002,"comment_status":"","ping_status":"","sticky":false,"template":"","format":"standard","meta":{"footnotes":""},"categories":[9635],"tags":[1111,11,1687,1704,1777,674,1011,27,775,873,1702,1703,12,3456,25],"class_list":{"0":"post-65001","1":"post","2":"type-post","3":"status-publish","4":"format-standard","5":"has-post-thumbnail","7":"category-nancy","8":"tag-actu","9":"tag-actualites","10":"tag-culture-loisirs","11":"tag-edition-nancy-et-agglomeration","12":"tag-eu","13":"tag-europe","14":"tag-fr","15":"tag-france","16":"tag-grand-est","17":"tag-musique","18":"tag-nancy","19":"tag-nancy-ville-54b","20":"tag-news","21":"tag-region-lorraine","22":"tag-republique-francaise"},"share_on_mastodon":{"url":"https:\/\/pubeurope.com\/@fr\/114428313848919664","error":""},"_links":{"self":[{"href":"https:\/\/www.europesays.com\/fr\/wp-json\/wp\/v2\/posts\/65001","targetHints":{"allow":["GET"]}}],"collection":[{"href":"https:\/\/www.europesays.com\/fr\/wp-json\/wp\/v2\/posts"}],"about":[{"href":"https:\/\/www.europesays.com\/fr\/wp-json\/wp\/v2\/types\/post"}],"author":[{"embeddable":true,"href":"https:\/\/www.europesays.com\/fr\/wp-json\/wp\/v2\/users\/2"}],"replies":[{"embeddable":true,"href":"https:\/\/www.europesays.com\/fr\/wp-json\/wp\/v2\/comments?post=65001"}],"version-history":[{"count":0,"href":"https:\/\/www.europesays.com\/fr\/wp-json\/wp\/v2\/posts\/65001\/revisions"}],"wp:featuredmedia":[{"embeddable":true,"href":"https:\/\/www.europesays.com\/fr\/wp-json\/wp\/v2\/media\/65002"}],"wp:attachment":[{"href":"https:\/\/www.europesays.com\/fr\/wp-json\/wp\/v2\/media?parent=65001"}],"wp:term":[{"taxonomy":"category","embeddable":true,"href":"https:\/\/www.europesays.com\/fr\/wp-json\/wp\/v2\/categories?post=65001"},{"taxonomy":"post_tag","embeddable":true,"href":"https:\/\/www.europesays.com\/fr\/wp-json\/wp\/v2\/tags?post=65001"}],"curies":[{"name":"wp","href":"https:\/\/api.w.org\/{rel}","templated":true}]}}