{"id":650014,"date":"2026-01-08T19:06:10","date_gmt":"2026-01-08T19:06:10","guid":{"rendered":"https:\/\/www.europesays.com\/fr\/650014\/"},"modified":"2026-01-08T19:06:10","modified_gmt":"2026-01-08T19:06:10","slug":"sebastien-barles-vai-amene-de-nouvelles-tetes-et-des-idees-a-lfi","status":"publish","type":"post","link":"https:\/\/www.europesays.com\/fr\/650014\/","title":{"rendered":"S\u00e9bastien Barles (Va\u00ef) am\u00e8ne de nouvelles t\u00eates et des id\u00e9es \u00e0 LFI"},"content":{"rendered":"<p>Sous le regard d\u2019Hedi Bounouar, directeur de cabinet de S\u00e9bastien Delogu, les nouveaux venus du <a href=\"https:\/\/www.laprovence.com\/article\/elections\/1990768482896214\/municipales-2026-a-marseille-sebastien-barles-et-le-collectif-vai-sallient-a-lfi\" target=\"_blank\" rel=\"noopener\">collectif Va\u00ef <\/a>&#8211; alli\u00e9 \u00e0 LFI dans la <a href=\"https:\/\/www.laprovence.com\/elections\/municipales\" target=\"_blank\" rel=\"noopener\">campagne des municipales<\/a> &#8211; d\u00e9roulent ce jeudi 8\u00a0janvier les raisons de leur engagement sur le rooftop des R\u00e9form\u00e9s (1er).<\/p>\n<p>L\u2019artiste Maria Mouri\u00e8s Estevens pour \u00ab\u00a0ramener de la cr\u00e9ativit\u00e9 dans l\u2019espace public\u00a0\u00bb\u00a0; la psychologue Lisa Dounia Soncin pour mettre la question de la sant\u00e9 mentale au centre du programme\u00a0; l\u2019urbaniste Antoine Bennahmias afin de \u00ab\u00a0travailler la ville de demain\u00a0\u00bb. Mais aussi le retrait\u00e9 Pierre Br\u00e9chet pr\u00eachant pour le \u00ab\u00a0plurilinguisme\u00a0\u00bb, quand la coordinatrice de projets \u00c9lise M\u00e9ouchy milite pour davantage de \u00ab\u00a0transparence\u00a0\u00bb.<\/p>\n<p>Avec les r\u00e9cents enr\u00f4l\u00e9s de son collectif \u00e9colo-citoyen, S\u00e9bastien Barles (ex-EELV), toujours adjoint au maire \u00e0 la transition \u00e9cologique de Beno\u00eet Payan (DVG), r\u00e9affirme porter une \u00ab\u00a0\u00e9cologie de combat\u00a0\u00bb pour Marseille qui, dit-il, n\u2019est pas \u00ab\u00a0\u00e9trang\u00e8re au tumulte du monde\u00a0\u00bb.<\/p>\n<p>Va\u00ef ne veut pas \u00eatre \u00ab\u00a0une variable d\u2019ajustement\u00a0\u00bb<\/p>\n<p>Tr\u00e8s critique sur le bilan du Printemps marseillais \u00e0 la t\u00eate de la ville depuis\u00a02020 &#8211; \u00ab\u00a0il y a eu beaucoup de renoncements et une approche conservatrice, un manque d\u2019audace et une envie de ne pas heurt&#8230;<\/p>\n","protected":false},"excerpt":{"rendered":"Sous le regard d\u2019Hedi Bounouar, directeur de cabinet de S\u00e9bastien Delogu, les nouveaux venus du collectif Va\u00ef &#8211;&hellip;\n","protected":false},"author":2,"featured_media":650015,"comment_status":"","ping_status":"","sticky":false,"template":"","format":"standard","meta":{"footnotes":""},"categories":[2814],"tags":[5734,1111,11,16402,47719,5949,1777,674,1011,27,884,3554,12,882,25,17417,36498],"class_list":{"0":"post-650014","1":"post","2":"type-post","3":"status-publish","4":"format-standard","5":"has-post-thumbnail","7":"category-marseille","8":"tag-5734","9":"tag-actu","10":"tag-actualites","11":"tag-amene","12":"tag-barles","13":"tag-elections","14":"tag-eu","15":"tag-europe","16":"tag-fr","17":"tag-france","18":"tag-marseille","19":"tag-municipales","20":"tag-news","21":"tag-provence-alpes-cote-dazur","22":"tag-republique-francaise","23":"tag-sebastien","24":"tag-vai"},"share_on_mastodon":{"url":"https:\/\/pubeurope.com\/@fr\/115861047489189849","error":""},"_links":{"self":[{"href":"https:\/\/www.europesays.com\/fr\/wp-json\/wp\/v2\/posts\/650014","targetHints":{"allow":["GET"]}}],"collection":[{"href":"https:\/\/www.europesays.com\/fr\/wp-json\/wp\/v2\/posts"}],"about":[{"href":"https:\/\/www.europesays.com\/fr\/wp-json\/wp\/v2\/types\/post"}],"author":[{"embeddable":true,"href":"https:\/\/www.europesays.com\/fr\/wp-json\/wp\/v2\/users\/2"}],"replies":[{"embeddable":true,"href":"https:\/\/www.europesays.com\/fr\/wp-json\/wp\/v2\/comments?post=650014"}],"version-history":[{"count":0,"href":"https:\/\/www.europesays.com\/fr\/wp-json\/wp\/v2\/posts\/650014\/revisions"}],"wp:featuredmedia":[{"embeddable":true,"href":"https:\/\/www.europesays.com\/fr\/wp-json\/wp\/v2\/media\/650015"}],"wp:attachment":[{"href":"https:\/\/www.europesays.com\/fr\/wp-json\/wp\/v2\/media?parent=650014"}],"wp:term":[{"taxonomy":"category","embeddable":true,"href":"https:\/\/www.europesays.com\/fr\/wp-json\/wp\/v2\/categories?post=650014"},{"taxonomy":"post_tag","embeddable":true,"href":"https:\/\/www.europesays.com\/fr\/wp-json\/wp\/v2\/tags?post=650014"}],"curies":[{"name":"wp","href":"https:\/\/api.w.org\/{rel}","templated":true}]}}