{"id":650017,"date":"2026-01-08T19:08:09","date_gmt":"2026-01-08T19:08:09","guid":{"rendered":"https:\/\/www.europesays.com\/fr\/650017\/"},"modified":"2026-01-08T19:08:09","modified_gmt":"2026-01-08T19:08:09","slug":"lyon-un-kebab-ferme-durgence-par-la-prefecture-le-controle-dhygiene-a-de-quoi-effrayer","status":"publish","type":"post","link":"https:\/\/www.europesays.com\/fr\/650017\/","title":{"rendered":"Lyon. Un kebab ferm\u00e9 d&rsquo;urgence par la pr\u00e9fecture, le contr\u00f4le d&rsquo;hygi\u00e8ne a de quoi effrayer"},"content":{"rendered":"<p>                    Par<br \/>\n        <strong><br \/>\n            <a href=\"https:\/\/actu.fr\/auteur\/nicolas-zaugra\" title=\"Consulter tous les articles de Nicolas Zaugra\" target=\"_blank\" rel=\"noopener\">Nicolas Zaugra<\/a><br \/>\n                    <\/strong><\/p>\n<p>        Publi\u00e9 le<\/p>\n<p>            8 janv. 2026 \u00e0 18h26        <\/p>\n<p>Un <strong>restaurant de kebab<\/strong> a \u00e9t\u00e9 ferm\u00e9 d\u2019urgence par la <a href=\"https:\/\/actu.fr\/tag\/prefecture-du-rhone\" target=\"_blank\" rel=\"noopener\">pr\u00e9fecture du Rh\u00f4ne<\/a> dans le 9e arrondissement de <a href=\"https:\/\/actu.fr\/auvergne-rhone-alpes\/lyon_69123\" target=\"_blank\" rel=\"noopener\">Lyon<\/a> ce ce jeudi 8 janvier, ont annonc\u00e9 les services de l\u2019Etat dans un communiqu\u00e9 et sur X. L\u2019\u00e9tablissement <strong>Marmara Sofrasi<\/strong> est situ\u00e9 au 51 rue Marietto dans le quartier de Valmy.<\/p>\n<p class=\" wall-content\">La fermeture administrative est justifi\u00e9e par \u00ab\u00a0des manquements graves aux minima des r\u00e8gles d\u2019hygi\u00e8ne et de s\u00e9curit\u00e9 alimentaire\u00a0\u00bb. \u00ab\u00a0Du fait de ces manquements, la poursuite de l\u2019activit\u00e9, dans les conditions constat\u00e9es, constitue une menace pour la sant\u00e9 des consommateurs en raison de la probabilit\u00e9 importante de contaminations et des risques d\u2019intoxication qui en r\u00e9sultent\u00a0\u00bb, explique la pr\u00e9fecture.<\/p>\n<p class=\" wall-content\">\n<p>De nombreux probl\u00e8mes d\u2019hygi\u00e8ne relev\u00e9s au contr\u00f4le<\/p>\n<p class=\" wall-content\">Le contr\u00f4le d\u2019hygi\u00e8ne a relev\u00e9 de nombreux probl\u00e8mes : absence de dispositifs permettant de se laver et de se s\u00e9cher les mains dans de bonnes conditions d\u2019hygi\u00e8ne, absence de vestiaires pour le personnel, absence de tenues adapt\u00e9es pour le personnel en production, insuffisance d\u2019instructions et de formation \u00e0 l\u2019hygi\u00e8ne alimentaire adapt\u00e9e \u00e0 l\u2019activit\u00e9 professionnelle.<\/p>\n<p class=\" wall-content\">Ou encore un entreposage du mat\u00e9riel de production dans des conditions non hygi\u00e9niques, un d\u00e9faut d\u2019entretien, de maintenance et de nettoyage des locaux et des \u00e9quipements, un risque d\u2019insalubrit\u00e9 par contamination chimique, une absence d\u2019analyse des dangers et de ma\u00eetrise des process \u00e0 risque, l\u2019absence d\u2019application du guide de bonnes pratiques d\u2019hygi\u00e8ne adapt\u00e9 \u00e0 l\u2019activit\u00e9 ou d\u2019un plan de ma\u00eetrise sanitaire valid\u00e9 en interne\u2026<\/p>\n<p class=\" wall-content\">Et le contr\u00f4le a r\u00e9v\u00e9l\u00e9 encore de nombreuses mauvaises surprises : absence de contr\u00f4le \u00e0 r\u00e9ception des marchandises, absence de surveillance et d\u2019enregistrement des temp\u00e9ratures des enceintes r\u00e9frig\u00e9r\u00e9es en froid n\u00e9gatif et positif, d\u00e9tention de denr\u00e9es alimentaires \u00e0 une temp\u00e9rature sup\u00e9rieure \u00e0 la temp\u00e9rature r\u00e9glementaire, mauvaises conditions de stockage des denr\u00e9es, utilisation de conditionnements et emballages risquant d\u2019alt\u00e9rer les denr\u00e9es, d\u00e9faut de tra\u00e7abilit\u00e9 des plats et denr\u00e9es finis ou semi-finis et des mati\u00e8res premi\u00e8res, d\u00e9faut d\u2019information du consommateur concernant l\u2019affichage de la mention obligatoire \u00a0\u00bb produit d\u00e9congel\u00e9\u00a0\u00bb et \u00ab\u00a0poubelle non conforme.\u00a0\u00bb<\/p>\n<p>    <a href=\"https:\/\/www.google.com\/maps\/embed?pb=!1m18!1m12!1m3!1d22242.120183618827!2d4.7972997501229235!3d45.77436717612814!2m3!1f0!2f0!3f0!3m2!1i1024!2i768!4f13.1!3m3!1m2!1s0x47f4eb6e3097ce4b%3A0xc08ed9c58b08621c!2s51%20Rue%20Marietton%2C%2069009%20Lyon!5e1!3m2!1sfr!2sfr!4v1767892765102!5m2!1sfr!2sfr\" title=\"Ouvrie le lien\" target=\"_blank\" rel=\"noopener\">Cliquez ici pour visualiser le contenu<\/a><\/p>\n<p>De nombreux changements \u00e0 faire pour rouvrir<\/p>\n<p class=\" wall-content\">De tr\u00e8s nombreux points sont \u00e0 modifier par la direction du kebab pour esp\u00e9rer rouvrir.<\/p>\n<p>Votre r\u00e9gion, votre actu !<\/p>\n<p>Recevez chaque jour les infos qui comptent pour vous.<\/p>\n<p>\t<a href=\"https:\/\/actu.fr\/newsletter\" class=\"ac-btn ac-btn--corner ac-btn--medium ac-btn--blue800\" target=\"_blank\" rel=\"noopener\">S&rsquo;incrire<\/a><\/p>\n<p class=\" wall-content\">\u00ab\u00a0La mesure de fermeture sera lev\u00e9e d\u00e8s que l\u2019\u00e9tablissement sera conforme aux normes en vigueur\u00a0\u00bb, pr\u00e9vient la pr\u00e9fecture.<\/p>\n<p class=\" wall-content\">Personnalisez votre actualit\u00e9 en ajoutant vos villes et m\u00e9dias en favori avec <a href=\"https:\/\/moncompte.actu.fr\" title=\"D\u00e9couvez Mon Actu\" rel=\"nofollow noopener\" data-trk=\"{&quot;cta&quot;:{&quot;action&quot;:&quot;https:\\\/\\\/moncompte.actu.fr&quot;,&quot;category&quot;:&quot;mon compte&quot;,&quot;from&quot;:&quot;article footer&quot;,&quot;name&quot;:&quot;Mon actu&quot;,&quot;type&quot;:&quot;cta&quot;}}\" target=\"_blank\">Mon Actu<\/a>.<\/p>\n","protected":false},"excerpt":{"rendered":"Par Nicolas Zaugra Publi\u00e9 le 8 janv. 2026 \u00e0 18h26 Un restaurant de kebab a \u00e9t\u00e9 ferm\u00e9 d\u2019urgence&hellip;\n","protected":false},"author":2,"featured_media":650018,"comment_status":"","ping_status":"","sticky":false,"template":"","format":"standard","meta":{"footnotes":""},"categories":[1889],"tags":[1111,11,2430,1777,674,1011,27,2428,12,9450,25,104],"class_list":{"0":"post-650017","1":"post","2":"type-post","3":"status-publish","4":"format-standard","5":"has-post-thumbnail","7":"category-lyon","8":"tag-actu","9":"tag-actualites","10":"tag-auvergne-rhone-alpes","11":"tag-eu","12":"tag-europe","13":"tag-fr","14":"tag-france","15":"tag-lyon","16":"tag-news","17":"tag-prefecture-du-rhone","18":"tag-republique-francaise","19":"tag-societe"},"share_on_mastodon":{"url":"https:\/\/pubeurope.com\/@fr\/115861055481940536","error":""},"_links":{"self":[{"href":"https:\/\/www.europesays.com\/fr\/wp-json\/wp\/v2\/posts\/650017","targetHints":{"allow":["GET"]}}],"collection":[{"href":"https:\/\/www.europesays.com\/fr\/wp-json\/wp\/v2\/posts"}],"about":[{"href":"https:\/\/www.europesays.com\/fr\/wp-json\/wp\/v2\/types\/post"}],"author":[{"embeddable":true,"href":"https:\/\/www.europesays.com\/fr\/wp-json\/wp\/v2\/users\/2"}],"replies":[{"embeddable":true,"href":"https:\/\/www.europesays.com\/fr\/wp-json\/wp\/v2\/comments?post=650017"}],"version-history":[{"count":0,"href":"https:\/\/www.europesays.com\/fr\/wp-json\/wp\/v2\/posts\/650017\/revisions"}],"wp:featuredmedia":[{"embeddable":true,"href":"https:\/\/www.europesays.com\/fr\/wp-json\/wp\/v2\/media\/650018"}],"wp:attachment":[{"href":"https:\/\/www.europesays.com\/fr\/wp-json\/wp\/v2\/media?parent=650017"}],"wp:term":[{"taxonomy":"category","embeddable":true,"href":"https:\/\/www.europesays.com\/fr\/wp-json\/wp\/v2\/categories?post=650017"},{"taxonomy":"post_tag","embeddable":true,"href":"https:\/\/www.europesays.com\/fr\/wp-json\/wp\/v2\/tags?post=650017"}],"curies":[{"name":"wp","href":"https:\/\/api.w.org\/{rel}","templated":true}]}}