{"id":650019,"date":"2026-01-08T19:09:13","date_gmt":"2026-01-08T19:09:13","guid":{"rendered":"https:\/\/www.europesays.com\/fr\/650019\/"},"modified":"2026-01-08T19:09:13","modified_gmt":"2026-01-08T19:09:13","slug":"lyon-4e-arrondissement-la-municipalite-na-pas-vocation-a-intervenir-dans-la-gouvernance-interne-dune-association","status":"publish","type":"post","link":"https:\/\/www.europesays.com\/fr\/650019\/","title":{"rendered":"Lyon 4e Arrondissement. \u00ab\u00a0La municipalit\u00e9 n\u2019a pas vocation \u00e0 intervenir dans la gouvernance interne d\u2019une association\u00a0\u00bb"},"content":{"rendered":"<p>Contact\u00e9e, la Ville de Lyon par le biais de l\u2019adjointe aux sports Julie Nublat-Faure, rappelle qu\u2019elle accompagne la section volley du Lyon PESD depuis plusieurs ann\u00e9es, sur les plans financier et mat\u00e9riel, et qu\u2019elle reconna\u00eet le dynamisme et les r\u00e9sultats sportifs du club.<\/p>\n<p>S\u2019agissant du projet de sortie de l\u2019omnisports, la section volley a sollicit\u00e9 la Ville de Lyon pour \u00eatre accompagn\u00e9e dans cette d\u00e9marche. \u00ab\u00a0\u00c0 leur demande, la&#8230;<\/p>\n","protected":false},"excerpt":{"rendered":"Contact\u00e9e, la Ville de Lyon par le biais de l\u2019adjointe aux sports Julie Nublat-Faure, rappelle qu\u2019elle accompagne la&hellip;\n","protected":false},"author":2,"featured_media":650020,"comment_status":"","ping_status":"","sticky":false,"template":"","format":"standard","meta":{"footnotes":""},"categories":[1889],"tags":[1111,11,2430,2757,1777,674,1011,27,2428,10928,10927,12,25,517],"class_list":{"0":"post-650019","1":"post","2":"type-post","3":"status-publish","4":"format-standard","5":"has-post-thumbnail","7":"category-lyon","8":"tag-actu","9":"tag-actualites","10":"tag-auvergne-rhone-alpes","11":"tag-edition-lyon-villeurbanne","12":"tag-eu","13":"tag-europe","14":"tag-fr","15":"tag-france","16":"tag-lyon","17":"tag-lyon-4e","18":"tag-lyon-4e-arrondissement","19":"tag-news","20":"tag-republique-francaise","21":"tag-sport"},"share_on_mastodon":{"url":"https:\/\/pubeurope.com\/@fr\/115861059182954564","error":""},"_links":{"self":[{"href":"https:\/\/www.europesays.com\/fr\/wp-json\/wp\/v2\/posts\/650019","targetHints":{"allow":["GET"]}}],"collection":[{"href":"https:\/\/www.europesays.com\/fr\/wp-json\/wp\/v2\/posts"}],"about":[{"href":"https:\/\/www.europesays.com\/fr\/wp-json\/wp\/v2\/types\/post"}],"author":[{"embeddable":true,"href":"https:\/\/www.europesays.com\/fr\/wp-json\/wp\/v2\/users\/2"}],"replies":[{"embeddable":true,"href":"https:\/\/www.europesays.com\/fr\/wp-json\/wp\/v2\/comments?post=650019"}],"version-history":[{"count":0,"href":"https:\/\/www.europesays.com\/fr\/wp-json\/wp\/v2\/posts\/650019\/revisions"}],"wp:featuredmedia":[{"embeddable":true,"href":"https:\/\/www.europesays.com\/fr\/wp-json\/wp\/v2\/media\/650020"}],"wp:attachment":[{"href":"https:\/\/www.europesays.com\/fr\/wp-json\/wp\/v2\/media?parent=650019"}],"wp:term":[{"taxonomy":"category","embeddable":true,"href":"https:\/\/www.europesays.com\/fr\/wp-json\/wp\/v2\/categories?post=650019"},{"taxonomy":"post_tag","embeddable":true,"href":"https:\/\/www.europesays.com\/fr\/wp-json\/wp\/v2\/tags?post=650019"}],"curies":[{"name":"wp","href":"https:\/\/api.w.org\/{rel}","templated":true}]}}