{"id":650025,"date":"2026-01-08T19:13:15","date_gmt":"2026-01-08T19:13:15","guid":{"rendered":"https:\/\/www.europesays.com\/fr\/650025\/"},"modified":"2026-01-08T19:13:15","modified_gmt":"2026-01-08T19:13:15","slug":"en-video-la-colere-des-agriculteurs-a-paris","status":"publish","type":"post","link":"https:\/\/www.europesays.com\/fr\/650025\/","title":{"rendered":"En vid\u00e9o : la col\u00e8re des agriculteurs \u00e0 Paris"},"content":{"rendered":"<p class=\"mb-4 text-lg md:leading-8 break-words\">La pr\u00e9sidente de l\u2019Assembl\u00e9e nationale fran\u00e7aise a re\u00e7u jeudi les repr\u00e9sentants <a href=\"https:\/\/www.parismatch.com\/actu\/societe\/les-agriculteurs-en-colere-envahissent-paris-des-centaines-de-tracteurs-sous-la-tour-eiffel-et-larc-de-triomphe-262613\" rel=\"nofollow noopener\" target=\"_blank\" data-ylk=\"slk:des agriculteurs de l\u2019Hexagone en col\u00e8re, venus exprimer par centaines \u00e0 Paris;elm:context_link;itc:0;sec:content-canvas\" class=\"link \">des agriculteurs de l\u2019Hexagone en col\u00e8re, venus exprimer par centaines \u00e0 Paris<\/a> leur \u00ab\u00a0ras-le-bol\u00a0\u00bb et dont des dizaines de tracteurs campent dans la capitale ou sont bloqu\u00e9es \u00e0 ses portes.<\/p>\n<p class=\"mb-4 text-lg md:leading-8 break-words\">Deuxi\u00e8me syndicat agricole en France, la Coordination rurale (CR), habitu\u00e9 des op\u00e9rations coup de poing et interdit de manifester autour des institutions parisiennes jeudi, est pass\u00e9e outre et a d\u00e9barqu\u00e9 \u00e0 l\u2019aube autour de l\u2019Arc de Triomphe et de la Tour Eiffel.<\/p>\n<p>La Coordination rurale est le deuxi\u00e8me syndicat agricole en France<\/p>\n<p class=\"mb-4 text-lg md:leading-8 break-words\">La pr\u00e9sidente de l\u2019Assembl\u00e9e a commenc\u00e9 par recevoir en d\u00e9but d\u2019apr\u00e8s-midi la FNSEA, le premier syndicat agricole, et la Coordination rurale devait suivre. Le pr\u00e9sident du S\u00e9nat a \u00e9galement re\u00e7u ces deux syndicats \u00e0 la mi-journ\u00e9e, a confirm\u00e9 son cabinet \u00e0 l\u2019AFP.<\/p>\n<p class=\"mb-4 text-lg md:leading-8 break-words\">Des parlementaires sont venus \u00e9changer avec des manifestants ainsi que la ministre de l\u2019Agriculture, Annie Genevard, qui n\u2019a pas fait de d\u00e9claration. Plus t\u00f4t, la pr\u00e9sidente de l\u2019Assembl\u00e9e, qui \u00e9tait all\u00e9e \u00e0 la rencontre des manifestants, avait \u00e9t\u00e9 chahut\u00e9e et invectiv\u00e9e.<\/p>\n<p class=\"mb-4 text-lg md:leading-8 break-words\"><a href=\"https:\/\/www.parismatch.com\/actu\/societe\/en-video-la-colere-des-agriculteurs-a-paris-262680?at_medium=affiliate&amp;at_campaign=Yahoo\" rel=\"nofollow noopener\" target=\"_blank\" data-ylk=\"slk:Lire la suite sur ParisMatch;elm:context_link;itc:0;sec:content-canvas\" class=\"link \">Lire la suite sur ParisMatch<\/a><\/p>\n","protected":false},"excerpt":{"rendered":"La pr\u00e9sidente de l\u2019Assembl\u00e9e nationale fran\u00e7aise a re\u00e7u jeudi les repr\u00e9sentants des agriculteurs de l\u2019Hexagone en col\u00e8re, venus&hellip;\n","protected":false},"author":2,"featured_media":650026,"comment_status":"","ping_status":"","sticky":false,"template":"","format":"standard","meta":{"footnotes":""},"categories":[1888],"tags":[1111,1928,11,1927,26141,1777,674,1011,27,38986,4909,30635,12,1926,626,1925,25],"class_list":{"0":"post-650025","1":"post","2":"type-post","3":"status-publish","4":"format-standard","5":"has-post-thumbnail","7":"category-paris","8":"tag-actu","9":"tag-actu-paris","10":"tag-actualites","11":"tag-actualites-paris","12":"tag-coordination-rurale","13":"tag-eu","14":"tag-europe","15":"tag-fr","16":"tag-france","17":"tag-larc-de-triomphe","18":"tag-la-capitale","19":"tag-la-tour-eiffel","20":"tag-news","21":"tag-news-paris","22":"tag-paris","23":"tag-paris-news","24":"tag-republique-francaise"},"share_on_mastodon":{"url":"https:\/\/pubeurope.com\/@fr\/115861075004186309","error":""},"_links":{"self":[{"href":"https:\/\/www.europesays.com\/fr\/wp-json\/wp\/v2\/posts\/650025","targetHints":{"allow":["GET"]}}],"collection":[{"href":"https:\/\/www.europesays.com\/fr\/wp-json\/wp\/v2\/posts"}],"about":[{"href":"https:\/\/www.europesays.com\/fr\/wp-json\/wp\/v2\/types\/post"}],"author":[{"embeddable":true,"href":"https:\/\/www.europesays.com\/fr\/wp-json\/wp\/v2\/users\/2"}],"replies":[{"embeddable":true,"href":"https:\/\/www.europesays.com\/fr\/wp-json\/wp\/v2\/comments?post=650025"}],"version-history":[{"count":0,"href":"https:\/\/www.europesays.com\/fr\/wp-json\/wp\/v2\/posts\/650025\/revisions"}],"wp:featuredmedia":[{"embeddable":true,"href":"https:\/\/www.europesays.com\/fr\/wp-json\/wp\/v2\/media\/650026"}],"wp:attachment":[{"href":"https:\/\/www.europesays.com\/fr\/wp-json\/wp\/v2\/media?parent=650025"}],"wp:term":[{"taxonomy":"category","embeddable":true,"href":"https:\/\/www.europesays.com\/fr\/wp-json\/wp\/v2\/categories?post=650025"},{"taxonomy":"post_tag","embeddable":true,"href":"https:\/\/www.europesays.com\/fr\/wp-json\/wp\/v2\/tags?post=650025"}],"curies":[{"name":"wp","href":"https:\/\/api.w.org\/{rel}","templated":true}]}}