{"id":650033,"date":"2026-01-08T19:17:13","date_gmt":"2026-01-08T19:17:13","guid":{"rendered":"https:\/\/www.europesays.com\/fr\/650033\/"},"modified":"2026-01-08T19:17:13","modified_gmt":"2026-01-08T19:17:13","slug":"macron-presente-aux-chefs-de-partis-les-garanties-de-securite-a-lukraine","status":"publish","type":"post","link":"https:\/\/www.europesays.com\/fr\/650033\/","title":{"rendered":"Macron pr\u00e9sente aux chefs de partis les garanties de s\u00e9curit\u00e9 \u00e0 l&rsquo;Ukraine"},"content":{"rendered":"<p>Emmanuel Macron a r\u00e9uni jeudi les principaux responsables politiques fran\u00e7ais pour leur pr\u00e9senter les \u00ab\u00a0garanties de s\u00e9curit\u00e9\u00a0\u00bb promises par les Europ\u00e9ens \u00e0 Kiev, et notamment par la France, qui pourrait d\u00e9ployer \u00ab\u00a0plusieurs milliers\u00a0\u00bb de soldats en Ukraine en cas de cessez-le-feu avec la Russie.<\/p>\n<p>Les pr\u00e9sidents du S\u00e9nat G\u00e9rard Larcher et de l&rsquo;Assembl\u00e9e nationale Ya\u00ebl Braun-Pivet ainsi que les responsables des partis repr\u00e9sent\u00e9s dans les deux chambres et les chefs des groupes parlementaires sont pr\u00e9sents \u00e0 la r\u00e9union qui a d\u00e9but\u00e9 vers 17H30. Les pr\u00e9sidents des commissions de la D\u00e9fense et des Affaires \u00e9trang\u00e8res des deux chambres ont aussi \u00e9t\u00e9 convi\u00e9s<\/p>\n<p>Tous les partis convi\u00e9s \u00e9taient au rendez-vous, y compris ceux qui ont exprim\u00e9 par le pass\u00e9 des r\u00e9serves voire une franche hostilit\u00e9 sur l&rsquo;envoi de troupes fran\u00e7aises, comme La France insoumise et le Rassemblement national.<\/p>\n<p>La plupart, dont les deux dirigeants du RN Jordan Bardella et Marine Le Pen, ainsi que Bruno Retailleau pour Les R\u00e9publicains ou Gabriel Attal pour Renaissance, sont entr\u00e9s \u00e0 l&rsquo;Elys\u00e9e sans faire de d\u00e9clarations. Edouard Philippe (Horizons), bloqu\u00e9 au Havre par l&rsquo;alerte rouge Temp\u00eate, \u00e9tait repr\u00e9sent\u00e9 par Claude Malhuret et Sylvain Berrios, selon son entourage.<\/p>\n<p>Outre l&rsquo;Ukraine, la capture du pr\u00e9sident v\u00e9n\u00e9zu\u00e9lien Nicolas Maduro et son transfert aux Etats-Unis samedi sur ordre de Donald Trump, promet aussi d&rsquo;occuper une partie des \u00e9changes.\u00a0<\/p>\n<p>La cheffe des Verts, Marine Tondelier, a appel\u00e9 \u00e0 son arriv\u00e9e \u00e0 des \u00ab\u00a0r\u00e9ponses fortes de l&rsquo;Europe qu&rsquo;on a trouv\u00e9e beaucoup trop silencieuse sur le Venezuela\u00a0\u00bb.<\/p>\n<p>Cible l\u00e9gitime<\/p>\n<p>Elle a aussi \u00ab\u00a0regrett\u00e9\u00a0\u00bb de se retrouver assise \u00e0 \u00ab\u00a0c\u00f4t\u00e9 du Rassemblement national et de forces qui en fait constituent une cinqui\u00e8me colonne au sein de la France, de l&rsquo;Europe et qui sont (&#8230;) les porte-parole directs de forces que l&rsquo;on est cens\u00e9 ici combattre\u00a0\u00bb.<\/p>\n<p>La cheffe des d\u00e9put\u00e9s de La France insoumise, Mathilde Panot, avait confirm\u00e9 qu&rsquo;elle s&rsquo;y rendrait \u00ab\u00a0notamment pour rappeler l&rsquo;importance du droit international et la honte que nous a fait Emmanuel Macron en ne faisant pas respecter le multilat\u00e9ralisme de l&rsquo;ONU\u00a0\u00bb.<\/p>\n<p>La gauche reproche au chef de l&rsquo;Etat de n&rsquo;avoir pas condamn\u00e9 ni critiqu\u00e9, dans sa premi\u00e8re r\u00e9action, la capture par Washington du pr\u00e9sident v\u00e9n\u00e9zu\u00e9lien.<\/p>\n<p>Cette r\u00e9union \u00e0 huis clos a lieu deux jours apr\u00e8s le sommet de la \u00ab\u00a0coalition des volontaires\u00a0\u00bb organis\u00e9 mardi \u00e0 Paris, o\u00f9 ces pays alli\u00e9s de Kiev, essentiellement europ\u00e9ens, se sont engag\u00e9s \u00e0 d\u00e9ployer une force multinationale en Ukraine apr\u00e8s un \u00e9ventuel accord avec Moscou.<\/p>\n<p>Des \u00e9missaires de Donald Trump ont, eux, promis un \u00ab\u00a0soutien\u00a0\u00bb des Etats-Unis \u00e0 cette force, tandis que Washington serait \u00e0 la t\u00eate d&rsquo;un m\u00e9canisme de surveillance d&rsquo;un cessez-le-feu &#8211; encore tr\u00e8s hypoth\u00e9tique.<\/p>\n<p>La Russie a d\u00e9nonc\u00e9 de son c\u00f4t\u00e9 ce projet de force multinationale, avertissant que toute pr\u00e9sence militaire occidentale dans ce pays serait consid\u00e9r\u00e9e par Moscou comme une \u00ab\u00a0cible l\u00e9gitime\u00a0\u00bb.<\/p>\n<p>Le chancelier allemand, Friedrich Merz, a admis que la mise en oeuvre des garanties de s\u00e9curit\u00e9 \u00e9taient \u00ab\u00a0impossible sans le consentement de la Russie, dont nous sommes probablement encore assez loin\u00a0\u00bb.<\/p>\n<p>Le jour d&rsquo;apr\u00e8s<\/p>\n<p>Emmanuel Macron a d&rsquo;ores et d\u00e9j\u00e0 annonc\u00e9 mardi que Paris pourrait d\u00e9ployer en Ukraine \u00ab\u00a0plusieurs milliers d&rsquo;hommes\u00a0\u00bb pour la force multinationale, le jour\u00a0\u00ab\u00a0d&rsquo;apr\u00e8s la paix\u00a0\u00bb.<\/p>\n<p>Selon son entourage, le pr\u00e9sident devrait fournir des pr\u00e9cisions sur la contribution envisag\u00e9e.<\/p>\n<p>La question d&rsquo;un vote du Parlement, le moment venu, pourrait se poser. Au Royaume-Uni et en Allemagne, le principe d&rsquo;un feu vert parlementaire \u00e0 toute contribution militaire a d\u00e9j\u00e0 \u00e9t\u00e9 act\u00e9 par l&rsquo;ex\u00e9cutif.<\/p>\n<p>\u00ab\u00a0Ce ne sont pas des forces qu&rsquo;on engage au combat\u00a0\u00bb,\u00a0mais \u00ab\u00a0une force de r\u00e9assurance\u00a0\u00bb, une fois un accord de paix conclu, a soulign\u00e9 mardi Emmanuel Macron.<\/p>\n<p>En effet, le cessez-le-feu sur la ligne de front ne serait pas surveill\u00e9 par ces hommes, mais par des drones et satellites. La force europ\u00e9enne serait d\u00e9p\u00each\u00e9e dans le pays en guise de dissuasion, m\u00eame si sa r\u00e9action face \u00e0 une \u00e9ventuelle nouvelle attaque russe reste \u00e0 d\u00e9terminer.<\/p>\n<p>Les Insoumis entendent aussi \u00e9voquer la position de la France sur l&rsquo;accord commercial entre l&rsquo;UE et le Mercosur, \u00e0 la veille d&rsquo;un vote crucial \u00e0 Bruxelles. Les agriculteurs et la quasi-totalit\u00e9 de la classe politique fran\u00e7aise s&rsquo;y opposent.<\/p>\n","protected":false},"excerpt":{"rendered":"Emmanuel Macron a r\u00e9uni jeudi les principaux responsables politiques fran\u00e7ais pour leur pr\u00e9senter les \u00ab\u00a0garanties de s\u00e9curit\u00e9\u00a0\u00bb promises&hellip;\n","protected":false},"author":2,"featured_media":650034,"comment_status":"","ping_status":"","sticky":false,"template":"","format":"standard","meta":{"footnotes":""},"categories":[1590],"tags":[11,1777,674,12,220],"class_list":{"0":"post-650033","1":"post","2":"type-post","3":"status-publish","4":"format-standard","5":"has-post-thumbnail","7":"category-ukraine","8":"tag-actualites","9":"tag-eu","10":"tag-europe","11":"tag-news","12":"tag-ukraine"},"share_on_mastodon":{"url":"https:\/\/pubeurope.com\/@fr\/115861090699796316","error":""},"_links":{"self":[{"href":"https:\/\/www.europesays.com\/fr\/wp-json\/wp\/v2\/posts\/650033","targetHints":{"allow":["GET"]}}],"collection":[{"href":"https:\/\/www.europesays.com\/fr\/wp-json\/wp\/v2\/posts"}],"about":[{"href":"https:\/\/www.europesays.com\/fr\/wp-json\/wp\/v2\/types\/post"}],"author":[{"embeddable":true,"href":"https:\/\/www.europesays.com\/fr\/wp-json\/wp\/v2\/users\/2"}],"replies":[{"embeddable":true,"href":"https:\/\/www.europesays.com\/fr\/wp-json\/wp\/v2\/comments?post=650033"}],"version-history":[{"count":0,"href":"https:\/\/www.europesays.com\/fr\/wp-json\/wp\/v2\/posts\/650033\/revisions"}],"wp:featuredmedia":[{"embeddable":true,"href":"https:\/\/www.europesays.com\/fr\/wp-json\/wp\/v2\/media\/650034"}],"wp:attachment":[{"href":"https:\/\/www.europesays.com\/fr\/wp-json\/wp\/v2\/media?parent=650033"}],"wp:term":[{"taxonomy":"category","embeddable":true,"href":"https:\/\/www.europesays.com\/fr\/wp-json\/wp\/v2\/categories?post=650033"},{"taxonomy":"post_tag","embeddable":true,"href":"https:\/\/www.europesays.com\/fr\/wp-json\/wp\/v2\/tags?post=650033"}],"curies":[{"name":"wp","href":"https:\/\/api.w.org\/{rel}","templated":true}]}}