{"id":650035,"date":"2026-01-08T19:18:21","date_gmt":"2026-01-08T19:18:21","guid":{"rendered":"https:\/\/www.europesays.com\/fr\/650035\/"},"modified":"2026-01-08T19:18:21","modified_gmt":"2026-01-08T19:18:21","slug":"etats-unis-et-colombie-une-relation-complexe-regarder-lemission-complete","status":"publish","type":"post","link":"https:\/\/www.europesays.com\/fr\/650035\/","title":{"rendered":"\u00c9tats-Unis et Colombie : une relation complexe &#8211; Regarder l\u2019\u00e9mission compl\u00e8te"},"content":{"rendered":"<p>Trois millions de V\u00e9n\u00e9zu\u00e9liens sont exil\u00e9s en Colombie voisine et ils h\u00e9sitent \u00e0 rentrer au pays, malgr\u00e9 la capture de Nicolas Maduro. Une op\u00e9ration am\u00e9ricaine que le pr\u00e9sident colombien de gauche Gustavo Petro critique vertement. Apr\u00e8s le Venezuela, Donald Trump a menac\u00e9 la Colombie et accus\u00e9 son pr\u00e9sident de narcotrafic. Les deux dirigeants jouent d\u00e9sormais l&rsquo;apaisement.<\/p>\n","protected":false},"excerpt":{"rendered":"Trois millions de V\u00e9n\u00e9zu\u00e9liens sont exil\u00e9s en Colombie voisine et ils h\u00e9sitent \u00e0 rentrer au pays, malgr\u00e9 la&hellip;\n","protected":false},"author":2,"featured_media":650036,"comment_status":"","ping_status":"","sticky":false,"template":"","format":"standard","meta":{"footnotes":""},"categories":[1589],"tags":[11,73,1866,12,1864,1865,1863,308],"class_list":{"0":"post-650035","1":"post","2":"type-post","3":"status-publish","4":"format-standard","5":"has-post-thumbnail","7":"category-etats-unis","8":"tag-actualites","9":"tag-etats-unis","10":"tag-etats-unis-damerique","11":"tag-news","12":"tag-united-states","13":"tag-united-states-of-america","14":"tag-us","15":"tag-usa"},"share_on_mastodon":{"url":"https:\/\/pubeurope.com\/@fr\/115861094642072176","error":""},"_links":{"self":[{"href":"https:\/\/www.europesays.com\/fr\/wp-json\/wp\/v2\/posts\/650035","targetHints":{"allow":["GET"]}}],"collection":[{"href":"https:\/\/www.europesays.com\/fr\/wp-json\/wp\/v2\/posts"}],"about":[{"href":"https:\/\/www.europesays.com\/fr\/wp-json\/wp\/v2\/types\/post"}],"author":[{"embeddable":true,"href":"https:\/\/www.europesays.com\/fr\/wp-json\/wp\/v2\/users\/2"}],"replies":[{"embeddable":true,"href":"https:\/\/www.europesays.com\/fr\/wp-json\/wp\/v2\/comments?post=650035"}],"version-history":[{"count":0,"href":"https:\/\/www.europesays.com\/fr\/wp-json\/wp\/v2\/posts\/650035\/revisions"}],"wp:featuredmedia":[{"embeddable":true,"href":"https:\/\/www.europesays.com\/fr\/wp-json\/wp\/v2\/media\/650036"}],"wp:attachment":[{"href":"https:\/\/www.europesays.com\/fr\/wp-json\/wp\/v2\/media?parent=650035"}],"wp:term":[{"taxonomy":"category","embeddable":true,"href":"https:\/\/www.europesays.com\/fr\/wp-json\/wp\/v2\/categories?post=650035"},{"taxonomy":"post_tag","embeddable":true,"href":"https:\/\/www.europesays.com\/fr\/wp-json\/wp\/v2\/tags?post=650035"}],"curies":[{"name":"wp","href":"https:\/\/api.w.org\/{rel}","templated":true}]}}