{"id":650039,"date":"2026-01-08T19:20:13","date_gmt":"2026-01-08T19:20:13","guid":{"rendered":"https:\/\/www.europesays.com\/fr\/650039\/"},"modified":"2026-01-08T19:20:13","modified_gmt":"2026-01-08T19:20:13","slug":"jusqua-20-degres-localement-lallemagne-sapprete-a-affronter-la-tempete-de-neige-elli","status":"publish","type":"post","link":"https:\/\/www.europesays.com\/fr\/650039\/","title":{"rendered":"Jusqu&rsquo;\u00e0 -20 degr\u00e9s localement : l&rsquo;Allemagne s&rsquo;appr\u00eate \u00e0 affronter la temp\u00eate de neige Elli"},"content":{"rendered":"<ul class=\"jsx-862013697 ArticleChapo__List\">\n<li class=\"jsx-862013697 ArticleChapo__List_Item flex\">Le Royaume-Uni et le nord-ouest de la France se retrouvent confront\u00e9s \u00e0 la temp\u00eate Goretti.<\/li>\n<li class=\"jsx-862013697 ArticleChapo__List_Item flex\">Du c\u00f4t\u00e9 de nos voisins allemands, les conditions m\u00e9t\u00e9orologiques promettent aussi d&rsquo;\u00eatre particuli\u00e8rement rudes dans les heures \u00e0 venir : une temp\u00eate de neige est attendue.<\/li>\n<li class=\"jsx-862013697 ArticleChapo__List_Item flex\">Jusqu&rsquo;\u00e0 15 cm de neige sont attendus localement, ainsi que des vents violents.<\/li>\n<\/ul>\n<p data-module=\"article-paragraph\" class=\"jsx-157965717 Paragraph Paragraph__End\">Tandis que le nord-ouest de la France se pr\u00e9pare \u00e0 affronter <a href=\"https:\/\/www.tf1info.fr\/meteo\/tempete-goretti-meteo-france-previsions-alerte-comment-cette-bombe-meteorologique-va-t-elle-evoluer-ces-prochaines-heures-2417493.html\" target=\"_blank\" rel=\"noopener\">les bourrasques de la temp\u00eate Goretti (nouvelle fen\u00eatre)<\/a>, tout comme le Royaume-Uni, nos autres voisins europ\u00e9ens ne sont pas en reste. L&rsquo;Allemagne s&rsquo;attend \u00e0 une temp\u00eate de neige, nomm\u00e9e Elli, qui s&rsquo;accompagnera de vents violents \u00e0 partir de la nuit de jeudi 8 \u00e0 vendredi 9 janvier. Le mercure devrait fortement chuter, jusqu&rsquo;\u00e0 &#8211; 20 degr\u00e9s par endroits.\u00a0<\/p>\n<p data-module=\"article-paragraph\" class=\"jsx-157965717 Paragraph Paragraph__End\">Plusieurs villes du nord du pays, dont Hambourg et Br\u00eame, ont ainsi pr\u00e9vu de fermer les \u00e9coles vendredi en raison du passage de la perturbation. La temp\u00eate doit balayer l&rsquo;ensemble du pays, touchant plus particuli\u00e8rement le nord et le nord-est, o\u00f9 <a href=\"https:\/\/www.tf1info.fr\/meteo\/meteo-vigilance-alerte-neige-verglas-froid-suis-je-responsable-si-un-pieton-chute-devant-ma-porte-chez-moi-2417264.html\" target=\"_blank\" rel=\"noopener\">jusqu&rsquo;\u00e0 15 centim\u00e8tres de neige (nouvelle fen\u00eatre)<\/a> sont attendus.\u00a0<\/p>\n<p>Les h\u00f4pitaux d\u00e9j\u00e0 satur\u00e9s apr\u00e8s de nombreuses chutes<\/p>\n<p data-module=\"article-paragraph\" class=\"jsx-157965717 Paragraph\">Ces pr\u00e9cipitations seront accompagn\u00e9es de rafales soutenues, favorisant la formation de cong\u00e8res, des amas de neige fa\u00e7onn\u00e9s par le vent, selon le service national de m\u00e9t\u00e9orologie (DWD), qui anticipe \u00ab\u00a0des perturbations importantes du trafic routier\u00a0\u00bb. Une large partie du pays <a href=\"https:\/\/www.facebook.com\/DeutscherWetterdienst\/posts\/pfbid02ca8R1rjCP2PwiBPtK9hXfxnDfwCEbpL6VrUTjVsBhKPPRE5AiURsFBGzvMjTp4vGl\" target=\"_blank\" rel=\"noopener\">a \u00e9t\u00e9 class\u00e9e (nouvelle fen\u00eatre)<\/a> en alerte orange, et m\u00eame en alerte rouge, le troisi\u00e8me niveau de vigilance sur quatre, dans le nord-ouest du pays.\u00a0<\/p>\n<p data-module=\"article-paragraph\" class=\"jsx-157965717 Paragraph Paragraph__End\">Les temp\u00e9ratures minimales devraient chuter ce week-end \u00e0 -10 degr\u00e9s, voire jusqu&rsquo;\u00e0 -20 degr\u00e9s localement, pr\u00e9cise \u00e0 l&rsquo;AFP Andreas Walter, m\u00e9t\u00e9orologue du centre de pr\u00e9visions. Le <a href=\"https:\/\/www.bild.de\/news\/inland\/schneeverwehungen-eisregen-orkan-hier-wird-der-winter-gefaehrlich-695f5be34d1d5f581eeaf5d1\" target=\"_blank\" rel=\"noopener\">quotidien populaire Bild (nouvelle fen\u00eatre)<\/a> \u00e9voque d\u00e9j\u00e0 des zones du pays tr\u00e8s affect\u00e9es par le froid et la neige des derniers jours, avec des h\u00f4pitaux satur\u00e9s par l&rsquo;afflux de patients victimes de chutes sur des voies verglac\u00e9es, ainsi que de fortes perturbations dans les transports en commun et sur le r\u00e9seau routier autour de Hambourg.<\/p>\n<p><a href=\"https:\/\/www.tf1info.fr\/international\/verif-en-allemagne-risque-t-on-une-amende-si-l-on-repand-du-sel-sur-les-trottoirs-quand-il-neige-2417270.html\" rel=\"noopener\" class=\"jsx-3308031228 Link flex\" target=\"_blank\"><img decoding=\"async\" src=\"https:\/\/www.europesays.com\/fr\/wp-content\/uploads\/2026\/01\/verif-berlin-1-1ea647-0@1x.jpeg\" alt=\"Cette sc\u00e8ne a \u00e9t\u00e9 film\u00e9e \u00e0 Berlin le 4 janvier 2026.\" loading=\"lazy\" importance=\"low\" fetchpriority=\"low\" class=\"\" aria-hidden=\"true\"\/><\/p>\n<p class=\"jsx-3657663356 ReadMoreArticle__Title\">Lire aussi<\/p>\n<p class=\"jsx-3657663356\">V\u00c9RIF&rsquo; &#8211; En Allemagne, risque-t-on une amende si l&rsquo;on r\u00e9pand du sel sur les trottoirs quand il neige ?<\/p>\n<p><\/a><\/p>\n<p data-module=\"article-paragraph\" class=\"jsx-157965717 Paragraph\">La compagnie ferroviaire Deutsche Bahn anticipe \u00e9galement d&rsquo;importantes <a href=\"https:\/\/www.tf1info.fr\/meteo\/angleterre-berlin-munich-chutes-de-neige-fortes-perturbations-dans-les-transports-au-royaume-uni-et-en-allemagne-2343041.html\" target=\"_blank\" rel=\"noopener\">perturbations du trafic ferroviaire (nouvelle fen\u00eatre)<\/a> dans les prochains jours. Plus de 14.000 employ\u00e9s sont mobilis\u00e9s pour d\u00e9neiger et d\u00e9givrer les quais et les voies, a pr\u00e9cis\u00e9 l&rsquo;entreprise.<\/p>\n<p data-module=\"article-paragraph\" class=\"jsx-157965717 Paragraph Paragraph__End\">L&rsquo;\u00e9pisode est exceptionnel, compar\u00e9 aux derniers hivers doux en Allemagne, qui sont \u00ab\u00a0la cons\u00e9quence du r\u00e9chauffement climatique\u00a0\u00bb, explique \u00e0 l&rsquo;AFP Andreas Walter. \u00ab\u00a0Un mois froid avec de la neige peut encore arriver, m\u00eame avec la hausse des temp\u00e9ratures due au r\u00e9chauffement climatique, mais de tels \u00e9v\u00e9nements deviendront plus rares \u00e0 l&rsquo;avenir\u00a0\u00bb, souligne-t-il.<\/p>\n<p>M.L. avec AFP<\/p>\n","protected":false},"excerpt":{"rendered":"Le Royaume-Uni et le nord-ouest de la France se retrouvent confront\u00e9s \u00e0 la temp\u00eate Goretti. Du c\u00f4t\u00e9 de&hellip;\n","protected":false},"author":2,"featured_media":650040,"comment_status":"","ping_status":"","sticky":false,"template":"","format":"standard","meta":{"footnotes":""},"categories":[1587],"tags":[1111,11,672,1921,1804,1805,1803,1777,674,1801,1922,3059,11007,10584,12,11008,2119,1802,133,11009],"class_list":{"0":"post-650039","1":"post","2":"type-post","3":"status-publish","4":"format-standard","5":"has-post-thumbnail","7":"category-allemagne","8":"tag-actu","9":"tag-actualites","10":"tag-allemagne","11":"tag-article-video","12":"tag-bundesrepublik-deutschland","13":"tag-de","14":"tag-deutschland","15":"tag-eu","16":"tag-europe","17":"tag-germany","18":"tag-info","19":"tag-intemperies","20":"tag-meteo-quotidienne","21":"tag-neige","22":"tag-news","23":"tag-phenomenes-meteo","24":"tag-previsions-meteo","25":"tag-republique-federale-dallemagne","26":"tag-video","27":"tag-video-meteo-et-intemperies"},"share_on_mastodon":{"url":"https:\/\/pubeurope.com\/@fr\/115861102701556057","error":""},"_links":{"self":[{"href":"https:\/\/www.europesays.com\/fr\/wp-json\/wp\/v2\/posts\/650039","targetHints":{"allow":["GET"]}}],"collection":[{"href":"https:\/\/www.europesays.com\/fr\/wp-json\/wp\/v2\/posts"}],"about":[{"href":"https:\/\/www.europesays.com\/fr\/wp-json\/wp\/v2\/types\/post"}],"author":[{"embeddable":true,"href":"https:\/\/www.europesays.com\/fr\/wp-json\/wp\/v2\/users\/2"}],"replies":[{"embeddable":true,"href":"https:\/\/www.europesays.com\/fr\/wp-json\/wp\/v2\/comments?post=650039"}],"version-history":[{"count":0,"href":"https:\/\/www.europesays.com\/fr\/wp-json\/wp\/v2\/posts\/650039\/revisions"}],"wp:featuredmedia":[{"embeddable":true,"href":"https:\/\/www.europesays.com\/fr\/wp-json\/wp\/v2\/media\/650040"}],"wp:attachment":[{"href":"https:\/\/www.europesays.com\/fr\/wp-json\/wp\/v2\/media?parent=650039"}],"wp:term":[{"taxonomy":"category","embeddable":true,"href":"https:\/\/www.europesays.com\/fr\/wp-json\/wp\/v2\/categories?post=650039"},{"taxonomy":"post_tag","embeddable":true,"href":"https:\/\/www.europesays.com\/fr\/wp-json\/wp\/v2\/tags?post=650039"}],"curies":[{"name":"wp","href":"https:\/\/api.w.org\/{rel}","templated":true}]}}