{"id":650041,"date":"2026-01-08T19:21:12","date_gmt":"2026-01-08T19:21:12","guid":{"rendered":"https:\/\/www.europesays.com\/fr\/650041\/"},"modified":"2026-01-08T19:21:12","modified_gmt":"2026-01-08T19:21:12","slug":"signe-consigny-mercosur-leurope-manque-a-ses-obligations-en-matiere-de-defense-de-ses-propres-interets-estime-lessayiste","status":"publish","type":"post","link":"https:\/\/www.europesays.com\/fr\/650041\/","title":{"rendered":"SIGN\u00c9 CONSIGNY &#8211; Mercosur: \u00ab\u00a0L&rsquo;Europe manque \u00e0 ses obligations en mati\u00e8re de d\u00e9fense de ses propres int\u00e9r\u00eats\u00a0\u00bb, estime l&rsquo;essayiste"},"content":{"rendered":"<p>SIGN\u00c9 CONSIGNY &#8211; Mercosur: \u00ab\u00a0L&rsquo;Europe manque \u00e0 ses obligations en mati\u00e8re de d\u00e9fense de ses propres int\u00e9r\u00eats\u00a0\u00bb, estime l&rsquo;essayisteSur le m\u00eame sujet<a href=\"https:\/\/www.bfmtv.com\/meteo\/video-tempete-goretti-il-ne-faut-surtout-pas-aller-sur-le-front-de-mer-voyez-le-spectacle-de-loin-ou-a-travers-des-photos-previent-le-maire-de-fecamp-en-normandie_VN-202601080923.html\" title=\"Temp\u00eate Goretti: &quot;Il ne faut surtout pas aller sur le front de mer, voyez le spectacle de loin ou \u00e0 travers des photos&quot;, pr\u00e9vient le maire de F\u00e9camp en Normandie \" target=\"_blank\" rel=\"noopener\"><img width=\"16\" height=\"9\" class=\"lozad\"  alt=\"Temp\u00eate Goretti: &quot;Il ne faut surtout pas aller sur le front de mer, voyez le spectacle de loin ou \u00e0 travers des photos&quot;, pr\u00e9vient le maire de F\u00e9camp en Normandie \"\/>1:31Temp\u00eate Goretti: \u00ab\u00a0Il ne faut surtout pas aller sur le front de mer, voyez le spectacle de loin ou \u00e0 travers des photos\u00a0\u00bb, pr\u00e9vient le maire de F\u00e9camp en Normandie<\/a><a href=\"https:\/\/www.bfmtv.com\/economie\/entreprises\/transports\/video-la-technologie-au-coeur-de-l-industrie-auto_VN-202601080922.html\" title=\"La technologie au coeur de l&#039;industrie auto\" target=\"_blank\" rel=\"noopener\"><img width=\"16\" height=\"9\" class=\"lozad\"  alt=\"La technologie au coeur de l'industrie auto\"\/>3:41La technologie au coeur de l&rsquo;industrie auto<\/a><a href=\"https:\/\/www.bfmtv.com\/grand-lille\/replay-emissions\/lille-politiques\/video-metropole-de-lyon-doriane-becue-maire-dvd-de-tourcoing-est-candidate-a-sa-reelection_VN-202601080921.html\" title=\"M\u00e9tropole de Lyon : Doriane B\u00e9cue, maire DVD de Tourcoing, est candidate \u00e0 sa r\u00e9\u00e9lection\" target=\"_blank\" rel=\"noopener\"><img width=\"16\" height=\"9\" class=\"lozad\"  alt=\"M\u00e9tropole de Lyon : Doriane B\u00e9cue, maire DVD de Tourcoing, est candidate \u00e0 sa r\u00e9\u00e9lection\"\/>4:08M\u00e9tropole de Lyon : Doriane B\u00e9cue, maire DVD de Tourcoing, est candidate \u00e0 sa r\u00e9\u00e9lection<\/a><a href=\"https:\/\/www.bfmtv.com\/meteo\/video-tempete-goretti-pompiers-commercants-et-habitants-se-mettent-a-l-uvre-pour-preparer-l-arrivee-des-fortes-rafales_VN-202601080919.html\" title=\"Temp\u00eate Goretti: pompiers, commer\u00e7ants et habitants se mettent \u00e0 l&#039;\u0153uvre pour pr\u00e9parer l&#039;arriv\u00e9e des fortes rafales\" target=\"_blank\" rel=\"noopener\"><img width=\"16\" height=\"9\" class=\"lozad\"  alt=\"Temp\u00eate Goretti: pompiers, commer\u00e7ants et habitants se mettent \u00e0 l'\u0153uvre pour pr\u00e9parer l'arriv\u00e9e des fortes rafales\"\/>1:33Temp\u00eate Goretti: pompiers, commer\u00e7ants et habitants se mettent \u00e0 l&rsquo;\u0153uvre pour pr\u00e9parer l&rsquo;arriv\u00e9e des fortes rafales<\/a><a href=\"https:\/\/www.bfmtv.com\/meteo\/video-on-a-recupere-quelques-tables-de-gens-de-l-hotel-vu-que-le-restaurant-de-l-hotel-etait-ferme-ce-restaurateur-decide-de-rester-ouvert-malgre-l-arrivee-de-la-tempete-goretti_VN-202601080911.html\" title=\"&quot;On a r\u00e9cup\u00e9r\u00e9 quelques tables de gens de l&#039;h\u00f4tel vu que le restaurant de l&#039;h\u00f4tel \u00e9tait ferm\u00e9&quot;: ce restaurateur d\u00e9cide de rester ouvert malgr\u00e9 l&#039;arriv\u00e9e de la temp\u00eate Goretti\" target=\"_blank\" rel=\"noopener\"><img width=\"16\" height=\"9\" class=\"lozad\"  alt=\"&quot;On a r\u00e9cup\u00e9r\u00e9 quelques tables de gens de l'h\u00f4tel vu que le restaurant de l'h\u00f4tel \u00e9tait ferm\u00e9&quot;: ce restaurateur d\u00e9cide de rester ouvert malgr\u00e9 l'arriv\u00e9e de la temp\u00eate Goretti\"\/>1:47&Prime;On a r\u00e9cup\u00e9r\u00e9 quelques tables de gens de l&rsquo;h\u00f4tel vu que le restaurant de l&rsquo;h\u00f4tel \u00e9tait ferm\u00e9\u00a0\u00bb: ce restaurateur d\u00e9cide de rester ouvert malgr\u00e9 l&rsquo;arriv\u00e9e de la temp\u00eate Goretti<\/a><a href=\"https:\/\/www.bfmtv.com\/economie\/video-la-technologie-au-service-de-l-inclusion_VN-202601080910.html\" title=\"La technologie au service de l&#039;inclusion\" target=\"_blank\" rel=\"noopener\"><img width=\"16\" height=\"9\" class=\"lozad\"  alt=\"La technologie au service de l'inclusion\"\/>2:04La technologie au service de l&rsquo;inclusion<\/a><a href=\"https:\/\/rmcsport.bfmtv.com\/football\/video-ils-valent-de-l-or-ce-createur-recupere-des-maillots-portes-pendant-la-can-pour-les-donner_VN-202601080914.html\" title=\"&quot;Ils valent de l&#039;or&quot;, ce cr\u00e9ateur r\u00e9cup\u00e8re des maillots port\u00e9s pendant la CAN pour les donner\" target=\"_blank\" rel=\"noopener\"><img width=\"16\" height=\"9\" class=\"lozad\"  alt=\"&quot;Ils valent de l'or&quot;, ce cr\u00e9ateur r\u00e9cup\u00e8re des maillots port\u00e9s pendant la CAN pour les donner\"\/>1:05&Prime;Ils valent de l&rsquo;or\u00a0\u00bb, ce cr\u00e9ateur r\u00e9cup\u00e8re des maillots port\u00e9s pendant la CAN pour les donner<\/a><a href=\"https:\/\/rmcsport.bfmtv.com\/football\/video-after-psg-luis-enrique-barcola-dembele-les-enjeux-brulants-de-l-annee-2026_VN-202601080916.html\" title=\"After PSG : Luis Enrique, Barcola, Demb\u00e9l\u00e9\u2026 les enjeux br\u00fblants de l&#039;ann\u00e9e 2026\" target=\"_blank\" rel=\"noopener\"><img width=\"16\" height=\"9\" class=\"lozad\"  alt=\"After PSG : Luis Enrique, Barcola, Demb\u00e9l\u00e9\u2026 les enjeux br\u00fblants de l'ann\u00e9e 2026\"\/>27:07After PSG : Luis Enrique, Barcola, Demb\u00e9l\u00e9\u2026 les enjeux br\u00fblants de l&rsquo;ann\u00e9e 2026<\/a><a href=\"https:\/\/www.bfmtv.com\/marseille\/replay-emissions\/bonsoir-marseille\/video-bonsoir-marseille-du-jeudi-8-janvier-2026_VN-202601080925.html\" title=\"Bonsoir Marseille du jeudi 8 janvier 2026\" target=\"_blank\" rel=\"noopener\"><img width=\"16\" height=\"9\" class=\"lozad\"  alt=\"Bonsoir Marseille du jeudi 8 janvier 2026\"\/>55:16Bonsoir Marseille du jeudi 8 janvier 2026<\/a><a href=\"https:\/\/www.bfmtv.com\/lyon\/replay-emissions\/lyon-politiques\/video-municipales-a-lyon-cedric-van-styvendael-ne-voit-pas-comment-il-pourrait-faire-alliance-avec-lfi_VN-202601080909.html\" title=\"Municipales \u00e0 Lyon : C\u00e9dric Van Styvendael ne voit pas comment il pourrait faire alliance avec LFI\" target=\"_blank\" rel=\"noopener\"><img width=\"16\" height=\"9\" class=\"lozad\"  alt=\"Municipales \u00e0 Lyon : C\u00e9dric Van Styvendael ne voit pas comment il pourrait faire alliance avec LFI\"\/>4:04Municipales \u00e0 Lyon : C\u00e9dric Van Styvendael ne voit pas comment il pourrait faire alliance avec LFI<\/a><a href=\"https:\/\/www.bfmtv.com\/politique\/video-dermatose-nodulaire-contagieuse-on-attend-que-l-immunite-collective-soit-garantie-pour-envisager-de-faire-bouger-le-protocole-explique-la-ministre-de-l-agriculture_VN-202601080907.html\" title=\"Dermatose nodulaire contagieuse: &quot;On attend que l&#039;immunit\u00e9 collective soit garantie pour envisager de faire bouger le protocole&quot;, explique la ministre de l&#039;Agriculture\" target=\"_blank\" rel=\"noopener\"><img width=\"16\" height=\"9\" class=\"lozad\"  alt=\"Dermatose nodulaire contagieuse: &quot;On attend que l'immunit\u00e9 collective soit garantie pour envisager de faire bouger le protocole&quot;, explique la ministre de l'Agriculture\"\/>1:10Dermatose nodulaire contagieuse: \u00ab\u00a0On attend que l&rsquo;immunit\u00e9 collective soit garantie pour envisager de faire bouger le protocole\u00a0\u00bb, explique la ministre de l&rsquo;Agriculture<\/a><a href=\"https:\/\/www.bfmtv.com\/international\/amerique-nord\/etats-unis\/video-apres-minneapolis-la-maison-blanche-denonce-un-assaut-organise-contre-les-forces-de-l-ordre_VN-202601080905.html\" title=\"Apr\u00e8s Minneapolis, la Maison Blanche d\u00e9nonce un &quot;assaut organis\u00e9&quot; contre les forces de l&#039;ordre \" target=\"_blank\" rel=\"noopener\"><img width=\"16\" height=\"9\" class=\"lozad\"  alt=\"Apr\u00e8s Minneapolis, la Maison Blanche d\u00e9nonce un &quot;assaut organis\u00e9&quot; contre les forces de l'ordre \"\/>1:26Apr\u00e8s Minneapolis, la Maison Blanche d\u00e9nonce un \u00ab\u00a0assaut organis\u00e9\u00a0\u00bb contre les forces de l&rsquo;ordre<\/a><a href=\"https:\/\/www.bfmtv.com\/normandie\/replay-emissions\/normandie-politiques\/video-municipales-a-cherbourg-en-cotentin-le-maire-ps-benoit-arrive-souhaite-preserver-le-service-public_VN-202601080904.html\" title=\"Municipales \u00e0 Cherbourg-en-Cotentin : le maire PS Benoit Arriv\u00e9 souhaite pr\u00e9server le service public\" target=\"_blank\" rel=\"noopener\"><img width=\"16\" height=\"9\" class=\"lozad\"  alt=\"Municipales \u00e0 Cherbourg-en-Cotentin : le maire PS Benoit Arriv\u00e9 souhaite pr\u00e9server le service public\"\/>1:56Municipales \u00e0 Cherbourg-en-Cotentin : le maire PS Benoit Arriv\u00e9 souhaite pr\u00e9server le service public<\/a><a href=\"https:\/\/www.bfmtv.com\/international\/europe\/video-mercosur-la-france-peut-elle-bloquer-l-accord-de-libre-echange-l-europe-repond_VN-202601080902.html\" title=\"Mercosur: la France peut-elle bloquer l&#039;accord de libre-\u00e9change? L&#039;Europe r\u00e9pond\" target=\"_blank\" rel=\"noopener\"><img width=\"16\" height=\"9\" class=\"lozad\"  alt=\"Mercosur: la France peut-elle bloquer l'accord de libre-\u00e9change? L'Europe r\u00e9pond\"\/>1:58Mercosur: la France peut-elle bloquer l&rsquo;accord de libre-\u00e9change? L&rsquo;Europe r\u00e9pond<\/a><a class=\"jumpToVideo\" target=\"_blank\"><img class=\"thumbnailPreview\"\/><\/a><\/p>\n","protected":false},"excerpt":{"rendered":"SIGN\u00c9 CONSIGNY &#8211; Mercosur: \u00ab\u00a0L&rsquo;Europe manque \u00e0 ses obligations en mati\u00e8re de d\u00e9fense de ses propres int\u00e9r\u00eats\u00a0\u00bb, estime&hellip;\n","protected":false},"author":2,"featured_media":650042,"comment_status":"","ping_status":"","sticky":false,"template":"","format":"standard","meta":{"footnotes":""},"categories":[1586],"tags":[11,1777,674,1011,27,12,25],"class_list":{"0":"post-650041","1":"post","2":"type-post","3":"status-publish","4":"format-standard","5":"has-post-thumbnail","7":"category-europe","8":"tag-actualites","9":"tag-eu","10":"tag-europe","11":"tag-fr","12":"tag-france","13":"tag-news","14":"tag-republique-francaise"},"share_on_mastodon":{"url":"https:\/\/pubeurope.com\/@fr\/115861106441751941","error":""},"_links":{"self":[{"href":"https:\/\/www.europesays.com\/fr\/wp-json\/wp\/v2\/posts\/650041","targetHints":{"allow":["GET"]}}],"collection":[{"href":"https:\/\/www.europesays.com\/fr\/wp-json\/wp\/v2\/posts"}],"about":[{"href":"https:\/\/www.europesays.com\/fr\/wp-json\/wp\/v2\/types\/post"}],"author":[{"embeddable":true,"href":"https:\/\/www.europesays.com\/fr\/wp-json\/wp\/v2\/users\/2"}],"replies":[{"embeddable":true,"href":"https:\/\/www.europesays.com\/fr\/wp-json\/wp\/v2\/comments?post=650041"}],"version-history":[{"count":0,"href":"https:\/\/www.europesays.com\/fr\/wp-json\/wp\/v2\/posts\/650041\/revisions"}],"wp:featuredmedia":[{"embeddable":true,"href":"https:\/\/www.europesays.com\/fr\/wp-json\/wp\/v2\/media\/650042"}],"wp:attachment":[{"href":"https:\/\/www.europesays.com\/fr\/wp-json\/wp\/v2\/media?parent=650041"}],"wp:term":[{"taxonomy":"category","embeddable":true,"href":"https:\/\/www.europesays.com\/fr\/wp-json\/wp\/v2\/categories?post=650041"},{"taxonomy":"post_tag","embeddable":true,"href":"https:\/\/www.europesays.com\/fr\/wp-json\/wp\/v2\/tags?post=650041"}],"curies":[{"name":"wp","href":"https:\/\/api.w.org\/{rel}","templated":true}]}}