{"id":650043,"date":"2026-01-08T19:22:18","date_gmt":"2026-01-08T19:22:18","guid":{"rendered":"https:\/\/www.europesays.com\/fr\/650043\/"},"modified":"2026-01-08T19:22:18","modified_gmt":"2026-01-08T19:22:18","slug":"emmanuel-macron-votera-contre-le-traite-entre-lue-et-le-mercosur-vendredi-a-bruxelles","status":"publish","type":"post","link":"https:\/\/www.europesays.com\/fr\/650043\/","title":{"rendered":"Emmanuel Macron votera contre le trait\u00e9 entre l&rsquo;UE et le Mercosur vendredi \u00e0 Bruxelles"},"content":{"rendered":"<p class=\"article-p mdl\">La pression des agriculteurs a-t-elle pay\u00e9 ? Emmanuel Macron a annonc\u00e9, ce jeudi 8 janvier, que la France voterait \u00ab\u00a0<a class=\"link\" href=\"https:\/\/www.rtl.fr\/actu\/debats-societe\/en-direct-colere-agricole-des-tracteurs-d-agriculteurs-de-la-coordination-rurale-sont-entres-au-coeur-de-paris-7900586275\" target=\"_blank\" rel=\"noopener\">contre la signature de l&rsquo;accord<\/a>\u00a0entre l&rsquo;Union europ\u00e9enne et les pays du Mercosur\u00a0\u00bb. Le pr\u00e9sident de la R\u00e9publique a justifi\u00e9 sa d\u00e9cision en invoquant un \u00ab\u00a0rejet politique unanime\u00a0\u00bb.<\/p>\n<p class=\"article-p mdl\">Malgr\u00e9 des \u00ab\u00a0avanc\u00e9es incontestables\u00a0\u00bb dont \u00ab\u00a0il faut donner acte \u00e0 la Commission europ\u00e9enne\u00a0\u00bb, \u00ab\u00a0le constat doit \u00eatre dress\u00e9 d&rsquo;un rejet politique unanime de l&rsquo;accord, comme l&rsquo;ont clairement montr\u00e9 les r\u00e9cents d\u00e9bats \u00e0 l&rsquo;Assembl\u00e9e nationale et au S\u00e9nat\u00a0\u00bb, a insist\u00e9 le chef de l&rsquo;\u00c9tat\u00a0dans un communiqu\u00e9.<\/p>\n<p class=\"article-p mdl\">\u00ab\u00a0L&rsquo;\u00e9tape de\u00a0<a class=\"link\" href=\"https:\/\/www.rtl.fr\/actu\/politique\/un-vrai-risque-d-une-censure-le-gouvernement-en-danger-si-emmanuel-macron-vote-l-accord-avec-le-mercosur-7900585859\" target=\"_blank\" rel=\"noopener\">la signature de l&rsquo;accord ne constitue pas la fin de l&rsquo;histoire<\/a>. Je continuerai de me battre pour la pleine mise en \u0153uvre concr\u00e8te des engagements obtenus de la Commission europ\u00e9enne et pour prot\u00e9ger nos agriculteurs\u00a0\u00bb, a-t-il assur\u00e9.<\/p>\n<p class=\"article-p mdl\">Cette d\u00e9cision s&rsquo;ajoute \u00e0 l&rsquo;opposition de l&rsquo;Irlande, de la Pologne ou de la Hongrie, mais ne devrait cependant pas emp\u00eacher la Commission europ\u00e9enne d&rsquo;obtenir le feu vert d&rsquo;une majorit\u00e9 d&rsquo;\u00c9tats membres lors de ce vote \u00e0 la majorit\u00e9 qualifi\u00e9e, vendredi, \u00e0 Bruxelles.<\/p>\n<p>            \u00ab\u00a0L&rsquo;accord UE-Mercosur est un accord d&rsquo;un autre \u00e2ge, n\u00e9goci\u00e9 depuis trop longtemps\u00a0\u00bb<\/p>\n<p class=\"article-p mdl\">Selon Emmanuel Macron, confront\u00e9 aussi \u00e0 la pression des agriculteurs qui manifestaient, ce jeudi, dans Paris, \u00ab\u00a0la France est favorable au commerce international, mais\u00a0<a class=\"link\" href=\"https:\/\/www.rtl.fr\/actu\/international\/mercosur-si-bruxelles-souhaite-passer-en-force-la-france-votera-contre-le-traite-previent-sebastien-lecornu-7900579667\" target=\"_blank\" rel=\"noopener\">l&rsquo;accord UE-Mercosur est un accord d&rsquo;un autre \u00e2ge<\/a>, n\u00e9goci\u00e9 depuis trop longtemps sur des bases trop anciennes\u00a0\u00bb.<\/p>\n<p class=\"article-p mdl\">\u00ab\u00a0Si la diversification commerciale est n\u00e9cessaire, le gain \u00e9conomique de l&rsquo;accord UE-Mercosur sera limit\u00e9 pour la croissance fran\u00e7aise et europ\u00e9enne (+0,05% sur le PIB de l&rsquo;UE \u00e0 l&rsquo;horizon 2040 selon la Commission). Il ne justifie pas d&rsquo;exposer des fili\u00e8res agricoles sensibles et essentielles \u00e0 notre souverainet\u00e9 alimentaire\u00a0\u00bb, a-t-il estim\u00e9.<\/p>\n<p class=\"article-p mdl\">Il a toutefois salu\u00e9 les \u00ab\u00a0avanc\u00e9es\u00a0\u00bb obtenues aupr\u00e8s de Bruxelles : \u00ab\u00a0une clause de sauvegarde sp\u00e9cifique\u00a0\u00bb, sorte de \u00ab\u00a0frein d&rsquo;urgence\u00a0\u00bb sur les importations agricoles des pays latino-am\u00e9ricains\u00a0<a class=\"link\" href=\"https:\/\/www.rtl.fr\/actu\/international\/mercosur-l-italie-de-meloni-rejoint-la-france-dans-la-contestation-le-bresilen-lula-s-impatiente-et-pose-un-ultimatum-a-l-ue-7900579959\" target=\"_blank\" rel=\"noopener\">du Mercosur<\/a>\u00a0en cas de d\u00e9stabilisations de march\u00e9 en Europe, mais aussi des \u00ab\u00a0mesures de r\u00e9ciprocit\u00e9 sur les conditions de production\u00a0\u00bb, et des \u00ab\u00a0contr\u00f4les\u00a0\u00bb renforc\u00e9s.<\/p>\n<p class=\"article-p mdl\">\u00ab\u00a0Plusieurs de ces progr\u00e8s doivent encore \u00eatre finalis\u00e9s, la France y veillera\u00a0\u00bb, a assur\u00e9 le locataire de l&rsquo;\u00c9lys\u00e9e. Il s&rsquo;est aussi f\u00e9licit\u00e9 d&rsquo;autres \u00ab\u00a0engagements majeurs de la Commission europ\u00e9enne\u00a0\u00bb, sur le montant du budget futur de la Politique agricole commune (PAC) et sur les prix des engrais.<\/p>\n<p>    La r\u00e9daction vous recommande<\/p>\n<p class=\"s-newsletter__title\">\n                L\u2019actualit\u00e9 par la r\u00e9daction de RTL dans votre bo\u00eete mail.\n            <\/p>\n<p class=\"s-newsletter__subtitle\">\n                Gr\u00e2ce \u00e0 votre compte RTL abonnez-vous \u00e0 la newsletter RTL info pour suivre toute l&rsquo;actualit\u00e9 au quotidien\n            <\/p>\n<p>\n                                    Lire la suite\n                                <\/p>\n","protected":false},"excerpt":{"rendered":"La pression des agriculteurs a-t-elle pay\u00e9 ? Emmanuel Macron a annonc\u00e9, ce jeudi 8 janvier, que la France&hellip;\n","protected":false},"author":2,"featured_media":650044,"comment_status":"","ping_status":"","sticky":false,"template":"","format":"standard","meta":{"footnotes":""},"categories":[1586],"tags":[11,327,1073,1777,674,1779,107,1011,27,14,12,25,19746,1778,364],"class_list":{"0":"post-650043","1":"post","2":"type-post","3":"status-publish","4":"format-standard","5":"has-post-thumbnail","7":"category-europe","8":"tag-actualites","9":"tag-agriculture","10":"tag-emmanuel-macron","11":"tag-eu","12":"tag-europe","13":"tag-european-union","14":"tag-fil-info","15":"tag-fr","16":"tag-france","17":"tag-international","18":"tag-news","19":"tag-republique-francaise","20":"tag-traite","21":"tag-ue","22":"tag-union-europeenne"},"share_on_mastodon":{"url":"https:\/\/pubeurope.com\/@fr\/115861110491207500","error":""},"_links":{"self":[{"href":"https:\/\/www.europesays.com\/fr\/wp-json\/wp\/v2\/posts\/650043","targetHints":{"allow":["GET"]}}],"collection":[{"href":"https:\/\/www.europesays.com\/fr\/wp-json\/wp\/v2\/posts"}],"about":[{"href":"https:\/\/www.europesays.com\/fr\/wp-json\/wp\/v2\/types\/post"}],"author":[{"embeddable":true,"href":"https:\/\/www.europesays.com\/fr\/wp-json\/wp\/v2\/users\/2"}],"replies":[{"embeddable":true,"href":"https:\/\/www.europesays.com\/fr\/wp-json\/wp\/v2\/comments?post=650043"}],"version-history":[{"count":0,"href":"https:\/\/www.europesays.com\/fr\/wp-json\/wp\/v2\/posts\/650043\/revisions"}],"wp:featuredmedia":[{"embeddable":true,"href":"https:\/\/www.europesays.com\/fr\/wp-json\/wp\/v2\/media\/650044"}],"wp:attachment":[{"href":"https:\/\/www.europesays.com\/fr\/wp-json\/wp\/v2\/media?parent=650043"}],"wp:term":[{"taxonomy":"category","embeddable":true,"href":"https:\/\/www.europesays.com\/fr\/wp-json\/wp\/v2\/categories?post=650043"},{"taxonomy":"post_tag","embeddable":true,"href":"https:\/\/www.europesays.com\/fr\/wp-json\/wp\/v2\/tags?post=650043"}],"curies":[{"name":"wp","href":"https:\/\/api.w.org\/{rel}","templated":true}]}}