{"id":650047,"date":"2026-01-08T19:24:13","date_gmt":"2026-01-08T19:24:13","guid":{"rendered":"https:\/\/www.europesays.com\/fr\/650047\/"},"modified":"2026-01-08T19:24:13","modified_gmt":"2026-01-08T19:24:13","slug":"la-demande-dequipements-anti-incendie-explose-en-suisse","status":"publish","type":"post","link":"https:\/\/www.europesays.com\/fr\/650047\/","title":{"rendered":"La demande d&rsquo;\u00e9quipements anti-incendie explose en Suisse"},"content":{"rendered":"<p>Le drame de Crans-Montana semble inciter les autorit\u00e9s suisses \u00e0 renforcer leurs mesures de s\u00e9curit\u00e9 incendie. Plusieurs entreprises interrog\u00e9es par SRF ont constat\u00e9 une forte hausse de la demande.<\/p>\n<p>Le d\u00e9taillant en ligne Digitec Galaxus a indiqu\u00e9 que depuis le d\u00e9but de l&rsquo;ann\u00e9e, huit fois plus d&rsquo;extincteurs ont \u00e9t\u00e9 achet\u00e9s que durant la m\u00eame p\u00e9riode l&rsquo;ann\u00e9e pr\u00e9c\u00e9dente. \u00ab\u00a0Profibedarf.ch\u00a0\u00bb, un autre magasin en ligne signale lui aussi une hausse marqu\u00e9e. On constate \u00e9galement que les demandes de conseils concernant les produits de protection contre les incendies sont plus nombreuses que d&rsquo;habitude.<\/p>\n<p>Contenu externe<\/p>\n<p> Ce contenu externe ne peut pas \u00eatre affich\u00e9 car il est susceptible de collecter des donn\u00e9es personnelles. Pour voir ce contenu vous devez autoriser la cat\u00e9gorie <strong>Services Tiers<\/strong>. <\/p>\n<p> Accepter Plus d&rsquo;info <\/p>\n<p>Obi Suisse rel\u00e8ve \u00e9galement des chiffres de vente plus \u00e9lev\u00e9s ces derniers jours pour les extincteurs, les d\u00e9tecteurs d&rsquo;incendie et les d\u00e9tecteurs de danger. Jumbo en revanche annonce une demande \u00ab\u00a0non significativement \u00e9lev\u00e9e\u00a0\u00bb.<\/p>\n<p>Les entreprises sp\u00e9cialis\u00e9es dans la protection contre les incendies remarquent elles aussi une demande accrue, comme par exemple Minimax AG, qui compte onze filiales en Suisse et dont le si\u00e8ge principal se trouve \u00e0 D\u00fcbendorf, dans le canton de Zurich. Tant le nombre de demandes que les commandes effectives ont augment\u00e9 \u00ab\u00a0significativement\u00a0\u00bb ces derniers jours, a indiqu\u00e9 Silvan Betschart, membre de la direction \u00e0 la r\u00e9daction de SRF. Il ajoute que la filiale de Vi\u00e8ge en Valais re\u00e7oit actuellement beaucoup de demandes. Les restaurateurs et restauratrices s&rsquo;int\u00e9ressent aussi davantage \u00e0 la protection contre les incendies en ce moment.<\/p>\n<p>Des demandes de professionnels mais aussi de particuliers<\/p>\n<p>M\u00eame son de cloche du c\u00f4t\u00e9 de l&rsquo;entreprise de protection contre les incendies Primus AG de Lyss. On constate une demande plus importante que d&rsquo;habitude, justement en provenance du Valais et du canton de Vaud. Et actuellement, un nombre inhabituellement \u00e9lev\u00e9 d&rsquo;extincteurs sont signal\u00e9s \u00e0 des fins d&rsquo;entretien. Peut-\u00eatre parce que beaucoup de personnes n&rsquo;ont pas fait entretenir leur extincteur depuis longtemps et rattrapent maintenant leur retard. La demande accrue de produits provient aussi bien de particuliers que d&rsquo;entreprises, \u00e9crit Primus AG., mais aussi de nombreux locaux de carnaval qui se manifestent et demandent du soutien.<\/p>\n<p>Le m\u00eame tableau se dessine chez l&rsquo;entreprise Abrifeu SA, active dans la protection contre les incendies, \u00e0 Riddes pr\u00e8s de Sion. Elle aussi a eu beaucoup de travail ces derniers jours: \u00ab\u00a0Depuis trois jours, les \u00e9quipements de protection contre les incendies sont extr\u00eamement demand\u00e9es\u00a0\u00bb, souligne le responsable technique Pierre-Alain Cottier. Une demande aussi \u00e9lev\u00e9e est rare. Beaucoup d&rsquo;extincteurs sont actuellement apport\u00e9s pour l&rsquo;entretien. Des particuliers, mais aussi des caf\u00e9s et des restaurants se manifestent.<\/p>\n<p class=\"sources\">B\u00e4hram Alagheband et Sandro Oertli (SRF)<\/p>\n","protected":false},"excerpt":{"rendered":"Le drame de Crans-Montana semble inciter les autorit\u00e9s suisses \u00e0 renforcer leurs mesures de s\u00e9curit\u00e9 incendie. Plusieurs entreprises&hellip;\n","protected":false},"author":2,"featured_media":650048,"comment_status":"","ping_status":"","sticky":false,"template":"","format":"standard","meta":{"footnotes":""},"categories":[2],"tags":[11,65668,43885,36797,36798,8617,6359,257,1011,27,1310,31342,12,4846,25,31343,656,3067],"class_list":{"0":"post-650047","1":"post","2":"type-post","3":"status-publish","4":"format-standard","5":"has-post-thumbnail","7":"category-actualites","8":"tag-actualites","9":"tag-canton-du-valais","10":"tag-crans-montana","11":"tag-desastres","12":"tag-desastres-et-accidents","13":"tag-dialogue","14":"tag-economie-et-finances","15":"tag-entreprise","16":"tag-fr","17":"tag-france","18":"tag-incendie","19":"tag-medias-de-masse","20":"tag-news","21":"tag-protection","22":"tag-republique-francaise","23":"tag-schweizer-radio-und-fernsehen","24":"tag-securite","25":"tag-suisse"},"share_on_mastodon":{"url":"https:\/\/pubeurope.com\/@fr\/115861119153348787","error":""},"_links":{"self":[{"href":"https:\/\/www.europesays.com\/fr\/wp-json\/wp\/v2\/posts\/650047","targetHints":{"allow":["GET"]}}],"collection":[{"href":"https:\/\/www.europesays.com\/fr\/wp-json\/wp\/v2\/posts"}],"about":[{"href":"https:\/\/www.europesays.com\/fr\/wp-json\/wp\/v2\/types\/post"}],"author":[{"embeddable":true,"href":"https:\/\/www.europesays.com\/fr\/wp-json\/wp\/v2\/users\/2"}],"replies":[{"embeddable":true,"href":"https:\/\/www.europesays.com\/fr\/wp-json\/wp\/v2\/comments?post=650047"}],"version-history":[{"count":0,"href":"https:\/\/www.europesays.com\/fr\/wp-json\/wp\/v2\/posts\/650047\/revisions"}],"wp:featuredmedia":[{"embeddable":true,"href":"https:\/\/www.europesays.com\/fr\/wp-json\/wp\/v2\/media\/650048"}],"wp:attachment":[{"href":"https:\/\/www.europesays.com\/fr\/wp-json\/wp\/v2\/media?parent=650047"}],"wp:term":[{"taxonomy":"category","embeddable":true,"href":"https:\/\/www.europesays.com\/fr\/wp-json\/wp\/v2\/categories?post=650047"},{"taxonomy":"post_tag","embeddable":true,"href":"https:\/\/www.europesays.com\/fr\/wp-json\/wp\/v2\/tags?post=650047"}],"curies":[{"name":"wp","href":"https:\/\/api.w.org\/{rel}","templated":true}]}}