{"id":650049,"date":"2026-01-08T19:25:14","date_gmt":"2026-01-08T19:25:14","guid":{"rendered":"https:\/\/www.europesays.com\/fr\/650049\/"},"modified":"2026-01-08T19:25:14","modified_gmt":"2026-01-08T19:25:14","slug":"direct-tempete-goretti-des-rafales-a-140-km-h-26-departements-en-alerte-la-manche-en-vigilance-rouge","status":"publish","type":"post","link":"https:\/\/www.europesays.com\/fr\/650049\/","title":{"rendered":"DIRECT &#8211; Temp\u00eate Goretti\u00a0: des rafales \u00e0 140 km\/h, 26 d\u00e9partements en alerte, la Manche en vigilance rouge"},"content":{"rendered":"<p>La Manche a \u00e9t\u00e9 plac\u00e9e en vigilance rouge \u00e0 partir de 21 heures. 25 d\u00e9partements ont \u00e9t\u00e9 plac\u00e9s en vigilance orange \u00ab\u00a0vent\u00a0\u00bbpar M\u00e9t\u00e9o France, d\u00e8s 16 heures pour les d\u00e9partements les plus \u00e0 l&rsquo;ouest\u00a0: Charente-Maritime, Vend\u00e9e, Deux-S\u00e8vres, Vienne, Maine-et-Loire, Loire-Atlantique, Sarthe, Mayenne, Ille-et-Vilaine, Morbihan, Finist\u00e8re, C\u00f4tes-d&rsquo;Armor, Calvados, Orne, Eure-et-Loir, Eure, Seine-Maritime, Essonne, Yvelines, Oise, Paris, Val-de-Marne, Seine-et-Marne, Seine-Saint-Denis et Hauts-de-Seine.<\/p>\n<p>Quatre d\u00e9partements sont aussi en vigilance orange \u00ab\u00a0vagues-submersion\u00a0\u00bb : Manche, Finist\u00e8re, C\u00f4tes-d&rsquo;Armor et Ille-et-Vilaine.<\/p>\n<p> (function(w, d) {     if (w.FB &#038;&#038; w.FB.XFBML &#038;&#038; w.FB.XFBML.parse) {         if (&lsquo;undefined&rsquo; == typeof w.__fbTimeout) {             w.__fbTimeout = setTimeout(function() {                 w.FB.XFBML.parse();                 w.__fbTimeout = undefined;             }, 1000);         }     } else if (&lsquo;undefined&rsquo; == typeof w.__fbTimeout) {         if (d.querySelectorAll(&lsquo;#fb-root&rsquo;).length === 0) {             var fbRoot = d.createElement(&lsquo;div&rsquo;);             fbRoot.id = &lsquo;fb-root&rsquo;;             d.querySelector(&lsquo;body&rsquo;).append(fbRoot);         }         if (d.querySelectorAll(&lsquo;#facebook-jssdk&rsquo;).length === 0) {             var fbScript = d.createElement(&lsquo;script&rsquo;);             fbScript.id = &lsquo;facebook-jssdk&rsquo;;             fbScript.src=\u00a0\u00bb\/\/connect.facebook.net\/fr_FR\/sdk.js#xfbml=1&#038;version=v2.8&#038;appId=593991304071705&Prime;;             fbScript.async = 1;             d.querySelector(&lsquo;head&rsquo;).append(fbScript);         }     } })(window, window.document); \\u003C\/script>\\\u00a0\u00bb,\\\u00a0\u00bbprovider\\\u00a0\u00bb:\\\u00a0\u00bbfacebook\\\u00a0\u00bb,\\\u00a0\u00bbdidomiPurposes\\\u00a0\u00bb:\\\u00a0\u00bbPour afficher ce contenu Facebook, vous devez accepter les cookies \\u003Cb>R\u00e9seaux Sociaux\\u003C\/b>.\\u003Cbr>\\u003Cbr>Ces cookies permettent de partager ou r\u00e9agir directement sur les r\u00e9seaux sociaux auxquels vous \u00eates connect\u00e9s ou d&rsquo;int\u00e9grer du contenu initialement post\u00e9 sur ces r\u00e9seaux sociaux. Ils permettent aussi aux r\u00e9seaux sociaux d&rsquo;utiliser vos visites sur nos sites et applications \u00e0 des fins de personnalisation et de ciblage publicitaire.\\\u00a0\u00bb,\\\u00a0\u00bbdidomiVendorId\\\u00a0\u00bb:\\\u00a0\u00bbc:facebookc-rgacRMQm\\\u00a0\u00bb}}],\\\u00a0\u00bbtimestampInSeconds\\\u00a0\u00bb:1767899731,\\\u00a0\u00bbdateISOValue\\\u00a0\u00bb:\\\u00a0\u00bb2026-01-08T19:15:31.000Z\\\u00a0\u00bb,\\\u00a0\u00bbblockTime\\\u00a0\u00bb:\\\u00a0\u00bb20h15\\\u00a0\u00bb},{\\\u00a0\u00bbtitle\\\u00a0\u00bb:\\\u00a0\u00bbLes transports perturb\u00e9s en Loire-Atlantique\\\u00a0\u00bb,\\\u00a0\u00bbisHighlighted\\\u00a0\u00bb:false,\\\u00a0\u00bbchildren\\\u00a0\u00bb:[{\\\u00a0\u00bbtype\\\u00a0\u00bb:\\\u00a0\u00bbtext\\\u00a0\u00bb,\\\u00a0\u00bbchildren\\\u00a0\u00bb:[{\\\u00a0\u00bbtype\\\u00a0\u00bb:\\\u00a0\u00bbtext\\\u00a0\u00bb,\\\u00a0\u00bbvalue\\\u00a0\u00bb:\\\u00a0\u00bbLes perturbations sur le trafic ferroviaire vont durer toute la nuit, selon ICI Loire Oc\u00e9an. Tous les trains sont supprim\u00e9s jusqu&rsquo;\u00e0 5h25.\u00a0\\\u00a0\u00bb},{\\\u00a0\u00bbtype\\\u00a0\u00bb:\\\u00a0\u00bblink\\\u00a0\u00bb,\\\u00a0\u00bbdata\\\u00a0\u00bb:{\\\u00a0\u00bbhref\\\u00a0\u00bb:\\\u00a0\u00bbhttps:\/\/www.nantes.aeroport.fr\/fr\/trouvez-votre-destination\/vols-au-depart?fbclid=IwY2xjawPM4ItleHRuA2FlbQIxMABicmlkETFPcEZRRDROVUo4RlljakNwc3J0YwZhcHBfaWQQMjIyMDM5MTc4ODIwMDg5MgABHoidNGSVjXuEYDr5ewTsas3yNll5cqQ7cJihHA4iUe2B1mOPM9lQlpR3-CKH_aem_B2DCWzCjmP4jGhm-ziva1w\\\u00a0\u00bb},\\\u00a0\u00bbvalue\\\u00a0\u00bb:\\\u00a0\u00bbLe trafic a\u00e9rien est aussi perturb\u00e9 \u00e0 l&rsquo;a\u00e9roport de Nantes Atlantique\\\u00a0\u00bb},{\\\u00a0\u00bbtype\\\u00a0\u00bb:\\\u00a0\u00bbtext\\\u00a0\u00bb,\\\u00a0\u00bbvalue\\\u00a0\u00bb:\\\u00a0\u00bb.\\\u00a0\u00bb}]}],\\\u00a0\u00bbtimestampInSeconds\\\u00a0\u00bb:1767899548,\\\u00a0\u00bbdateISOValue\\\u00a0\u00bb:\\\u00a0\u00bb2026-01-08T19:12:28.000Z\\\u00a0\u00bb,\\\u00a0\u00bbblockTime\\\u00a0\u00bb:\\\u00a0\u00bb20h12\\\u00a0\u00bb},{\\\u00a0\u00bbtitle\\\u00a0\u00bb:\\\u00a0\u00bbLes cinq infos \u00e0 retenir \u00e0 20 heures\\\u00a0\u00bb,\\\u00a0\u00bbisHighlighted\\\u00a0\u00bb:true,\\\u00a0\u00bbchildren\\\u00a0\u00bb:[{\\\u00a0\u00bbtype\\\u00a0\u00bb:\\\u00a0\u00bblist\\\u00a0\u00bb,\\\u00a0\u00bbordered\\\u00a0\u00bb:false,\\\u00a0\u00bbchildren\\\u00a0\u00bb:[{\\\u00a0\u00bbtype\\\u00a0\u00bb:\\\u00a0\u00bblist_item\\\u00a0\u00bb,\\\u00a0\u00bbchildren\\\u00a0\u00bb:[{\\\u00a0\u00bbtype\\\u00a0\u00bb:\\\u00a0\u00bbtext\\\u00a0\u00bb,\\\u00a0\u00bbvalue\\\u00a0\u00bb:\\\u00a0\u00bbLa temp\u00eate Goretti a abord\u00e9les c\u00f4tes de\u00a0\\\u00a0\u00bb},{\\\u00a0\u00bbtype\\\u00a0\u00bb:\\\u00a0\u00bblink\\\u00a0\u00bb,\\\u00a0\u00bbdata\\\u00a0\u00bb:{\\\u00a0\u00bbhref\\\u00a0\u00bb:\\\u00a0\u00bbhttps:\/\/www.francebleu.fr\/infos\/meteo\/direct-tempete-goretti-premieres-fortes-rafales-sur-l-ouest-de-la-france-la-manche-en-vigilance-rouge-1010493#live-1767883144\\\u00a0\u00bb},\\\u00a0\u00bbvalue\\\u00a0\u00bb:\\\u00a0\u00bbla Manche, plac\u00e9e en vigilance rouge pour vent \u00e0 partir de 21h.\\\u00a0\u00bb},{\\\u00a0\u00bbtype\\\u00a0\u00bb:\\\u00a0\u00bbtext\\\u00a0\u00bb,\\\u00a0\u00bbvalue\\\u00a0\u00bb:\\\u00a0\u00bb\\\u00a0\u00bb}]},{\\\u00a0\u00bbtype\\\u00a0\u00bb:\\\u00a0\u00bblist_item\\\u00a0\u00bb,\\\u00a0\u00bbchildren\\\u00a0\u00bb:[{\\\u00a0\u00bbtype\\\u00a0\u00bb:\\\u00a0\u00bbtext\\\u00a0\u00bb,\\\u00a0\u00bbvalue\\\u00a0\u00bb:\\\u00a0\u00bbLes plus fortes rafales ont \u00e9t\u00e9 enregistr\u00e9es \u00e0 140 km\/h \u00e0 19h30 dans le Finist\u00e8re,\u00a0\\\u00a0\u00bb},{\\\u00a0\u00bbtype\\\u00a0\u00bb:\\\u00a0\u00bblink\\\u00a0\u00bb,\\\u00a0\u00bbdata\\\u00a0\u00bb:{\\\u00a0\u00bbhref\\\u00a0\u00bb:\\\u00a0\u00bbhttps:\/\/www.francebleu.fr\/infos\/meteo\/direct-tempete-goretti-premieres-fortes-rafales-sur-l-ouest-de-la-france-la-manche-en-vigilance-rouge-1010493#live-1767885631\\\u00a0\u00bb},\\\u00a0\u00bbvalue\\\u00a0\u00bb:\\\u00a0\u00bbdes rafales \u00e0 150 \u00e0 160 km\/h sont attendues sur le littoral manchois\\\u00a0\u00bb},{\\\u00a0\u00bbtype\\\u00a0\u00bb:\\\u00a0\u00bbtext\\\u00a0\u00bb,\\\u00a0\u00bbvalue\\\u00a0\u00bb:\\\u00a0\u00bb\\\u00a0\u00bb}]},{\\\u00a0\u00bbtype\\\u00a0\u00bb:\\\u00a0\u00bblist_item\\\u00a0\u00bb,\\\u00a0\u00bbchildren\\\u00a0\u00bb:[{\\\u00a0\u00bbtype\\\u00a0\u00bb:\\\u00a0\u00bblink\\\u00a0\u00bb,\\\u00a0\u00bbdata\\\u00a0\u00bb:{\\\u00a0\u00bbhref\\\u00a0\u00bb:\\\u00a0\u00bbhttps:\/\/www.francebleu.fr\/infos\/meteo\/direct-tempete-goretti-premieres-fortes-rafales-sur-l-ouest-de-la-france-la-manche-en-vigilance-rouge-1010493#live-1767892960\\\u00a0\u00bb},\\\u00a0\u00bbvalue\\\u00a0\u00bb:\\\u00a0\u00bbUn avis de grand frais \u00e0 ouragan a \u00e9t\u00e9 \u00e9mis par la pr\u00e9fecture maritime de l&rsquo;Atlantique\\\u00a0\u00bb},{\\\u00a0\u00bbtype\\\u00a0\u00bb:\\\u00a0\u00bbtext\\\u00a0\u00bb,\\\u00a0\u00bbvalue\\\u00a0\u00bb:\\\u00a0\u00bb, \\\u00a0\u00bb},{\\\u00a0\u00bbtype\\\u00a0\u00bb:\\\u00a0\u00bblink\\\u00a0\u00bb,\\\u00a0\u00bbdata\\\u00a0\u00bb:{\\\u00a0\u00bbhref\\\u00a0\u00bb:\\\u00a0\u00bbhttps:\/\/www.francebleu.fr\/infos\/meteo\/direct-tempete-goretti-premieres-fortes-rafales-sur-l-ouest-de-la-france-la-manche-en-vigilance-rouge-1010493#live-1767889724\\\u00a0\u00bb},\\\u00a0\u00bbvalue\\\u00a0\u00bb:\\\u00a0\u00bbla p\u00eache est suspendue en baie de Seine\\\u00a0\u00bb},{\\\u00a0\u00bbtype\\\u00a0\u00bb:\\\u00a0\u00bbtext\\\u00a0\u00bb,\\\u00a0\u00bbvalue\\\u00a0\u00bb:\\\u00a0\u00bb.\\\u00a0\u00bb}]},{\\\u00a0\u00bbtype\\\u00a0\u00bb:\\\u00a0\u00bblist_item\\\u00a0\u00bb,\\\u00a0\u00bbchildren\\\u00a0\u00bb:[{\\\u00a0\u00bbtype\\\u00a0\u00bb:\\\u00a0\u00bblink\\\u00a0\u00bb,\\\u00a0\u00bbdata\\\u00a0\u00bb:{\\\u00a0\u00bbhref\\\u00a0\u00bb:\\\u00a0\u00bbhttps:\/\/www.francebleu.fr\/infos\/meteo\/direct-tempete-goretti-premieres-fortes-rafales-sur-l-ouest-de-la-france-la-manche-en-vigilance-rouge-1010493#live-1767886760\\\u00a0\u00bb},\\\u00a0\u00bbvalue\\\u00a0\u00bb:\\\u00a0\u00bbDes perturbations sont en cours sur le r\u00e9seau SNCF\\\u00a0\u00bb},{\\\u00a0\u00bbtype\\\u00a0\u00bb:\\\u00a0\u00bbtext\\\u00a0\u00bb,\\\u00a0\u00bbvalue\\\u00a0\u00bb:\\\u00a0\u00bb\u00a0en Normandie, Bretagne, Hauts-de-France, Touraine, Pays de la Loire, et dans les transports en \u00cele-de-France, mais \u00e9galement vendredi dans le Pays Basque et en Lorraine\\\u00a0\u00bb}]}]}],\\\u00a0\u00bbtimestampInSeconds\\\u00a0\u00bb:1767898841,\\\u00a0\u00bbdateISOValue\\\u00a0\u00bb:\\\u00a0\u00bb2026-01-08T19:00:41.000Z\\\u00a0\u00bb,\\\u00a0\u00bbblockTime\\\u00a0\u00bb:\\\u00a0\u00bb20h00\\\u00a0\u00bb},{\\\u00a0\u00bbtitle\\\u00a0\u00bb:\\\u00a0\u00bbDes perturbations pour plusieurs jours en Touraine\\\u00a0\u00bb,\\\u00a0\u00bbisHighlighted\\\u00a0\u00bb:false,\\\u00a0\u00bbchildren\\\u00a0\u00bb:[{\\\u00a0\u00bbtype\\\u00a0\u00bb:\\\u00a0\u00bbtext\\\u00a0\u00bb,\\\u00a0\u00bbchildren\\\u00a0\u00bb:[{\\\u00a0\u00bbtype\\\u00a0\u00bb:\\\u00a0\u00bblink\\\u00a0\u00bb,\\\u00a0\u00bbdata\\\u00a0\u00bb:{\\\u00a0\u00bbhref\\\u00a0\u00bb:\\\u00a0\u00bbhttps:\/\/www.francebleu.fr\/infos\/meteo\/parcs-fermes-matchs-reportes-et-train-annules-la-tempete-goretti-cause-des-perturbations-en-touraine-8049549\\\u00a0\u00bb},\\\u00a0\u00bbvalue\\\u00a0\u00bb:\\\u00a0\u00bbLa temp\u00eate entra\u00eene des perturbations en Indre-et-Loire \u00e9galement,\\\u00a0\u00bb},{\\\u00a0\u00bbtype\\\u00a0\u00bb:\\\u00a0\u00bbtext\\\u00a0\u00bb,\\\u00a0\u00bbvalue\\\u00a0\u00bb:\\\u00a0\u00bb\u00a0d\u00e9taille ICI Touraine. Des trains sont annul\u00e9s dans la soir\u00e9e, des parcs et jardins, ferm\u00e9s. Des matchs pr\u00e9vus ce week-end sont \u00e9galement report\u00e9s.\\\u00a0\u00bb}]}],\\\u00a0\u00bbtimestampInSeconds\\\u00a0\u00bb:1767898793,\\\u00a0\u00bbdateISOValue\\\u00a0\u00bb:\\\u00a0\u00bb2026-01-08T18:59:53.000Z\\\u00a0\u00bb,\\\u00a0\u00bbblockTime\\\u00a0\u00bb:\\\u00a0\u00bb19h59\\\u00a0\u00bb},{\\\u00a0\u00bbtitle\\\u00a0\u00bb:\\\u00a0\u00bbDe belles images de la temp\u00eate\\\u00a0\u00bb,\\\u00a0\u00bbisHighlighted\\\u00a0\u00bb:false,\\\u00a0\u00bbchildren\\\u00a0\u00bb:[{\\\u00a0\u00bbtype\\\u00a0\u00bb:\\\u00a0\u00bbtext\\\u00a0\u00bb,\\\u00a0\u00bbchildren\\\u00a0\u00bb:[{\\\u00a0\u00bbtype\\\u00a0\u00bb:\\\u00a0\u00bbtext\\\u00a0\u00bb,\\\u00a0\u00bbvalue\\\u00a0\u00bb:\\\u00a0\u00bbLe passage d&rsquo;une temp\u00eate est aussi l&rsquo;occasion de profiter d&rsquo;une lumi\u00e8re incroyable et de belles images comme ici sur l&rsquo;\u00eele d&rsquo;Ouessant.\u00a0\\\u00a0\u00bb},{\\\u00a0\u00bbtype\\\u00a0\u00bb:\\\u00a0\u00bblink\\\u00a0\u00bb,\\\u00a0\u00bbdata\\\u00a0\u00bb:{\\\u00a0\u00bbhref\\\u00a0\u00bb:\\\u00a0\u00bbhttps:\/\/www.francebleu.fr\/infos\/meteo\/direct-tempete-goretti-premieres-fortes-rafales-sur-l-ouest-de-la-france-la-manche-en-vigilance-rouge-1010493#live-1767894936\\\u00a0\u00bb},\\\u00a0\u00bbvalue\\\u00a0\u00bb:\\\u00a0\u00bbD\u00e9sormais les autorit\u00e9s demandent d&rsquo;\u00e9viter tout d\u00e9placement.\\\u00a0\u00bb}]},{\\\u00a0\u00bbtype\\\u00a0\u00bb:\\\u00a0\u00bbembed\\\u00a0\u00bb,\\\u00a0\u00bbdata\\\u00a0\u00bb:{\\\u00a0\u00bbhtml\\\u00a0\u00bb:\\\u00a0\u00bb\\u003Cdiv class=\\\\\\\u00a0\u00bbfb-post\\\\\\\u00a0\u00bb data-href=\\\\\\\u00a0\u00bbhttps:\/\/www.facebook.com\/watch\/?v=1844489806432598\\\\\\\u00a0\u00bb data-width=\\\\\\\u00a0\u00bb560\\\\\\\u00a0\u00bb data-show-text=\\\\\\\u00a0\u00bbtrue\\\\\\\u00a0\u00bb >\\u003C\/div> \\u003Cscript> (function(w, d) {     if (w.FB &#038;&#038; w.FB.XFBML &#038;&#038; w.FB.XFBML.parse) {         if (&lsquo;undefined&rsquo; == typeof w.__fbTimeout) {             w.__fbTimeout = setTimeout(function() {                 w.FB.XFBML.parse();                 w.__fbTimeout = undefined;             }, 1000);         }     } else if (&lsquo;undefined&rsquo; == typeof w.__fbTimeout) {         if (d.querySelectorAll(&lsquo;#fb-root&rsquo;).length === 0) {             var fbRoot = d.createElement(&lsquo;div&rsquo;);             fbRoot.id = &lsquo;fb-root&rsquo;;             d.querySelector(&lsquo;body&rsquo;).append(fbRoot);         }         if (d.querySelectorAll(&lsquo;#facebook-jssdk&rsquo;).length === 0) {             var fbScript = d.createElement(&lsquo;script&rsquo;);             fbScript.id = &lsquo;facebook-jssdk&rsquo;;             fbScript.src=\u00a0\u00bb\/\/connect.facebook.net\/fr_FR\/sdk.js#xfbml=1&#038;version=v2.8&#038;appId=593991304071705&Prime;;             fbScript.async = 1;             d.querySelector(&lsquo;head&rsquo;).append(fbScript);         }     } })(window, window.document); \\u003C\/script>\\\u00a0\u00bb,\\\u00a0\u00bbprovider\\\u00a0\u00bb:\\\u00a0\u00bbfacebook\\\u00a0\u00bb,\\\u00a0\u00bbdidomiPurposes\\\u00a0\u00bb:\\\u00a0\u00bbPour afficher ce contenu Facebook, vous devez accepter les cookies \\u003Cb>R\u00e9seaux Sociaux\\u003C\/b>.\\u003Cbr>\\u003Cbr>Ces cookies permettent de partager ou r\u00e9agir directement sur les r\u00e9seaux sociaux auxquels vous \u00eates connect\u00e9s ou d&rsquo;int\u00e9grer du contenu initialement post\u00e9 sur ces r\u00e9seaux sociaux. Ils permettent aussi aux r\u00e9seaux sociaux d&rsquo;utiliser vos visites sur nos sites et applications \u00e0 des fins de personnalisation et de ciblage publicitaire.\\\u00a0\u00bb,\\\u00a0\u00bbdidomiVendorId\\\u00a0\u00bb:\\\u00a0\u00bbc:facebookc-rgacRMQm\\\u00a0\u00bb}}],\\\u00a0\u00bbtimestampInSeconds\\\u00a0\u00bb:1767898551,\\\u00a0\u00bbdateISOValue\\\u00a0\u00bb:\\\u00a0\u00bb2026-01-08T18:55:51.000Z\\\u00a0\u00bb,\\\u00a0\u00bbblockTime\\\u00a0\u00bb:\\\u00a0\u00bb19h55\\\u00a0\u00bb},{\\\u00a0\u00bbtitle\\\u00a0\u00bb:\\\u00a0\u00bbLa Grande-Bretagne n&rsquo;est pas \u00e9pargn\u00e9e\\\u00a0\u00bb,\\\u00a0\u00bbisHighlighted\\\u00a0\u00bb:false,\\\u00a0\u00bbchildren\\\u00a0\u00bb:[{\\\u00a0\u00bbtype\\\u00a0\u00bb:\\\u00a0\u00bbtext\\\u00a0\u00bb,\\\u00a0\u00bbchildren\\\u00a0\u00bb:[{\\\u00a0\u00bbtype\\\u00a0\u00bb:\\\u00a0\u00bbtext\\\u00a0\u00bb,\\\u00a0\u00bbvalue\\\u00a0\u00bb:\\\u00a0\u00bbLe sud-est de la Grande Bretagne n&rsquo;est pas \u00e9pargn\u00e9 par Goretti, avec des \\u003Cem>\\\\\\\u00a0\u00bbvents tr\u00e8s forts sur les \u00celes Scilly et une partie des Cornouailles\\\\\\\u00a0\u00bb\\u003C\/em>, jusqu&rsquo;\u00e0 23 heures, observe le Met office, le service national de m\u00e9t\u00e9orologie brittanique.\\\u00a0\u00bb}]},{\\\u00a0\u00bbtype\\\u00a0\u00bb:\\\u00a0\u00bbembed\\\u00a0\u00bb,\\\u00a0\u00bbdata\\\u00a0\u00bb:{\\\u00a0\u00bbhtml\\\u00a0\u00bb:\\\u00a0\u00bb\\u003Cblockquote class=\\\\\\\u00a0\u00bbtwitter-tweet\\\\\\\u00a0\u00bb data-width=\\\\\\\u00a0\u00bb550\\\\\\\u00a0\u00bb>\\u003Cp lang=\\\\\\\u00a0\u00bben\\\\\\\u00a0\u00bb dir=\\\\\\\u00a0\u00bbltr\\\\\\\u00a0\u00bb>\u26a0\ufe0f\u26a0\ufe0f\ud83d\udd34 Red weather warning issued \ud83d\udd34\u26a0\ufe0f\u26a0\ufe0f\\u003Cbr>\\u003Cbr>Very strong winds across the Isles of Scilly and parts of Cornwall\\u003Cbr>\\u003Cbr>Thursday 16:00 \u2013 23:00\\u003Cbr>\\u003Cbr>Latest info \ud83d\udc49 \\u003Ca href=\\\\\\\u00a0\u00bbhttps:\/\/t.co\/QwDLMfRBfs\\\\\\\u00a0\u00bb>https:\/\/t.co\/QwDLMfRBfs\\u003C\/a>\\u003Cbr>\\u003Cbr>Stay \\u003Ca href=\\\\\\\u00a0\u00bbhttps:\/\/twitter.com\/hashtag\/WeatherAware?src=hash&amp;ref_src=twsrc%5Etfw\\\\\\\u00a0\u00bb>#WeatherAware\\u003C\/a> \u26a0\ufe0f \\u003Ca href=\\\\\\\u00a0\u00bbhttps:\/\/t.co\/JGOrn9Yt7M\\\\\\\u00a0\u00bb>pic.twitter.com\/JGOrn9Yt7M\\u003C\/a>\\u003C\/p>&mdash; Met Office (@metoffice) \\u003Ca href=\\\\\\\u00a0\u00bbhttps:\/\/twitter.com\/metoffice\/status\/2009267380287873075?ref_src=twsrc%5Etfw\\\\\\\u00a0\u00bb>January 8, 2026\\u003C\/a>\\u003C\/blockquote>\\\\n\\u003Cscript async src=\\\\\\\u00a0\u00bbhttps:\/\/platform.twitter.com\/widgets.js\\\\\\\u00a0\u00bb charset=\\\\\\\u00a0\u00bbutf-8\\\\\\\u00a0\u00bb>\\u003C\/script>\\\\n\\\\n\\\u00a0\u00bb,\\\u00a0\u00bbprovider\\\u00a0\u00bb:\\\u00a0\u00bbtwitter\\\u00a0\u00bb,\\\u00a0\u00bbdidomiPurposes\\\u00a0\u00bb:\\\u00a0\u00bbPour afficher ce contenu X (anciennement Twitter), vous devez accepter les cookies \\u003Cb>R\u00e9seaux Sociaux\\u003C\/b>.\\u003Cbr>\\u003Cbr>Ces cookies permettent de partager ou r\u00e9agir directement sur les r\u00e9seaux sociaux auxquels vous \u00eates connect\u00e9s ou d&rsquo;int\u00e9grer du contenu initialement post\u00e9 sur ces r\u00e9seaux sociaux. Ils permettent aussi aux r\u00e9seaux sociaux d&rsquo;utiliser vos visites sur nos sites et applications \u00e0 des fins de personnalisation et de ciblage publicitaire.\\\u00a0\u00bb,\\\u00a0\u00bbdidomiVendorId\\\u00a0\u00bb:\\\u00a0\u00bbc:twitter-rNGnjKz6\\\u00a0\u00bb}}],\\\u00a0\u00bbtimestampInSeconds\\\u00a0\u00bb:1767898299,\\\u00a0\u00bbdateISOValue\\\u00a0\u00bb:\\\u00a0\u00bb2026-01-08T18:51:39.000Z\\\u00a0\u00bb,\\\u00a0\u00bbblockTime\\\u00a0\u00bb:\\\u00a0\u00bb19h51\\\u00a0\u00bb},{\\\u00a0\u00bbtitle\\\u00a0\u00bb:\\\u00a0\u00bbDes rafales \u00e0 140 km\/h sur la pointe de la Bretagne\\\u00a0\u00bb,\\\u00a0\u00bbisHighlighted\\\u00a0\u00bb:false,\\\u00a0\u00bbchildren\\\u00a0\u00bb:[{\\\u00a0\u00bbtype\\\u00a0\u00bb:\\\u00a0\u00bbtext\\\u00a0\u00bb,\\\u00a0\u00bbchildren\\\u00a0\u00bb:[{\\\u00a0\u00bbtype\\\u00a0\u00bb:\\\u00a0\u00bbtext\\\u00a0\u00bb,\\\u00a0\u00bbvalue\\\u00a0\u00bb:\\\u00a0\u00bbLes rafales de vent les plus fortes enregistr\u00e9es sont mont\u00e9es \u00e0 140 km\/h \u00e0 Plougonvelin et \u00e0 Ouessant \u00e0 19h30, rapporte\u00a0\\\u00a0\u00bb},{\\\u00a0\u00bbtype\\\u00a0\u00bb:\\\u00a0\u00bblink\\\u00a0\u00bb,\\\u00a0\u00bbdata\\\u00a0\u00bb:{\\\u00a0\u00bbhref\\\u00a0\u00bb:\\\u00a0\u00bbhttps:\/\/www.facebook.com\/reel\/1417265466772380\\\u00a0\u00bb},\\\u00a0\u00bbvalue\\\u00a0\u00bb:\\\u00a0\u00bbla page Facebook Temps Breton\\\u00a0\u00bb},{\\\u00a0\u00bbtype\\\u00a0\u00bb:\\\u00a0\u00bbtext\\\u00a0\u00bb,\\\u00a0\u00bbvalue\\\u00a0\u00bb:\\\u00a0\u00bb.\\u003Cem>\\\\\\\u00a0\u00bbLe centre d\u00e9pressionnaire se trouve sur les Cornouailles britanniques. La zone de vents forts se trouve au sud de la d\u00e9pression. C&rsquo;est dans cette zone que les rafales seront les plus violentes dans les toutes prochaines minutes et jusqu&rsquo;\u00e0 1h.\\\\\\\u00a0\u00bb\\u003C\/em>\\\u00a0\u00bb}]},{\\\u00a0\u00bbtype\\\u00a0\u00bb:\\\u00a0\u00bbembed\\\u00a0\u00bb,\\\u00a0\u00bbdata\\\u00a0\u00bb:{\\\u00a0\u00bbhtml\\\u00a0\u00bb:\\\u00a0\u00bb\\u003Cdiv class=\\\\\\\u00a0\u00bbfb-post\\\\\\\u00a0\u00bb data-href=\\\\\\\u00a0\u00bbhttps:\/\/www.facebook.com\/reel\/1417265466772380\\\\\\\u00a0\u00bb data-width=\\\\\\\u00a0\u00bb560\\\\\\\u00a0\u00bb data-show-text=\\\\\\\u00a0\u00bbtrue\\\\\\\u00a0\u00bb >\\u003C\/div> \\u003Cscript> (function(w, d) {     if (w.FB &#038;&#038; w.FB.XFBML &#038;&#038; w.FB.XFBML.parse) {         if (&lsquo;undefined&rsquo; == typeof w.__fbTimeout) {             w.__fbTimeout = setTimeout(function() {                 w.FB.XFBML.parse();                 w.__fbTimeout = undefined;             }, 1000);         }     } else if (&lsquo;undefined&rsquo; == typeof w.__fbTimeout) {         if (d.querySelectorAll(&lsquo;#fb-root&rsquo;).length === 0) {             var fbRoot = d.createElement(&lsquo;div&rsquo;);             fbRoot.id = &lsquo;fb-root&rsquo;;             d.querySelector(&lsquo;body&rsquo;).append(fbRoot);         }         if (d.querySelectorAll(&lsquo;#facebook-jssdk&rsquo;).length === 0) {             var fbScript = d.createElement(&lsquo;script&rsquo;);             fbScript.id = &lsquo;facebook-jssdk&rsquo;;             fbScript.src=\u00a0\u00bb\/\/connect.facebook.net\/fr_FR\/sdk.js#xfbml=1&#038;version=v2.8&#038;appId=593991304071705&Prime;;             fbScript.async = 1;             d.querySelector(&lsquo;head&rsquo;).append(fbScript);         }     } })(window, window.document); \\u003C\/script>\\\u00a0\u00bb,\\\u00a0\u00bbprovider\\\u00a0\u00bb:\\\u00a0\u00bbfacebook\\\u00a0\u00bb,\\\u00a0\u00bbdidomiPurposes\\\u00a0\u00bb:\\\u00a0\u00bbPour afficher ce contenu Facebook, vous devez accepter les cookies \\u003Cb>R\u00e9seaux Sociaux\\u003C\/b>.\\u003Cbr>\\u003Cbr>Ces cookies permettent de partager ou r\u00e9agir directement sur les r\u00e9seaux sociaux auxquels vous \u00eates connect\u00e9s ou d&rsquo;int\u00e9grer du contenu initialement post\u00e9 sur ces r\u00e9seaux sociaux. Ils permettent aussi aux r\u00e9seaux sociaux d&rsquo;utiliser vos visites sur nos sites et applications \u00e0 des fins de personnalisation et de ciblage publicitaire.\\\u00a0\u00bb,\\\u00a0\u00bbdidomiVendorId\\\u00a0\u00bb:\\\u00a0\u00bbc:facebookc-rgacRMQm\\\u00a0\u00bb}}],\\\u00a0\u00bbtimestampInSeconds\\\u00a0\u00bb:1767897984,\\\u00a0\u00bbdateISOValue\\\u00a0\u00bb:\\\u00a0\u00bb2026-01-08T18:46:24.000Z\\\u00a0\u00bb,\\\u00a0\u00bbblockTime\\\u00a0\u00bb:\\\u00a0\u00bb19h46\\\u00a0\u00bb},{\\\u00a0\u00bbtitle\\\u00a0\u00bb:\\\u00a0\u00bbRestrictions sur les routes du Calvados\\\u00a0\u00bb,\\\u00a0\u00bbisHighlighted\\\u00a0\u00bb:false,\\\u00a0\u00bbchildren\\\u00a0\u00bb:[{\\\u00a0\u00bbtype\\\u00a0\u00bb:\\\u00a0\u00bbtext\\\u00a0\u00bb,\\\u00a0\u00bbchildren\\\u00a0\u00bb:[{\\\u00a0\u00bbtype\\\u00a0\u00bb:\\\u00a0\u00bbtext\\\u00a0\u00bb,\\\u00a0\u00bbvalue\\\u00a0\u00bb:\\\u00a0\u00bbSur l&rsquo;ensemble des routes d\u00e9partementales du Calvados, la vitesse est limit\u00e9e \u00e0 80 km\/ depuis 18 heures, annonce ICI Normandie, la vitesse abaiss\u00e9e de 20 km\/h sur les routes nationales et autoroutes.\u00a0Les poids lourd de plus de 7,5 tonnes, les caravanes et les v\u00e9hicules avec remorques ne peuvent plus circuler depuis 18 heures.\\\u00a0\u00bb}]}],\\\u00a0\u00bbtimestampInSeconds\\\u00a0\u00bb:1767897687,\\\u00a0\u00bbdateISOValue\\\u00a0\u00bb:\\\u00a0\u00bb2026-01-08T18:41:27.000Z\\\u00a0\u00bb,\\\u00a0\u00bbblockTime\\\u00a0\u00bb:\\\u00a0\u00bb19h41\\\u00a0\u00bb},{\\\u00a0\u00bbtitle\\\u00a0\u00bb:\\\u00a0\u00bbEnedis mobilise plusieurs centaines d&rsquo;agents en urgence en Normandie\\\u00a0\u00bb,\\\u00a0\u00bbisHighlighted\\\u00a0\u00bb:false,\\\u00a0\u00bbchildren\\\u00a0\u00bb:[{\\\u00a0\u00bbtype\\\u00a0\u00bb:\\\u00a0\u00bbtext\\\u00a0\u00bb,\\\u00a0\u00bbchildren\\\u00a0\u00bb:[{\\\u00a0\u00bbtype\\\u00a0\u00bb:\\\u00a0\u00bblink\\\u00a0\u00bb,\\\u00a0\u00bbdata\\\u00a0\u00bb:{\\\u00a0\u00bbhref\\\u00a0\u00bb:\\\u00a0\u00bbhttps:\/\/www.francebleu.fr\/infos\/societe\/tempete-goretti-en-normandie-enedis-mobilise-plusieurs-centaines-d-agents-en-urgence-pour-anticiper-les-degats-5421152\\\u00a0\u00bb},\\\u00a0\u00bbvalue\\\u00a0\u00bb:\\\u00a0\u00bbEnedis a d\u00e9clench\u00e9 en Normandie la FIRE, la Force d&rsquo;intervention rapide d&rsquo;\u00e9lectricit\u00e9\\\u00a0\u00bb},{\\\u00a0\u00bbtype\\\u00a0\u00bb:\\\u00a0\u00bbtext\\\u00a0\u00bb,\\\u00a0\u00bbvalue\\\u00a0\u00bb:\\\u00a0\u00bb, qui permet de mobiliser des agents des r\u00e9gions voisines pour anticiper les interventions de la nuit et de la matin\u00e9e de vendredi, annonce ICI Normandie. \\\\\\\u00a0\u00bbPlusieurs centaines de volontaires sont pr\u00eats\\\\\\\u00a0\u00bb, explique le d\u00e9l\u00e9gu\u00e9 territorial pour le Calvados, \\\\\\\u00a0\u00bb\\u003Cem>tous les camions sont d\u00e9j\u00e0 charg\u00e9s avec du mat\u00e9riel d&rsquo;urgence pour \u00eatre op\u00e9rationnel au moindre signalement\\u003C\/em>\\\\\\\u00a0\u00bb. \u00c0 l&rsquo;\u00e9chelle de la France, la FIRE permet de mobiliser \\u003Cem>2.500 volontaires, disponibles en quelques heures\\\\\\\u00a0\u00bb.\\u003C\/em>\\\u00a0\u00bb}]}],\\\u00a0\u00bbtimestampInSeconds\\\u00a0\u00bb:1767897562,\\\u00a0\u00bbdateISOValue\\\u00a0\u00bb:\\\u00a0\u00bb2026-01-08T18:39:22.000Z\\\u00a0\u00bb,\\\u00a0\u00bbblockTime\\\u00a0\u00bb:\\\u00a0\u00bb19h39\\\u00a0\u00bb},{\\\u00a0\u00bbtitle\\\u00a0\u00bb:\\\u00a0\u00bbDes messages \\\\\\\u00a0\u00bbFR-alert : alerte extr\u00eamement grave\\\\\\\u00a0\u00bb re\u00e7us dans plusieurs d\u00e9partements\\\u00a0\u00bb,\\\u00a0\u00bbisHighlighted\\\u00a0\u00bb:false,\\\u00a0\u00bbchildren\\\u00a0\u00bb:[{\\\u00a0\u00bbtype\\\u00a0\u00bb:\\\u00a0\u00bbtext\\\u00a0\u00bb,\\\u00a0\u00bbchildren\\\u00a0\u00bb:[{\\\u00a0\u00bbtype\\\u00a0\u00bb:\\\u00a0\u00bbtext\\\u00a0\u00bb,\\\u00a0\u00bbvalue\\\u00a0\u00bb:\\\u00a0\u00bbLes habitants de plusieurs d\u00e9partements ont re\u00e7u les alertes FR-alert sur leurs t\u00e9l\u00e9phones\u00a0: la Manche dans la matin\u00e9e, la Seine-Maritime dans l&rsquo;apr\u00e8s-midi, et le Calvados en d\u00e9but de soir\u00e9e. Il rappelle les consignes de s\u00e9curit\u00e9\u00a0: se mettre \u00e0 l&rsquo;abri, fermer les ouvertures, se tenir \u00e9loign\u00e9 de la c\u00f4te et limiter ses d\u00e9placements.\\\u00a0\u00bb}]},{\\\u00a0\u00bbtype\\\u00a0\u00bb:\\\u00a0\u00bbimage\\\u00a0\u00bb,\\\u00a0\u00bbdata\\\u00a0\u00bb:{\\\u00a0\u00bbimages\\\u00a0\u00bb:[{\\\u00a0\u00bburl\\\u00a0\u00bb:\\\u00a0\u00bbhttps:\/\/www.francebleu.fr\/s3\/cruiser-production-eu3\/2026\/01\/ae00b4ee-17fd-4322-8354-2215b081943a\/600_sc_e206cad8-9a91-42a8-a652-c465be385228.jpg\\\u00a0\u00bb,\\\u00a0\u00bburlWebp\\\u00a0\u00bb:\\\u00a0\u00bbhttps:\/\/www.francebleu.fr\/s3\/cruiser-production-eu3\/2026\/01\/ae00b4ee-17fd-4322-8354-2215b081943a\/600_sc_e206cad8-9a91-42a8-a652-c465be385228.webp\\\u00a0\u00bb,\\\u00a0\u00bblegend\\\u00a0\u00bb:\\\u00a0\u00bbUn message FR-Alert a \u00e9t\u00e9 envoy\u00e9 par la pr\u00e9fecture de la Manche ce jeudi 8 janvier avant la vigilance rouge pour vents violents\\\u00a0\u00bb,\\\u00a0\u00bbauthor\\\u00a0\u00bb:\\\u00a0\u00bbAntoine Vandendrische\\\u00a0\u00bb,\\\u00a0\u00bbcopyright\\\u00a0\u00bb:\\\u00a0\u00bbRadio France\\\u00a0\u00bb,\\\u00a0\u00bbwidth\\\u00a0\u00bb:600,\\\u00a0\u00bbheight\\\u00a0\u00bb:450,\\\u00a0\u00bbpreview\\\u00a0\u00bb:\\\u00a0\u00bb\/9j\/2wBDACgcHiMeGSgjISMtKygwPGRBPDc3PHtYXUlkkYCZlo+AjIqgtObDoKrarYqMyP\/L2u71\/\/\/\/m8H\/\/\/\/6\/+b9\/\/j\/2wBDASstLTw1PHZBQXb4pYyl+Pj4+Pj4+Pj4+Pj4+Pj4+Pj4+Pj4+Pj4+Pj4+Pj4+Pj4+Pj4+Pj4+Pj4+Pj4+Pj4+Pj\/wAARCAAfACoDASIAAhEBAxEB\/8QAFwABAQEBAAAAAAAAAAAAAAAAAQIDAP\/EABcQAQEBAQAAAAAAAAAAAAAAAAABEQL\/xAAWAQEBAQAAAAAAAAAAAAAAAAACAQD\/xAAVEQEBAAAAAAAAAAAAAAAAAAAAAf\/aAAwDAQACEQMRAD8Az6ZWNKkTTIqR0iiEDTUo0VXGxNQqSnTKqHBiocFZH\/\/Z\\\u00a0\u00bb,\\\u00a0\u00bbdominant\\\u00a0\u00bb:\\\u00a0\u00bb#a86848\\\u00a0\u00bb,\\\u00a0\u00bbid\\\u00a0\u00bb:\\\u00a0\u00bbae00b4ee-17fd-4322-8354-2215b081943a\\\u00a0\u00bb}]}}],\\\u00a0\u00bbtimestampInSeconds\\\u00a0\u00bb:1767896475,\\\u00a0\u00bbdateISOValue\\\u00a0\u00bb:\\\u00a0\u00bb2026-01-08T18:21:15.000Z\\\u00a0\u00bb,\\\u00a0\u00bbblockTime\\\u00a0\u00bb:\\\u00a0\u00bb19h21\\\u00a0\u00bb},{\\\u00a0\u00bbtitle\\\u00a0\u00bb:\\\u00a0\u00bbDes cons\u00e9quences jusqu&rsquo;au Pays Basque\\\u00a0\u00bb,\\\u00a0\u00bbisHighlighted\\\u00a0\u00bb:false,\\\u00a0\u00bbchildren\\\u00a0\u00bb:[{\\\u00a0\u00bbtype\\\u00a0\u00bb:\\\u00a0\u00bbtext\\\u00a0\u00bb,\\\u00a0\u00bbchildren\\\u00a0\u00bb:[{\\\u00a0\u00bbtype\\\u00a0\u00bb:\\\u00a0\u00bbtext\\\u00a0\u00bb,\\\u00a0\u00bbvalue\\\u00a0\u00bb:\\\u00a0\u00bbLa temp\u00eate Goretti est attendue dans la Manche,\u00a0\\\u00a0\u00bb},{\\\u00a0\u00bbtype\\\u00a0\u00bb:\\\u00a0\u00bblink\\\u00a0\u00bb,\\\u00a0\u00bbdata\\\u00a0\u00bb:{\\\u00a0\u00bbhref\\\u00a0\u00bb:\\\u00a0\u00bbhttps:\/\/www.francebleu.fr\/infos\/meteo\/tempete-goretti-aucun-train-ne-circule-au-depart-de-bayonne-l-alerte-submersion-est-activee-7628280\\\u00a0\u00bb},\\\u00a0\u00bbvalue\\\u00a0\u00bb:\\\u00a0\u00bbmais elle aura des cons\u00e9quences jusqu&rsquo;au Pays Basque\\\u00a0\u00bb},{\\\u00a0\u00bbtype\\\u00a0\u00bb:\\\u00a0\u00bbtext\\\u00a0\u00bb,\\\u00a0\u00bbvalue\\\u00a0\u00bb:\\\u00a0\u00bb\u00a0: les trains ne circulent pas ce vendredi 9 janvier, et l&rsquo;alerte vagues submersion est activ\u00e9e, relate ICI Pays Basque.\\\u00a0\u00bb}]},{\\\u00a0\u00bbtype\\\u00a0\u00bb:\\\u00a0\u00bbbounce\\\u00a0\u00bb,\\\u00a0\u00bbdata\\\u00a0\u00bb:{\\\u00a0\u00bbtitle\\\u00a0\u00bb:\\\u00a0\u00bbTemp\u00eate Goretti\u00a0: aucun train ne circule au d\u00e9part de Bayonne, l&rsquo;alerte submersion est activ\u00e9e \\\u00a0\u00bb,\\\u00a0\u00bbpath\\\u00a0\u00bb:\\\u00a0\u00bbinfos\/meteo\/tempete-goretti-aucun-train-ne-circule-au-depart-de-bayonne-l-alerte-submersion-est-activee-7628280\\\u00a0\u00bb,\\\u00a0\u00bbvisual\\\u00a0\u00bb:{\\\u00a0\u00bbid\\\u00a0\u00bb:\\\u00a0\u00bbe89c4854-3462-4756-8fcc-f88ab90b73d2\\\u00a0\u00bb,\\\u00a0\u00bbpreview\\\u00a0\u00bb:\\\u00a0\u00bb\/9j\/2wBDACgcHiMeGSgjISMtKygwPGRBPDc3PHtYXUlkkYCZlo+AjIqgtObDoKrarYqMyP\/L2u71\/\/\/\/m8H\/\/\/\/6\/+b9\/\/j\/2wBDASstLTw1PHZBQXb4pYyl+Pj4+Pj4+Pj4+Pj4+Pj4+Pj4+Pj4+Pj4+Pj4+Pj4+Pj4+Pj4+Pj4+Pj4+Pj4+Pj4+Pj\/wAARCAAXACoDASIAAhEBAxEB\/8QAFwABAQEBAAAAAAAAAAAAAAAAAAMBAv\/EABYQAQEBAAAAAAAAAAAAAAAAAAASEf\/EABUBAQEAAAAAAAAAAAAAAAAAAAAB\/8QAFBEBAAAAAAAAAAAAAAAAAAAAAP\/aAAwDAQACEQMRAD8ArRSNMoF7ZaNMpBe2UjRSjjTQRWaaAGmgD\/\/Z\\\u00a0\u00bb},\\\u00a0\u00bbpublishedDate\\\u00a0\u00bb:\\\u00a0\u00bb08\/01\/2026\\\u00a0\u00bb,\\\u00a0\u00bbmedia\\\u00a0\u00bb:null,\\\u00a0\u00bbduration\\\u00a0\u00bb:null,\\\u00a0\u00bblocation\\\u00a0\u00bb:\\\u00a0\u00bbBayonne\\\u00a0\u00bb}}],\\\u00a0\u00bbtimestampInSeconds\\\u00a0\u00bb:1767895904,\\\u00a0\u00bbdateISOValue\\\u00a0\u00bb:\\\u00a0\u00bb2026-01-08T18:11:44.000Z\\\u00a0\u00bb,\\\u00a0\u00bbblockTime\\\u00a0\u00bb:\\\u00a0\u00bb19h11\\\u00a0\u00bb},{\\\u00a0\u00bbtitle\\\u00a0\u00bb:\\\u00a0\u00bbL&rsquo;a\u00e9roport de Brest est ferm\u00e9\\\u00a0\u00bb,\\\u00a0\u00bbisHighlighted\\\u00a0\u00bb:false,\\\u00a0\u00bbchildren\\\u00a0\u00bb:[{\\\u00a0\u00bbtype\\\u00a0\u00bb:\\\u00a0\u00bbtext\\\u00a0\u00bb,\\\u00a0\u00bbchildren\\\u00a0\u00bb:[{\\\u00a0\u00bbtype\\\u00a0\u00bb:\\\u00a0\u00bblink\\\u00a0\u00bb,\\\u00a0\u00bbdata\\\u00a0\u00bb:{\\\u00a0\u00bbhref\\\u00a0\u00bb:\\\u00a0\u00bbhttps:\/\/www.francebleu.fr\/infos\/meteo\/direct-suivez-l-arrivee-de-la-tempete-goretti-en-bretagne-3161401\\\u00a0\u00bb},\\\u00a0\u00bbvalue\\\u00a0\u00bb:\\\u00a0\u00bbLes vols sont suspendus \u00e0 l&rsquo;a\u00e9roport de Brest\\\u00a0\u00bb},{\\\u00a0\u00bbtype\\\u00a0\u00bb:\\\u00a0\u00bbtext\\\u00a0\u00bb,\\\u00a0\u00bbvalue\\\u00a0\u00bb:\\\u00a0\u00bb\u00a0jusqu&rsquo;\u00e0 8 heures vendredi, annonce ICI Breizh Izel.\u00a0L&rsquo;a\u00e9roport est ferm\u00e9.\u00a0\\u003Cbr \/>Un vol en provenance de Marrakech a notamment \u00e9t\u00e9 d\u00e9rout\u00e9 vers Orly et des vols et et vers Paris, Marseille, Lyon annul\u00e9s.\\\u00a0\u00bb}]}],\\\u00a0\u00bbtimestampInSeconds\\\u00a0\u00bb:1767895663,\\\u00a0\u00bbdateISOValue\\\u00a0\u00bb:\\\u00a0\u00bb2026-01-08T18:07:43.000Z\\\u00a0\u00bb,\\\u00a0\u00bbblockTime\\\u00a0\u00bb:\\\u00a0\u00bb19h07\\\u00a0\u00bb},{\\\u00a0\u00bbtitle\\\u00a0\u00bb:\\\u00a0\u00bbLe ministre de l&rsquo;Int\u00e9rieur demande d&rsquo;\\\\\\\u00a0\u00bb\u00e9viter tout d\u00e9placement\\\\\\\u00a0\u00bb\\\u00a0\u00bb,\\\u00a0\u00bbisHighlighted\\\u00a0\u00bb:true,\\\u00a0\u00bbchildren\\\u00a0\u00bb:[{\\\u00a0\u00bbtype\\\u00a0\u00bb:\\\u00a0\u00bbtext\\\u00a0\u00bb,\\\u00a0\u00bbchildren\\\u00a0\u00bb:[{\\\u00a0\u00bbtype\\\u00a0\u00bb:\\\u00a0\u00bbtext\\\u00a0\u00bb,\\\u00a0\u00bbvalue\\\u00a0\u00bb:\\\u00a0\u00bbLe ministre de l&rsquo;Int\u00e9rieur \\u003Cem>\\\\\\\u00a0\u00bbdemande\u00a0\u00e0 chacune et chacun de respecter strictement les consignes des autorit\u00e9s et \u00e0 \u00e9viter tout d\u00e9placement\\\\\\\u00a0\u00bb,\\u003C\/em> dans un message post\u00e9 sur le r\u00e9seau social X. Laurent Nu\u00f1ez pr\u00e9cise que \\u003Cem>\\\\\\\u00a0\u00bbles services de secours, les moyens nationaux de la s\u00e9curit\u00e9 civile, les services de l\u2019\u00c9tat et des collectivit\u00e9s territoriales sont pleinement mobilis\u00e9s. Les effectifs des services d\u2019incendie et de secours ont \u00e9t\u00e9 renforc\u00e9s.\\\\\\\u00a0\u00bb\\u003C\/em>\\\u00a0\u00bb}]},{\\\u00a0\u00bbtype\\\u00a0\u00bb:\\\u00a0\u00bbembed\\\u00a0\u00bb,\\\u00a0\u00bbdata\\\u00a0\u00bb:{\\\u00a0\u00bbhtml\\\u00a0\u00bb:\\\u00a0\u00bb\\u003Cblockquote class=\\\\\\\u00a0\u00bbtwitter-tweet\\\\\\\u00a0\u00bb data-width=\\\\\\\u00a0\u00bb550\\\\\\\u00a0\u00bb>\\u003Cp lang=\\\\\\\u00a0\u00bbfr\\\\\\\u00a0\u00bb dir=\\\\\\\u00a0\u00bbltr\\\\\\\u00a0\u00bb>La temp\u00eate \\u003Ca href=\\\\\\\u00a0\u00bbhttps:\/\/twitter.com\/hashtag\/Goretti?src=hash&amp;ref_src=twsrc%5Etfw\\\\\\\u00a0\u00bb>#Goretti\\u003C\/a> est attendue dans le Nord-Ouest du pays en fin d\u2019apr\u00e8s-midi et au cours de la nuit.\\u003Cbr>\\u003Cbr>Le d\u00e9partement de la Manche est plac\u00e9 en vigilance rouge pour vents violents. 27 autres d\u00e9partements sont en vigilance orange, avec un risque de vagues-submersion.\\u003Cbr>\\u003Cbr>Les\u2026\\u003C\/p>&mdash; Laurent Nu\u00f1ez (@NunezLaurent) \\u003Ca href=\\\\\\\u00a0\u00bbhttps:\/\/twitter.com\/NunezLaurent\/status\/2009295775163957650?ref_src=twsrc%5Etfw\\\\\\\u00a0\u00bb>January 8, 2026\\u003C\/a>\\u003C\/blockquote>\\\\n\\u003Cscript async src=\\\\\\\u00a0\u00bbhttps:\/\/platform.twitter.com\/widgets.js\\\\\\\u00a0\u00bb charset=\\\\\\\u00a0\u00bbutf-8\\\\\\\u00a0\u00bb>\\u003C\/script>\\\\n\\\\n\\\u00a0\u00bb,\\\u00a0\u00bbprovider\\\u00a0\u00bb:\\\u00a0\u00bbtwitter\\\u00a0\u00bb,\\\u00a0\u00bbdidomiPurposes\\\u00a0\u00bb:\\\u00a0\u00bbPour afficher ce contenu X (anciennement Twitter), vous devez accepter les cookies \\u003Cb>R\u00e9seaux Sociaux\\u003C\/b>.\\u003Cbr>\\u003Cbr>Ces cookies permettent de partager ou r\u00e9agir directement sur les r\u00e9seaux sociaux auxquels vous \u00eates connect\u00e9s ou d&rsquo;int\u00e9grer du contenu initialement post\u00e9 sur ces r\u00e9seaux sociaux. Ils permettent aussi aux r\u00e9seaux sociaux d&rsquo;utiliser vos visites sur nos sites et applications \u00e0 des fins de personnalisation et de ciblage publicitaire.\\\u00a0\u00bb,\\\u00a0\u00bbdidomiVendorId\\\u00a0\u00bb:\\\u00a0\u00bbc:twitter-rNGnjKz6\\\u00a0\u00bb}}],\\\u00a0\u00bbtimestampInSeconds\\\u00a0\u00bb:1767894936,\\\u00a0\u00bbdateISOValue\\\u00a0\u00bb:\\\u00a0\u00bb2026-01-08T17:55:36.000Z\\\u00a0\u00bb,\\\u00a0\u00bbblockTime\\\u00a0\u00bb:\\\u00a0\u00bb18h55\\\u00a0\u00bb},{\\\u00a0\u00bbtitle\\\u00a0\u00bb:\\\u00a0\u00bbDes TER supprim\u00e9s en Lorraine vendredi matin\\\u00a0\u00bb,\\\u00a0\u00bbisHighlighted\\\u00a0\u00bb:false,\\\u00a0\u00bbchildren\\\u00a0\u00bb:[{\\\u00a0\u00bbtype\\\u00a0\u00bb:\\\u00a0\u00bbtext\\\u00a0\u00bb,\\\u00a0\u00bbchildren\\\u00a0\u00bb:[{\\\u00a0\u00bbtype\\\u00a0\u00bb:\\\u00a0\u00bbtext\\\u00a0\u00bb,\\\u00a0\u00bbvalue\\\u00a0\u00bb:\\\u00a0\u00bbEn Lorraine aussi, on pr\u00e9pare l&rsquo;arriv\u00e9e de la temp\u00eate Goretti, plut\u00f4t pour vendredi, m\u00eame si la r\u00e9gion doit \u00eatre relativement \u00e9pargn\u00e9e estime ICI Lorraine.\u00a0\\\u00a0\u00bb},{\\\u00a0\u00bbtype\\\u00a0\u00bb:\\\u00a0\u00bblink\\\u00a0\u00bb,\\\u00a0\u00bbdata\\\u00a0\u00bb:{\\\u00a0\u00bbhref\\\u00a0\u00bb:\\\u00a0\u00bbhttps:\/\/www.francebleu.fr\/infos\/societe\/tempete-goretti-le-trafic-des-trains-perturbe-en-lorraine-ce-vendredi-plusieurs-trains-supprimes-3393978\\\u00a0\u00bb},\\\u00a0\u00bbvalue\\\u00a0\u00bb:\\\u00a0\u00bbLes TER sont supprim\u00e9s jusqu&rsquo;\u00e0 midi\\\u00a0\u00bb},{\\\u00a0\u00bbtype\\\u00a0\u00bb:\\\u00a0\u00bbtext\\\u00a0\u00bb,\\\u00a0\u00bbvalue\\\u00a0\u00bb:\\\u00a0\u00bb\u00a0sur les lignes Revigny &#8211; Bar-le-Duc &#8211; Nancy, Bar-le-Duc &#8211; Metz, Verdun &#8211; Conflans &#8211; Metz, Nancy &#8211; Longwy, Thionville &#8211; Longuyon &#8211; Longwy &#8211; Charleville-M\u00e9zi\u00e8res, Molshein &#8211; \u00c9pinal.\\\u00a0\u00bb}]}],\\\u00a0\u00bbtimestampInSeconds\\\u00a0\u00bb:1767894340,\\\u00a0\u00bbdateISOValue\\\u00a0\u00bb:\\\u00a0\u00bb2026-01-08T17:45:40.000Z\\\u00a0\u00bb,\\\u00a0\u00bbblockTime\\\u00a0\u00bb:\\\u00a0\u00bb18h45\\\u00a0\u00bb},{\\\u00a0\u00bbtitle\\\u00a0\u00bb:\\\u00a0\u00bbLes parents de la Mayenne incit\u00e9s \u00e0 aller chercher leurs enfants plus t\u00f4t\\\u00a0\u00bb,\\\u00a0\u00bbisHighlighted\\\u00a0\u00bb:false,\\\u00a0\u00bbchildren\\\u00a0\u00bb:[{\\\u00a0\u00bbtype\\\u00a0\u00bb:\\\u00a0\u00bbtext\\\u00a0\u00bb,\\\u00a0\u00bbchildren\\\u00a0\u00bb:[{\\\u00a0\u00bbtype\\\u00a0\u00bb:\\\u00a0\u00bblink\\\u00a0\u00bb,\\\u00a0\u00bbdata\\\u00a0\u00bb:{\\\u00a0\u00bbhref\\\u00a0\u00bb:\\\u00a0\u00bbhttps:\/\/www.francebleu.fr\/infos\/education\/tempete-goretti-le-prefet-de-loire-atlantique-invite-les-parents-a-recuperer-leurs-enfants-des-13h30-dans-les-ecoles-5483970\\\u00a0\u00bb},\\\u00a0\u00bbvalue\\\u00a0\u00bb:\\\u00a0\u00bbComme en Loire-Atlantique\\\u00a0\u00bb},{\\\u00a0\u00bbtype\\\u00a0\u00bb:\\\u00a0\u00bbtext\\\u00a0\u00bb,\\\u00a0\u00bbvalue\\\u00a0\u00bb:\\\u00a0\u00bb, \\\u00a0\u00bb},{\\\u00a0\u00bbtype\\\u00a0\u00bb:\\\u00a0\u00bblink\\\u00a0\u00bb,\\\u00a0\u00bbdata\\\u00a0\u00bb:{\\\u00a0\u00bbhref\\\u00a0\u00bb:\\\u00a0\u00bbhttps:\/\/www.francebleu.fr\/infos\/meteo\/tempete-goretti-les-parents-d-eleves-invites-a-recuperer-leurs-enfants-plus-tot-dans-l-academie-de-la-mayenne-5998970\\\u00a0\u00bb},\\\u00a0\u00bbvalue\\\u00a0\u00bb:\\\u00a0\u00bbles parents d&rsquo;\u00e9l\u00e8ves de la Mayenne ont \u00e9t\u00e9 contact\u00e9s pour aller r\u00e9cup\u00e9rer leurs enfants\\\u00a0\u00bb},{\\\u00a0\u00bbtype\\\u00a0\u00bb:\\\u00a0\u00bbtext\\\u00a0\u00bb,\\\u00a0\u00bbvalue\\\u00a0\u00bb:\\\u00a0\u00bb\u00a0d\u00e8s 16 heures dans les \u00e9tablissements scolaires. C&rsquo;est une recommandation du directeur acad\u00e9mique, pr\u00e9cise ICI Mayenne, \\u003Cem>\\\\\\\u00a0\u00bben fonction de leurs disponibilit\u00e9s\\\\\\\u00a0\u00bb\\u003C\/em>. Les transports scolaires sont assur\u00e9s.\\\u00a0\u00bb}]}],\\\u00a0\u00bbtimestampInSeconds\\\u00a0\u00bb:1767894098,\\\u00a0\u00bbdateISOValue\\\u00a0\u00bb:\\\u00a0\u00bb2026-01-08T17:41:38.000Z\\\u00a0\u00bb,\\\u00a0\u00bbblockTime\\\u00a0\u00bb:\\\u00a0\u00bb18h41\\\u00a0\u00bb},{\\\u00a0\u00bbtitle\\\u00a0\u00bb:\\\u00a0\u00bbDes arbres sur la route\\\u00a0\u00bb,\\\u00a0\u00bbisHighlighted\\\u00a0\u00bb:false,\\\u00a0\u00bbchildren\\\u00a0\u00bb:[{\\\u00a0\u00bbtype\\\u00a0\u00bb:\\\u00a0\u00bbtext\\\u00a0\u00bb,\\\u00a0\u00bbchildren\\\u00a0\u00bb:[{\\\u00a0\u00bbtype\\\u00a0\u00bb:\\\u00a0\u00bbtext\\\u00a0\u00bb,\\\u00a0\u00bbvalue\\\u00a0\u00bb:\\\u00a0\u00bbAttention sur les routes\u00a0! Une vingtaine d&rsquo;arbres sont tomb\u00e9s sur les routes du Finist\u00e8re, annonce le service des routes au conseil d\u00e9partemental annonce ICI Breizh Izel.\\\u00a0\u00bb}]}],\\\u00a0\u00bbtimestampInSeconds\\\u00a0\u00bb:1767893657,\\\u00a0\u00bbdateISOValue\\\u00a0\u00bb:\\\u00a0\u00bb2026-01-08T17:34:17.000Z\\\u00a0\u00bb,\\\u00a0\u00bbblockTime\\\u00a0\u00bb:\\\u00a0\u00bb18h34\\\u00a0\u00bb},{\\\u00a0\u00bbtitle\\\u00a0\u00bb:\\\u00a0\u00bbLes cinq infos \u00e0 retenir \u00e0 18h30\\\u00a0\u00bb,\\\u00a0\u00bbisHighlighted\\\u00a0\u00bb:true,\\\u00a0\u00bbchildren\\\u00a0\u00bb:[{\\\u00a0\u00bbtype\\\u00a0\u00bb:\\\u00a0\u00bblist\\\u00a0\u00bb,\\\u00a0\u00bbordered\\\u00a0\u00bb:false,\\\u00a0\u00bbchildren\\\u00a0\u00bb:[{\\\u00a0\u00bbtype\\\u00a0\u00bb:\\\u00a0\u00bblist_item\\\u00a0\u00bb,\\\u00a0\u00bbchildren\\\u00a0\u00bb:[{\\\u00a0\u00bbtype\\\u00a0\u00bb:\\\u00a0\u00bbtext\\\u00a0\u00bb,\\\u00a0\u00bbvalue\\\u00a0\u00bb:\\\u00a0\u00bbLa temp\u00eate Goretti aborde les c\u00f4tes de\u00a0\\\u00a0\u00bb},{\\\u00a0\u00bbtype\\\u00a0\u00bb:\\\u00a0\u00bblink\\\u00a0\u00bb,\\\u00a0\u00bbdata\\\u00a0\u00bb:{\\\u00a0\u00bbhref\\\u00a0\u00bb:\\\u00a0\u00bbhttps:\/\/www.francebleu.fr\/infos\/meteo\/direct-tempete-goretti-premieres-fortes-rafales-sur-l-ouest-de-la-france-la-manche-en-vigilance-rouge-1010493#live-1767883144\\\u00a0\u00bb},\\\u00a0\u00bbvalue\\\u00a0\u00bb:\\\u00a0\u00bbla Manche, plac\u00e9e en vigilance rouge pour vent \u00e0 partir de 21h.\\\u00a0\u00bb},{\\\u00a0\u00bbtype\\\u00a0\u00bb:\\\u00a0\u00bbtext\\\u00a0\u00bb,\\\u00a0\u00bbvalue\\\u00a0\u00bb:\\\u00a0\u00bb\\\u00a0\u00bb}]},{\\\u00a0\u00bbtype\\\u00a0\u00bb:\\\u00a0\u00bblist_item\\\u00a0\u00bb,\\\u00a0\u00bbchildren\\\u00a0\u00bb:[{\\\u00a0\u00bbtype\\\u00a0\u00bb:\\\u00a0\u00bbtext\\\u00a0\u00bb,\\\u00a0\u00bbvalue\\\u00a0\u00bb:\\\u00a0\u00bbDes rafales \u00e0 137 km\/h enregistr\u00e9es \u00e0 Ouessant par M\u00e9t\u00e9o Bretagne,\u00a0\\\u00a0\u00bb},{\\\u00a0\u00bbtype\\\u00a0\u00bb:\\\u00a0\u00bblink\\\u00a0\u00bb,\\\u00a0\u00bbdata\\\u00a0\u00bb:{\\\u00a0\u00bbhref\\\u00a0\u00bb:\\\u00a0\u00bbhttps:\/\/www.francebleu.fr\/infos\/meteo\/direct-tempete-goretti-premieres-fortes-rafales-sur-l-ouest-de-la-france-la-manche-en-vigilance-rouge-1010493#live-1767885631\\\u00a0\u00bb},\\\u00a0\u00bbvalue\\\u00a0\u00bb:\\\u00a0\u00bbdes rafales \u00e0 150 \u00e0 160 km\/h sont attendues sur le littoral manchois\\\u00a0\u00bb},{\\\u00a0\u00bbtype\\\u00a0\u00bb:\\\u00a0\u00bbtext\\\u00a0\u00bb,\\\u00a0\u00bbvalue\\\u00a0\u00bb:\\\u00a0\u00bb.\\\u00a0\u00bb}]},{\\\u00a0\u00bbtype\\\u00a0\u00bb:\\\u00a0\u00bblist_item\\\u00a0\u00bb,\\\u00a0\u00bbchildren\\\u00a0\u00bb:[{\\\u00a0\u00bbtype\\\u00a0\u00bb:\\\u00a0\u00bblink\\\u00a0\u00bb,\\\u00a0\u00bbdata\\\u00a0\u00bb:{\\\u00a0\u00bbhref\\\u00a0\u00bb:\\\u00a0\u00bbhttps:\/\/www.francebleu.fr\/infos\/meteo\/direct-tempete-goretti-premieres-fortes-rafales-sur-l-ouest-de-la-france-la-manche-en-vigilance-rouge-1010493#live-1767892960\\\u00a0\u00bb},\\\u00a0\u00bbvalue\\\u00a0\u00bb:\\\u00a0\u00bbUn avis de grand frais \u00e0 ouragan a \u00e9t\u00e9 \u00e9mis par la pr\u00e9fecture maritime de l&rsquo;Atlantique\\\u00a0\u00bb},{\\\u00a0\u00bbtype\\\u00a0\u00bb:\\\u00a0\u00bbtext\\\u00a0\u00bb,\\\u00a0\u00bbvalue\\\u00a0\u00bb:\\\u00a0\u00bb, \\\u00a0\u00bb},{\\\u00a0\u00bbtype\\\u00a0\u00bb:\\\u00a0\u00bblink\\\u00a0\u00bb,\\\u00a0\u00bbdata\\\u00a0\u00bb:{\\\u00a0\u00bbhref\\\u00a0\u00bb:\\\u00a0\u00bbhttps:\/\/www.francebleu.fr\/infos\/meteo\/direct-tempete-goretti-premieres-fortes-rafales-sur-l-ouest-de-la-france-la-manche-en-vigilance-rouge-1010493#live-1767889724\\\u00a0\u00bb},\\\u00a0\u00bbvalue\\\u00a0\u00bb:\\\u00a0\u00bbla p\u00eache est suspendue en baie de Seine\\\u00a0\u00bb},{\\\u00a0\u00bbtype\\\u00a0\u00bb:\\\u00a0\u00bbtext\\\u00a0\u00bb,\\\u00a0\u00bbvalue\\\u00a0\u00bb:\\\u00a0\u00bb.\\\u00a0\u00bb}]},{\\\u00a0\u00bbtype\\\u00a0\u00bb:\\\u00a0\u00bblist_item\\\u00a0\u00bb,\\\u00a0\u00bbchildren\\\u00a0\u00bb:[{\\\u00a0\u00bbtype\\\u00a0\u00bb:\\\u00a0\u00bblink\\\u00a0\u00bb,\\\u00a0\u00bbdata\\\u00a0\u00bb:{\\\u00a0\u00bbhref\\\u00a0\u00bb:\\\u00a0\u00bbhttps:\/\/www.francebleu.fr\/infos\/meteo\/direct-tempete-goretti-premieres-fortes-rafales-sur-l-ouest-de-la-france-la-manche-en-vigilance-rouge-1010493#live-1767886760\\\u00a0\u00bb},\\\u00a0\u00bbvalue\\\u00a0\u00bb:\\\u00a0\u00bbDes perturbations sont en cours sur le r\u00e9seau SNCF\\\u00a0\u00bb},{\\\u00a0\u00bbtype\\\u00a0\u00bb:\\\u00a0\u00bbtext\\\u00a0\u00bb,\\\u00a0\u00bbvalue\\\u00a0\u00bb:\\\u00a0\u00bb\u00a0en Normandie, Bretagne, Hauts-de-France, et dans les transports en \u00cele-de-France.\\\u00a0\u00bb}]},{\\\u00a0\u00bbtype\\\u00a0\u00bb:\\\u00a0\u00bblist_item\\\u00a0\u00bb,\\\u00a0\u00bbchildren\\\u00a0\u00bb:[{\\\u00a0\u00bbtype\\\u00a0\u00bb:\\\u00a0\u00bblink\\\u00a0\u00bb,\\\u00a0\u00bbdata\\\u00a0\u00bb:{\\\u00a0\u00bbhref\\\u00a0\u00bb:\\\u00a0\u00bbhttps:\/\/www.francebleu.fr\/infos\/meteo\/direct-tempete-goretti-premieres-fortes-rafales-sur-l-ouest-de-la-france-la-manche-en-vigilance-rouge-1010493#live-1767885290\\\u00a0\u00bb},\\\u00a0\u00bbvalue\\\u00a0\u00bb:\\\u00a0\u00bbLes \u00e9tablissements sont ferm\u00e9s dans la Manche et la Seine-Maritime\\\u00a0\u00bb},{\\\u00a0\u00bbtype\\\u00a0\u00bb:\\\u00a0\u00bbtext\\\u00a0\u00bb,\\\u00a0\u00bbvalue\\\u00a0\u00bb:\\\u00a0\u00bb\u00a0ce vendredi.\\\u00a0\u00bb}]}]}],\\\u00a0\u00bbtimestampInSeconds\\\u00a0\u00bb:1767893410,\\\u00a0\u00bbdateISOValue\\\u00a0\u00bb:\\\u00a0\u00bb2026-01-08T17:30:10.000Z\\\u00a0\u00bb,\\\u00a0\u00bbblockTime\\\u00a0\u00bb:\\\u00a0\u00bb18h30\\\u00a0\u00bb},{\\\u00a0\u00bbtitle\\\u00a0\u00bb:\\\u00a0\u00bbUn avis de grand frais \u00e0 ouragan en Atlantique\\\u00a0\u00bb,\\\u00a0\u00bbisHighlighted\\\u00a0\u00bb:true,\\\u00a0\u00bbchildren\\\u00a0\u00bb:[{\\\u00a0\u00bbtype\\\u00a0\u00bb:\\\u00a0\u00bbtext\\\u00a0\u00bb,\\\u00a0\u00bbchildren\\\u00a0\u00bb:[{\\\u00a0\u00bbtype\\\u00a0\u00bb:\\\u00a0\u00bbtext\\\u00a0\u00bb,\\\u00a0\u00bbvalue\\\u00a0\u00bb:\\\u00a0\u00bbLa pr\u00e9fecture maritime de l&rsquo;Atlantique a lanc\u00e9 dans l&rsquo;apr\u00e8s-midi un avis de grand frais \u00e0 ouragan. \\u003Cem>\\\\\\\u00a0\u00bbDes vents forts (de 50 \u00e0 100 km\/h) sont attendu au cours de l\u2019apr\u00e8s-midi et jusqu\u2019\u00e0 demain, vendredi 9 janvier, 13h, sur la pointe Bretagne (de La Hague \u00e0 Penmarc\u2019h). Les vents de secteurs Sud \u00e0 Sud-Ouest, pourront atteindre localement une vitesse de 140 km\/h. De fortes rafales de vents sont \u00e9galement \u00e0 pr\u00e9voir. Mer tr\u00e8s forte \u00e0 grosse l\u2019apr\u00e8s-midi, temporairement tr\u00e8s grosse en premi\u00e8re partie de nuit, puis s\u2019att\u00e9nuant tr\u00e8s forte vendredi matin.\\\\\\\u00a0\u00bb\\u003C\/em>\\\u00a0\u00bb}]},{\\\u00a0\u00bbtype\\\u00a0\u00bb:\\\u00a0\u00bbembed\\\u00a0\u00bb,\\\u00a0\u00bbdata\\\u00a0\u00bb:{\\\u00a0\u00bbhtml\\\u00a0\u00bb:\\\u00a0\u00bb\\u003Cdiv class=\\\\\\\u00a0\u00bbfb-post\\\\\\\u00a0\u00bb data-href=\\\\\\\u00a0\u00bbhttps:\/\/www.facebook.com\/premaratlant\/posts\/pfbid0PWKZCmXDrYP5KdaANjvqZG3TWdtNtD1LAwhSsS6yehQHWQD12eqDBUvxVtcvvFh3l\\\\\\\u00a0\u00bb data-width=\\\\\\\u00a0\u00bb560\\\\\\\u00a0\u00bb data-show-text=\\\\\\\u00a0\u00bbtrue\\\\\\\u00a0\u00bb >\\u003C\/div> \\u003Cscript> (function(w, d) {     if (w.FB &#038;&#038; w.FB.XFBML &#038;&#038; w.FB.XFBML.parse) {         if (&lsquo;undefined&rsquo; == typeof w.__fbTimeout) {             w.__fbTimeout = setTimeout(function() {                 w.FB.XFBML.parse();                 w.__fbTimeout = undefined;             }, 1000);         }     } else if (&lsquo;undefined&rsquo; == typeof w.__fbTimeout) {         if (d.querySelectorAll(&lsquo;#fb-root&rsquo;).length === 0) {             var fbRoot = d.createElement(&lsquo;div&rsquo;);             fbRoot.id = &lsquo;fb-root&rsquo;;             d.querySelector(&lsquo;body&rsquo;).append(fbRoot);         }         if (d.querySelectorAll(&lsquo;#facebook-jssdk&rsquo;).length === 0) {             var fbScript = d.createElement(&lsquo;script&rsquo;);             fbScript.id = &lsquo;facebook-jssdk&rsquo;;             fbScript.src=\u00a0\u00bb\/\/connect.facebook.net\/fr_FR\/sdk.js#xfbml=1&#038;version=v2.8&#038;appId=593991304071705&Prime;;             fbScript.async = 1;             d.querySelector(&lsquo;head&rsquo;).append(fbScript);         }     } })(window, window.document); \\u003C\/script>\\\u00a0\u00bb,\\\u00a0\u00bbprovider\\\u00a0\u00bb:\\\u00a0\u00bbfacebook\\\u00a0\u00bb,\\\u00a0\u00bbdidomiPurposes\\\u00a0\u00bb:\\\u00a0\u00bbPour afficher ce contenu Facebook, vous devez accepter les cookies \\u003Cb>R\u00e9seaux Sociaux\\u003C\/b>.\\u003Cbr>\\u003Cbr>Ces cookies permettent de partager ou r\u00e9agir directement sur les r\u00e9seaux sociaux auxquels vous \u00eates connect\u00e9s ou d&rsquo;int\u00e9grer du contenu initialement post\u00e9 sur ces r\u00e9seaux sociaux. Ils permettent aussi aux r\u00e9seaux sociaux d&rsquo;utiliser vos visites sur nos sites et applications \u00e0 des fins de personnalisation et de ciblage publicitaire.\\\u00a0\u00bb,\\\u00a0\u00bbdidomiVendorId\\\u00a0\u00bb:\\\u00a0\u00bbc:facebookc-rgacRMQm\\\u00a0\u00bb}}],\\\u00a0\u00bbtimestampInSeconds\\\u00a0\u00bb:1767892960,\\\u00a0\u00bbdateISOValue\\\u00a0\u00bb:\\\u00a0\u00bb2026-01-08T17:22:40.000Z\\\u00a0\u00bb,\\\u00a0\u00bbblockTime\\\u00a0\u00bb:\\\u00a0\u00bb18h22\\\u00a0\u00bb},{\\\u00a0\u00bbtitle\\\u00a0\u00bb:\\\u00a0\u00bb\\\\\\\u00a0\u00bbUne anomalie de tropopause\\\\\\\u00a0\u00bb\\\u00a0\u00bb,\\\u00a0\u00bbisHighlighted\\\u00a0\u00bb:false,\\\u00a0\u00bbchildren\\\u00a0\u00bb:[{\\\u00a0\u00bbtype\\\u00a0\u00bb:\\\u00a0\u00bbtext\\\u00a0\u00bb,\\\u00a0\u00bbchildren\\\u00a0\u00bb:[{\\\u00a0\u00bbtype\\\u00a0\u00bb:\\\u00a0\u00bbtext\\\u00a0\u00bb,\\\u00a0\u00bbvalue\\\u00a0\u00bb:\\\u00a0\u00bbLes explications de Keraunos, l&rsquo;observatoire des orages quant \u00e0 la temp\u00eate Goretti, c&rsquo;est aussi l&rsquo;occasion de briller dans les conversations avec un nouveau mot. \\u003Cem>\\\\\\\u00a0\u00bbL&rsquo;animation satellite montre ce creusement avec l&rsquo;anomalie de tropopause associ\u00e9e (en rouge). Les pressions baissent rapidement au centre de la temp\u00eate.\\\\\\\u00a0\u00bb\\u003C\/em> Qu&rsquo;est-ce qu&rsquo;une anomalie de tropopause? Les Belges de \\\u00a0\u00bb},{\\\u00a0\u00bbtype\\\u00a0\u00bb:\\\u00a0\u00bblink\\\u00a0\u00bb,\\\u00a0\u00bbdata\\\u00a0\u00bb:{\\\u00a0\u00bbhref\\\u00a0\u00bb:\\\u00a0\u00bbhttps:\/\/belgorage.be\/explandict\/tropopause-et-anomalie-de-tropopause\/#:~:text=Une%20anomalie%20de%20tropopause%20est,une%20instabilit%C3%A9%20est%20d%C3%A9j%C3%A0%20pr%C3%A9sente.\\\u00a0\u00bb},\\\u00a0\u00bbvalue\\\u00a0\u00bb:\\\u00a0\u00bbBelgorage\\\u00a0\u00bb},{\\\u00a0\u00bbtype\\\u00a0\u00bb:\\\u00a0\u00bbtext\\\u00a0\u00bb,\\\u00a0\u00bbvalue\\\u00a0\u00bb:\\\u00a0\u00bb\u00a0pr\u00e9cisent\u00a0: une anomalie de tropopause \\u003Cem>\\\\\\\u00a0\u00bbest une intrusion d\u2019air stratosph\u00e9rique dans la troposph\u00e8re. Nous n\u2019allons pas rentrer dans les d\u00e9tails de fonctionnement d\u2019une anomalie de tropopause mais retenons simplement que ces derni\u00e8res favorisent le d\u00e9clenchement des orages si une instabilit\u00e9 est d\u00e9j\u00e0 pr\u00e9sente\\\\\\\u00a0\u00bb.\\u003C\/em>\\\u00a0\u00bb}]},{\\\u00a0\u00bbtype\\\u00a0\u00bb:\\\u00a0\u00bbembed\\\u00a0\u00bb,\\\u00a0\u00bbdata\\\u00a0\u00bb:{\\\u00a0\u00bbhtml\\\u00a0\u00bb:\\\u00a0\u00bb\\u003Cblockquote class=\\\\\\\u00a0\u00bbtwitter-tweet\\\\\\\u00a0\u00bb data-width=\\\\\\\u00a0\u00bb550\\\\\\\u00a0\u00bb>\\u003Cp lang=\\\\\\\u00a0\u00bbfr\\\\\\\u00a0\u00bb dir=\\\\\\\u00a0\u00bbltr\\\\\\\u00a0\u00bb>La d\u00e9pression Goretti se creuse au large de la Bretagne et entrera en Manche ce soir. L&#39;animation satellite montre ce creusement avec l&#39;anomalie de tropopause associ\u00e9e (en rouge). Les pressions baissent rapidement au centre de la temp\u00eate.\\u003Cbr>Image sat \\u003Ca href=\\\\\\\u00a0\u00bbhttps:\/\/twitter.com\/eumetsat?ref_src=twsrc%5Etfw\\\\\\\u00a0\u00bb>@eumetsat\\u003C\/a> \\u003Ca href=\\\\\\\u00a0\u00bbhttps:\/\/t.co\/ffYhzWomuK\\\\\\\u00a0\u00bb>pic.twitter.com\/ffYhzWomuK\\u003C\/a>\\u003C\/p>&mdash; Keraunos (@KeraunosObs) \\u003Ca href=\\\\\\\u00a0\u00bbhttps:\/\/twitter.com\/KeraunosObs\/status\/2009222461527871665?ref_src=twsrc%5Etfw\\\\\\\u00a0\u00bb>January 8, 2026\\u003C\/a>\\u003C\/blockquote>\\\\n\\u003Cscript async src=\\\\\\\u00a0\u00bbhttps:\/\/platform.twitter.com\/widgets.js\\\\\\\u00a0\u00bb charset=\\\\\\\u00a0\u00bbutf-8\\\\\\\u00a0\u00bb>\\u003C\/script>\\\\n\\\\n\\\u00a0\u00bb,\\\u00a0\u00bbprovider\\\u00a0\u00bb:\\\u00a0\u00bbtwitter\\\u00a0\u00bb,\\\u00a0\u00bbdidomiPurposes\\\u00a0\u00bb:\\\u00a0\u00bbPour afficher ce contenu X (anciennement Twitter), vous devez accepter les cookies \\u003Cb>R\u00e9seaux Sociaux\\u003C\/b>.\\u003Cbr>\\u003Cbr>Ces cookies permettent de partager ou r\u00e9agir directement sur les r\u00e9seaux sociaux auxquels vous \u00eates connect\u00e9s ou d&rsquo;int\u00e9grer du contenu initialement post\u00e9 sur ces r\u00e9seaux sociaux. Ils permettent aussi aux r\u00e9seaux sociaux d&rsquo;utiliser vos visites sur nos sites et applications \u00e0 des fins de personnalisation et de ciblage publicitaire.\\\u00a0\u00bb,\\\u00a0\u00bbdidomiVendorId\\\u00a0\u00bb:\\\u00a0\u00bbc:twitter-rNGnjKz6\\\u00a0\u00bb}}],\\\u00a0\u00bbtimestampInSeconds\\\u00a0\u00bb:1767892718,\\\u00a0\u00bbdateISOValue\\\u00a0\u00bb:\\\u00a0\u00bb2026-01-08T17:18:38.000Z\\\u00a0\u00bb,\\\u00a0\u00bbblockTime\\\u00a0\u00bb:\\\u00a0\u00bb18h18\\\u00a0\u00bb},{\\\u00a0\u00bbtitle\\\u00a0\u00bb:\\\u00a0\u00bbUne rafale \u00e0 121 km\/h \u00e0 Brest\\\u00a0\u00bb,\\\u00a0\u00bbisHighlighted\\\u00a0\u00bb:false,\\\u00a0\u00bbchildren\\\u00a0\u00bb:[{\\\u00a0\u00bbtype\\\u00a0\u00bb:\\\u00a0\u00bbtext\\\u00a0\u00bb,\\\u00a0\u00bbchildren\\\u00a0\u00bb:[{\\\u00a0\u00bbtype\\\u00a0\u00bb:\\\u00a0\u00bbtext\\\u00a0\u00bb,\\\u00a0\u00bbvalue\\\u00a0\u00bb:\\\u00a0\u00bbM\u00e9t\u00e9o-France fait un point sur les fortes rafales de vent enregistr\u00e9es depuis 17h. L&rsquo;organisme a not\u00e9\u00a0121 km\/h \u00e0 Brest,\u00a0112 km\/h \u00e0 Lanveoc, ou encore\u00a0110 km\/h \u00e0 Saint-Goazec.\u00a0L&rsquo;\u00e9tat de la mer se d\u00e9grade tr\u00e8s vite sous l&rsquo;action du vent et de la houle. Les creux d\u00e9passent les 10 m\u00e8tres en mer d&rsquo;Iroise, \u00e0 la Bou\u00e9e Les Pierres Noires (Finist\u00e8re).\\\u00a0\u00bb}]},{\\\u00a0\u00bbtype\\\u00a0\u00bb:\\\u00a0\u00bbembed\\\u00a0\u00bb,\\\u00a0\u00bbdata\\\u00a0\u00bb:{\\\u00a0\u00bbhtml\\\u00a0\u00bb:\\\u00a0\u00bb\\u003Cblockquote class=\\\\\\\u00a0\u00bbtwitter-tweet\\\\\\\u00a0\u00bb data-width=\\\\\\\u00a0\u00bb550\\\\\\\u00a0\u00bb>\\u003Cp lang=\\\\\\\u00a0\u00bbfr\\\\\\\u00a0\u00bb dir=\\\\\\\u00a0\u00bbltr\\\\\\\u00a0\u00bb>\ud83d\udd34\ud83d\udfe0La temp\u00eate \\u003Ca href=\\\\\\\u00a0\u00bbhttps:\/\/twitter.com\/hashtag\/Goretti?src=hash&amp;ref_src=twsrc%5Etfw\\\\\\\u00a0\u00bb>#Goretti\\u003C\/a> aborde la Manche en cette fin d&#39;apr\u00e8s-midi. \\u003Cbr>\\u003Cbr>\ud83d\udca8Quelques rafales \u00e0 17h en Bretagne\\u003Cbr>121 km\/h \u00e0 Brest\\u003Cbr>112 km\/h \u00e0 Lanveoc\\u003Cbr>110 km\/h \u00e0 St Goazec\\u003Cbr>109 km\/h \u00e0 Sibril\\u003Cbr>104 km\/h \u00e0 Plovan\\u003Cbr>96 km\/h \u00e0 Rostrenen\\u003Cbr>92 km\/h \u00e0 Lorient\\u003Cbr>91 km\/h \u00e0 Quimper\\u003Ca href=\\\\\\\u00a0\u00bbhttps:\/\/t.co\/nKFFz1VUlR\\\\\\\u00a0\u00bb>https:\/\/t.co\/nKFFz1VUlR\\u003C\/a> \\u003Ca href=\\\\\\\u00a0\u00bbhttps:\/\/t.co\/Z6v9McTSrL\\\\\\\u00a0\u00bb>pic.twitter.com\/Z6v9McTSrL\\u003C\/a>\\u003C\/p>&mdash; M\u00e9t\u00e9o-France (@meteofrance) \\u003Ca href=\\\\\\\u00a0\u00bbhttps:\/\/twitter.com\/meteofrance\/status\/2009306938606043233?ref_src=twsrc%5Etfw\\\\\\\u00a0\u00bb>January 8, 2026\\u003C\/a>\\u003C\/blockquote>\\\\n\\u003Cscript async src=\\\\\\\u00a0\u00bbhttps:\/\/platform.twitter.com\/widgets.js\\\\\\\u00a0\u00bb charset=\\\\\\\u00a0\u00bbutf-8\\\\\\\u00a0\u00bb>\\u003C\/script>\\\\n\\\\n\\\u00a0\u00bb,\\\u00a0\u00bbprovider\\\u00a0\u00bb:\\\u00a0\u00bbtwitter\\\u00a0\u00bb,\\\u00a0\u00bbdidomiPurposes\\\u00a0\u00bb:\\\u00a0\u00bbPour afficher ce contenu X (anciennement Twitter), vous devez accepter les cookies \\u003Cb>R\u00e9seaux Sociaux\\u003C\/b>.\\u003Cbr>\\u003Cbr>Ces cookies permettent de partager ou r\u00e9agir directement sur les r\u00e9seaux sociaux auxquels vous \u00eates connect\u00e9s ou d&rsquo;int\u00e9grer du contenu initialement post\u00e9 sur ces r\u00e9seaux sociaux. Ils permettent aussi aux r\u00e9seaux sociaux d&rsquo;utiliser vos visites sur nos sites et applications \u00e0 des fins de personnalisation et de ciblage publicitaire.\\\u00a0\u00bb,\\\u00a0\u00bbdidomiVendorId\\\u00a0\u00bb:\\\u00a0\u00bbc:twitter-rNGnjKz6\\\u00a0\u00bb}}],\\\u00a0\u00bbtimestampInSeconds\\\u00a0\u00bb:1767891573,\\\u00a0\u00bbdateISOValue\\\u00a0\u00bb:\\\u00a0\u00bb2026-01-08T16:59:33.000Z\\\u00a0\u00bb,\\\u00a0\u00bbblockTime\\\u00a0\u00bb:\\\u00a0\u00bb17h59\\\u00a0\u00bb},{\\\u00a0\u00bbtitle\\\u00a0\u00bb:\\\u00a0\u00bbL&rsquo;universit\u00e9 de Lille annule les examens en pr\u00e9sentiel\\\u00a0\u00bb,\\\u00a0\u00bbisHighlighted\\\u00a0\u00bb:false,\\\u00a0\u00bbchildren\\\u00a0\u00bb:[{\\\u00a0\u00bbtype\\\u00a0\u00bb:\\\u00a0\u00bbtext\\\u00a0\u00bb,\\\u00a0\u00bbchildren\\\u00a0\u00bb:[{\\\u00a0\u00bbtype\\\u00a0\u00bb:\\\u00a0\u00bbtext\\\u00a0\u00bb,\\\u00a0\u00bbvalue\\\u00a0\u00bb:\\\u00a0\u00bbL&rsquo;universit\u00e9 de Lille annonce sur sa page Facebook, le report des examens pr\u00e9vus en pr\u00e9sentiel ce vendredi en raison des conditions m\u00e9t\u00e9orologiques qui emp\u00eachent la circulation des TER.\u00a0\\u003Cstrong>Le pr\u00e9fet des Hauts-de-France a par ailleurs d\u00e9cid\u00e9 d&rsquo;abaisser la vitesse\\u003C\/strong>\u00a0\\u003Cstrong>de 20 km\/h\\u003C\/strong>. Vous devez rouler \u00e0 110 au lieu de 130 sur les portions d&rsquo;autoroutes et \u00e0 90 km\/h sur les autoroutes et routes nationales limit\u00e9es d&rsquo;habitude \u00e0 110 km\/h. Pour les v\u00e9hicules de plus de 3,5 tonnes, la vitesse maximale autoris\u00e9e est de 80km\/h et\u00a0\\u003Cstrong>les poids lourds ont toujours interdiction de d\u00e9passer\\u003C\/strong>.\\\u00a0\u00bb}]}],\\\u00a0\u00bbtimestampInSeconds\\\u00a0\u00bb:1767891302,\\\u00a0\u00bbdateISOValue\\\u00a0\u00bb:\\\u00a0\u00bb2026-01-08T16:55:02.000Z\\\u00a0\u00bb,\\\u00a0\u00bbblockTime\\\u00a0\u00bb:\\\u00a0\u00bb17h55\\\u00a0\u00bb},{\\\u00a0\u00bbtitle\\\u00a0\u00bb:\\\u00a0\u00bbLa temp\u00eate perturbe le trafic sur les rails en \u00cele-de-France\\\u00a0\u00bb,\\\u00a0\u00bbisHighlighted\\\u00a0\u00bb:false,\\\u00a0\u00bbchildren\\\u00a0\u00bb:[{\\\u00a0\u00bbtype\\\u00a0\u00bb:\\\u00a0\u00bbtext\\\u00a0\u00bb,\\\u00a0\u00bbchildren\\\u00a0\u00bb:[{\\\u00a0\u00bbtype\\\u00a0\u00bb:\\\u00a0\u00bbtext\\\u00a0\u00bb,\\\u00a0\u00bbvalue\\\u00a0\u00bb:\\\u00a0\u00bbLa temp\u00eate Goretti va toucher la r\u00e9gion \u00cele-de-France dans la soir\u00e9e, il faut donc pr\u00e9voir des perturbations sur le trafic ferr\u00e9 de plusieurs lignes ce jeudi, et le lendemain. \u00cele-de-France Mobilit\u00e9s les d\u00e9taille ci-dessous.\\\u00a0\u00bb}]},{\\\u00a0\u00bbtype\\\u00a0\u00bb:\\\u00a0\u00bbembed\\\u00a0\u00bb,\\\u00a0\u00bbdata\\\u00a0\u00bb:{\\\u00a0\u00bbhtml\\\u00a0\u00bb:\\\u00a0\u00bb\\u003Cblockquote class=\\\\\\\u00a0\u00bbtwitter-tweet\\\\\\\u00a0\u00bb data-width=\\\\\\\u00a0\u00bb550\\\\\\\u00a0\u00bb>\\u003Cp lang=\\\\\\\u00a0\u00bbfr\\\\\\\u00a0\u00bb dir=\\\\\\\u00a0\u00bbltr\\\\\\\u00a0\u00bb>\ud83c\udf2c\ufe0f Apr\u00e8s la neige, le vent ! La temp\u00eate \\u003Ca href=\\\\\\\u00a0\u00bbhttps:\/\/twitter.com\/hashtag\/Goretti?src=hash&amp;ref_src=twsrc%5Etfw\\\\\\\u00a0\u00bb>#Goretti\\u003C\/a> va toucher la r\u00e9gion \\u003Ca href=\\\\\\\u00a0\u00bbhttps:\/\/twitter.com\/hashtag\/IledeFrance?src=hash&amp;ref_src=twsrc%5Etfw\\\\\\\u00a0\u00bb>#IledeFrance\\u003C\/a> d\u00e8s ce soir et perturber le trafic ferr\u00e9 sur plusieurs lignes, tout comme le C\u00e2ble 1, les jeudi 8 et vendredi 9 janvier :\\u003Cbr>\\u003Cbr>\u2022 \\u003Ca href=\\\\\\\u00a0\u00bbhttps:\/\/twitter.com\/RERD_SNCF?ref_src=twsrc%5Etfw\\\\\\\u00a0\u00bb>@RERD_SNCF\\u003C\/a>  : d\u00e9but de service sur les axes Corbeil\/Ris Orangis,\u2026 \\u003Ca href=\\\\\\\u00a0\u00bbhttps:\/\/t.co\/yyAw2P5n2X\\\\\\\u00a0\u00bb>pic.twitter.com\/yyAw2P5n2X\\u003C\/a>\\u003C\/p>&mdash; IDF Mobilit\u00e9s (@IDFmobilites) \\u003Ca href=\\\\\\\u00a0\u00bbhttps:\/\/twitter.com\/IDFmobilites\/status\/2009304923830153335?ref_src=twsrc%5Etfw\\\\\\\u00a0\u00bb>January 8, 2026\\u003C\/a>\\u003C\/blockquote>\\\\n\\u003Cscript async src=\\\\\\\u00a0\u00bbhttps:\/\/platform.twitter.com\/widgets.js\\\\\\\u00a0\u00bb charset=\\\\\\\u00a0\u00bbutf-8\\\\\\\u00a0\u00bb>\\u003C\/script>\\\\n\\\\n\\\u00a0\u00bb,\\\u00a0\u00bbprovider\\\u00a0\u00bb:\\\u00a0\u00bbtwitter\\\u00a0\u00bb,\\\u00a0\u00bbdidomiPurposes\\\u00a0\u00bb:\\\u00a0\u00bbPour afficher ce contenu X (anciennement Twitter), vous devez accepter les cookies \\u003Cb>R\u00e9seaux Sociaux\\u003C\/b>.\\u003Cbr>\\u003Cbr>Ces cookies permettent de partager ou r\u00e9agir directement sur les r\u00e9seaux sociaux auxquels vous \u00eates connect\u00e9s ou d&rsquo;int\u00e9grer du contenu initialement post\u00e9 sur ces r\u00e9seaux sociaux. Ils permettent aussi aux r\u00e9seaux sociaux d&rsquo;utiliser vos visites sur nos sites et applications \u00e0 des fins de personnalisation et de ciblage publicitaire.\\\u00a0\u00bb,\\\u00a0\u00bbdidomiVendorId\\\u00a0\u00bb:\\\u00a0\u00bbc:twitter-rNGnjKz6\\\u00a0\u00bb}}],\\\u00a0\u00bbtimestampInSeconds\\\u00a0\u00bb:1767890956,\\\u00a0\u00bbdateISOValue\\\u00a0\u00bb:\\\u00a0\u00bb2026-01-08T16:49:16.000Z\\\u00a0\u00bb,\\\u00a0\u00bbblockTime\\\u00a0\u00bb:\\\u00a0\u00bb17h49\\\u00a0\u00bb},{\\\u00a0\u00bbtitle\\\u00a0\u00bb:\\\u00a0\u00bb1.000 pompiers mobilis\u00e9s en Seine-Maritime\\\u00a0\u00bb,\\\u00a0\u00bbisHighlighted\\\u00a0\u00bb:false,\\\u00a0\u00bbchildren\\\u00a0\u00bb:[{\\\u00a0\u00bbtype\\\u00a0\u00bb:\\\u00a0\u00bbtext\\\u00a0\u00bb,\\\u00a0\u00bbchildren\\\u00a0\u00bb:[{\\\u00a0\u00bbtype\\\u00a0\u00bb:\\\u00a0\u00bbtext\\\u00a0\u00bb,\\\u00a0\u00bbvalue\\\u00a0\u00bb:\\\u00a0\u00bbPr\u00e8s de\u00a01.000 pompiers et 150 gendarmes sont mobilis\u00e9s en Seine-Maritime pour la temp\u00eate Goretti. Les effectifs du centre de traitement de l&rsquo;alerte sont doubl\u00e9s dans le d\u00e9partement, et les effectifs de la cha\u00eene de commandement op\u00e9rationnelle sont \u00e9galement renforc\u00e9s.\u00a0Le pr\u00e9fet de la Seine-Maritime a \\u003Cstrong>interdit l&rsquo;acc\u00e8s aux for\u00eats et au plage du d\u00e9partement\\u003C\/strong>. Dans l&rsquo;Eure, le d\u00e9partement mobilisera 200 agents \u00e0 partir de 5 heures du matin ce vendredi, pour venir en aide aux pompiers. Ce jeudi, les tron\u00e7onneuses ont \u00e9t\u00e9 r\u00e9vis\u00e9es.\\\u00a0\u00bb}]}],\\\u00a0\u00bbtimestampInSeconds\\\u00a0\u00bb:1767889964,\\\u00a0\u00bbdateISOValue\\\u00a0\u00bb:\\\u00a0\u00bb2026-01-08T16:32:44.000Z\\\u00a0\u00bb,\\\u00a0\u00bbblockTime\\\u00a0\u00bb:\\\u00a0\u00bb17h32\\\u00a0\u00bb},{\\\u00a0\u00bbtitle\\\u00a0\u00bb:\\\u00a0\u00bbLa Pr\u00e9fecture maritime suspend la p\u00eache en baie de Seine\\\u00a0\u00bb,\\\u00a0\u00bbisHighlighted\\\u00a0\u00bb:true,\\\u00a0\u00bbchildren\\\u00a0\u00bb:[{\\\u00a0\u00bbtype\\\u00a0\u00bb:\\\u00a0\u00bbtext\\\u00a0\u00bb,\\\u00a0\u00bbchildren\\\u00a0\u00bb:[{\\\u00a0\u00bbtype\\\u00a0\u00bb:\\\u00a0\u00bbtext\\\u00a0\u00bb,\\\u00a0\u00bbvalue\\\u00a0\u00bb:\\\u00a0\u00bbLa navigation de p\u00eache sera interdite d\u00e8s 19h et jusqu&rsquo;\u00e0 vendredi midi dans une zone allant de Barfleur (Manche) au cap d&rsquo;Antifer (Seine-Maritime). C&rsquo;est une premi\u00e8re en raison de l&rsquo;arriv\u00e9e d&rsquo;une temp\u00eate,\u00a0\\\u00a0\u00bb},{\\\u00a0\u00bbtype\\\u00a0\u00bb:\\\u00a0\u00bblink\\\u00a0\u00bb,\\\u00a0\u00bbdata\\\u00a0\u00bb:{\\\u00a0\u00bbhref\\\u00a0\u00bb:\\\u00a0\u00bbhttps:\/\/www.francebleu.fr\/infos\/environnement\/tempete-goretti-fermeture-des-parcs-et-jardins-a-quoi-s-attendre-dans-le-calvados-et-l-orne-8919214\\\u00a0\u00bb},\\\u00a0\u00bbvalue\\\u00a0\u00bb:\\\u00a0\u00bbrapporte ICI Normandie\\\u00a0\u00bb},{\\\u00a0\u00bbtype\\\u00a0\u00bb:\\\u00a0\u00bbtext\\\u00a0\u00bb,\\\u00a0\u00bbvalue\\\u00a0\u00bb:\\\u00a0\u00bb. \\\\\\\u00a0\u00bb\\u003Cem>Les rafales seront de fortes \u00e0 violentes et la mer tr\u00e8s forte \u00e0 grosse\\u003C\/em>\\\\\\\u00a0\u00bb,\u00a0\\\u00a0\u00bb},{\\\u00a0\u00bbtype\\\u00a0\u00bb:\\\u00a0\u00bblink\\\u00a0\u00bb,\\\u00a0\u00bbdata\\\u00a0\u00bb:{\\\u00a0\u00bbhref\\\u00a0\u00bb:\\\u00a0\u00bbhttps:\/\/www.premar-manche.gouv.fr\/communiques-presse\/vigilance-conditions-meteorologiques-avis-de-grand-frais-a-violente-tempete\\\u00a0\u00bb},\\\u00a0\u00bbvalue\\\u00a0\u00bb:\\\u00a0\u00bbpr\u00e9cise la pr\u00e9fecture maritime\\\u00a0\u00bb},{\\\u00a0\u00bbtype\\\u00a0\u00bb:\\\u00a0\u00bbtext\\\u00a0\u00bb,\\\u00a0\u00bbvalue\\\u00a0\u00bb:\\\u00a0\u00bb.\\\u00a0\u00bb}]}],\\\u00a0\u00bbtimestampInSeconds\\\u00a0\u00bb:1767889724,\\\u00a0\u00bbdateISOValue\\\u00a0\u00bb:\\\u00a0\u00bb2026-01-08T16:28:44.000Z\\\u00a0\u00bb,\\\u00a0\u00bbblockTime\\\u00a0\u00bb:\\\u00a0\u00bb17h28\\\u00a0\u00bb},{\\\u00a0\u00bbtitle\\\u00a0\u00bb:\\\u00a0\u00bbD\u00e9j\u00e0 137 km\/h en rafales \u00e0 Ouessant\\\u00a0\u00bb,\\\u00a0\u00bbisHighlighted\\\u00a0\u00bb:false,\\\u00a0\u00bbchildren\\\u00a0\u00bb:[{\\\u00a0\u00bbtype\\\u00a0\u00bb:\\\u00a0\u00bbtext\\\u00a0\u00bb,\\\u00a0\u00bbchildren\\\u00a0\u00bb:[{\\\u00a0\u00bbtype\\\u00a0\u00bb:\\\u00a0\u00bbtext\\\u00a0\u00bb,\\\u00a0\u00bbvalue\\\u00a0\u00bb:\\\u00a0\u00bbLa temp\u00eate a commenc\u00e9 \u00e0 arriver en milieu d&rsquo;apr\u00e8s-midi sur le Finist\u00e8re.\u00a0Selon M\u00e9t\u00e9o Bretagne, \\u003Cstrong>des rafales \u00e0 137 km\/h ont \u00e9t\u00e9 enregistr\u00e9es \u00e0 Ouessant, 133 km\/h \u00e0 la Pointe du Raz et 120 km\/h \u00e0 Guipavas.\\u003C\/strong>\\\u00a0\u00bb}]}],\\\u00a0\u00bbtimestampInSeconds\\\u00a0\u00bb:1767889571,\\\u00a0\u00bbdateISOValue\\\u00a0\u00bb:\\\u00a0\u00bb2026-01-08T16:26:11.000Z\\\u00a0\u00bb,\\\u00a0\u00bbblockTime\\\u00a0\u00bb:\\\u00a0\u00bb17h26\\\u00a0\u00bb},{\\\u00a0\u00bbtitle\\\u00a0\u00bb:\\\u00a0\u00bbLa temp\u00eate commence \u00e0 toucher le Finist\u00e8re\\\u00a0\u00bb,\\\u00a0\u00bbisHighlighted\\\u00a0\u00bb:false,\\\u00a0\u00bbchildren\\\u00a0\u00bb:[{\\\u00a0\u00bbtype\\\u00a0\u00bb:\\\u00a0\u00bbtext\\\u00a0\u00bb,\\\u00a0\u00bbchildren\\\u00a0\u00bb:[{\\\u00a0\u00bbtype\\\u00a0\u00bb:\\\u00a0\u00bbtext\\\u00a0\u00bb,\\\u00a0\u00bbvalue\\\u00a0\u00bb:\\\u00a0\u00bbLa temp\u00eate Goretti commence \u00e0 toucher le Finist\u00e8re, comme au Conquet.\u00a0Le port est balay\u00e9 par de violentes bourrasques, la mer d&rsquo;Iroise est d\u00e9cha\u00een\u00e9e, constate sur place le reporter d&rsquo;ICI Breizh Izel.\\\u00a0\u00bb}]},{\\\u00a0\u00bbtype\\\u00a0\u00bb:\\\u00a0\u00bbembed\\\u00a0\u00bb,\\\u00a0\u00bbdata\\\u00a0\u00bb:{\\\u00a0\u00bbhtml\\\u00a0\u00bb:\\\u00a0\u00bb\\u003Cdiv class=\\\\\\\u00a0\u00bbfb-post\\\\\\\u00a0\u00bb data-href=\\\\\\\u00a0\u00bbhttps:\/\/www.facebook.com\/watch\/?v=1723382345287768\\\\\\\u00a0\u00bb data-width=\\\\\\\u00a0\u00bb560\\\\\\\u00a0\u00bb data-show-text=\\\\\\\u00a0\u00bbtrue\\\\\\\u00a0\u00bb >\\u003C\/div> \\u003Cscript> (function(w, d) {     if (w.FB &#038;&#038; w.FB.XFBML &#038;&#038; w.FB.XFBML.parse) {         if (&lsquo;undefined&rsquo; == typeof w.__fbTimeout) {             w.__fbTimeout = setTimeout(function() {                 w.FB.XFBML.parse();                 w.__fbTimeout = undefined;             }, 1000);         }     } else if (&lsquo;undefined&rsquo; == typeof w.__fbTimeout) {         if (d.querySelectorAll(&lsquo;#fb-root&rsquo;).length === 0) {             var fbRoot = d.createElement(&lsquo;div&rsquo;);             fbRoot.id = &lsquo;fb-root&rsquo;;             d.querySelector(&lsquo;body&rsquo;).append(fbRoot);         }         if (d.querySelectorAll(&lsquo;#facebook-jssdk&rsquo;).length === 0) {             var fbScript = d.createElement(&lsquo;script&rsquo;);             fbScript.id = &lsquo;facebook-jssdk&rsquo;;             fbScript.src=\u00a0\u00bb\/\/connect.facebook.net\/fr_FR\/sdk.js#xfbml=1&#038;version=v2.8&#038;appId=593991304071705&Prime;;             fbScript.async = 1;             d.querySelector(&lsquo;head&rsquo;).append(fbScript);         }     } })(window, window.document); \\u003C\/script>\\\u00a0\u00bb,\\\u00a0\u00bbprovider\\\u00a0\u00bb:\\\u00a0\u00bbfacebook\\\u00a0\u00bb,\\\u00a0\u00bbdidomiPurposes\\\u00a0\u00bb:\\\u00a0\u00bbPour afficher ce contenu Facebook, vous devez accepter les cookies \\u003Cb>R\u00e9seaux Sociaux\\u003C\/b>.\\u003Cbr>\\u003Cbr>Ces cookies permettent de partager ou r\u00e9agir directement sur les r\u00e9seaux sociaux auxquels vous \u00eates connect\u00e9s ou d&rsquo;int\u00e9grer du contenu initialement post\u00e9 sur ces r\u00e9seaux sociaux. Ils permettent aussi aux r\u00e9seaux sociaux d&rsquo;utiliser vos visites sur nos sites et applications \u00e0 des fins de personnalisation et de ciblage publicitaire.\\\u00a0\u00bb,\\\u00a0\u00bbdidomiVendorId\\\u00a0\u00bb:\\\u00a0\u00bbc:facebookc-rgacRMQm\\\u00a0\u00bb}}],\\\u00a0\u00bbtimestampInSeconds\\\u00a0\u00bb:1767888935,\\\u00a0\u00bbdateISOValue\\\u00a0\u00bb:\\\u00a0\u00bb2026-01-08T16:15:35.000Z\\\u00a0\u00bb,\\\u00a0\u00bbblockTime\\\u00a0\u00bb:\\\u00a0\u00bb17h15\\\u00a0\u00bb},{\\\u00a0\u00bbtitle\\\u00a0\u00bb:\\\u00a0\u00bbNouvelles restrictions de circulation dans le Finist\u00e8re\\\u00a0\u00bb,\\\u00a0\u00bbisHighlighted\\\u00a0\u00bb:false,\\\u00a0\u00bbchildren\\\u00a0\u00bb:[{\\\u00a0\u00bbtype\\\u00a0\u00bb:\\\u00a0\u00bbtext\\\u00a0\u00bb,\\\u00a0\u00bbchildren\\\u00a0\u00bb:[{\\\u00a0\u00bbtype\\\u00a0\u00bb:\\\u00a0\u00bblink\\\u00a0\u00bb,\\\u00a0\u00bbdata\\\u00a0\u00bb:{\\\u00a0\u00bbhref\\\u00a0\u00bb:\\\u00a0\u00bbhttps:\/\/www.francebleu.fr\/infos\/meteo\/direct-suivez-l-arrivee-de-la-tempete-goretti-en-bretagne-3161401\\\u00a0\u00bb},\\\u00a0\u00bbvalue\\\u00a0\u00bb:\\\u00a0\u00bbDe nouvelles restrictions de circulation sont instaur\u00e9es dans le Finist\u00e8re\\\u00a0\u00bb},{\\\u00a0\u00bbtype\\\u00a0\u00bb:\\\u00a0\u00bbtext\\\u00a0\u00bb,\\\u00a0\u00bbvalue\\\u00a0\u00bb:\\\u00a0\u00bb\u00a0: la vitesse maximale autoris\u00e9e est abaiss\u00e9e de 20 km\/h, les v\u00e9hicules de plus de 7,5 tonnes, les caravanes et les deux-roues ont l&rsquo;interdiction de doubler sur les routes nationales, sur la D58, la D165 et la D770.\u00a0La vitesse de circulation sur le pont de T\u00e9r\u00e9nez (Rosno\u00ebn) est abaiss\u00e9e \u00e0 50 km\/h. Le pont de l\u2019Iroise \u00e0 Brest est ferm\u00e9 \u00e0 toute circulation \u00e0 compter de 18 heures.\\\u00a0\u00bb}]}],\\\u00a0\u00bbtimestampInSeconds\\\u00a0\u00bb:1767888055,\\\u00a0\u00bbdateISOValue\\\u00a0\u00bb:\\\u00a0\u00bb2026-01-08T16:00:55.000Z\\\u00a0\u00bb,\\\u00a0\u00bbblockTime\\\u00a0\u00bb:\\\u00a0\u00bb17h00\\\u00a0\u00bb},{\\\u00a0\u00bbtitle\\\u00a0\u00bb:\\\u00a0\u00bbLes appels d&rsquo;urgence prioris\u00e9s chez les pompiers de la Manche\\\u00a0\u00bb,\\\u00a0\u00bbisHighlighted\\\u00a0\u00bb:false,\\\u00a0\u00bbchildren\\\u00a0\u00bb:[{\\\u00a0\u00bbtype\\\u00a0\u00bb:\\\u00a0\u00bbtext\\\u00a0\u00bb,\\\u00a0\u00bbchildren\\\u00a0\u00bb:[{\\\u00a0\u00bbtype\\\u00a0\u00bb:\\\u00a0\u00bbtext\\\u00a0\u00bb,\\\u00a0\u00bbvalue\\\u00a0\u00bb:\\\u00a0\u00bb\\u003Cem>\\\\\\\u00a0\u00bbAbritez-vous mais pensez \u00e0 laisser un acc\u00e8s aux secours\\\\\\\u00a0\u00bb\\u003C\/em>, \\\u00a0\u00bb},{\\\u00a0\u00bbtype\\\u00a0\u00bb:\\\u00a0\u00bblink\\\u00a0\u00bb,\\\u00a0\u00bbdata\\\u00a0\u00bb:{\\\u00a0\u00bbhref\\\u00a0\u00bb:\\\u00a0\u00bbhttps:\/\/www.francebleu.fr\/infos\/meteo\/tempete-goretti-abritez-vous-mais-pensez-a-laisser-un-acces-au-secours-conseillent-les-pompiers-de-la-manche-8208290\\\u00a0\u00bb},\\\u00a0\u00bbvalue\\\u00a0\u00bb:\\\u00a0\u00bbconseillent les pompiers de la Manche\\\u00a0\u00bb},{\\\u00a0\u00bbtype\\\u00a0\u00bb:\\\u00a0\u00bbtext\\\u00a0\u00bb,\\\u00a0\u00bbvalue\\\u00a0\u00bb:\\\u00a0\u00bb, rapporte ICI Cotentin. Plus de 800 sapeurs-pompiers sont mobilis\u00e9s dans la Manche. Pr\u00e8s de 150 pompiers et militaires de la S\u00e9curit\u00e9 civile du Centre-Val de Loire ont \u00e9t\u00e9 appel\u00e9s en renfort. Les appels seront prioris\u00e9s, les autres seront pris en compte, mais les d\u00e9lais d&rsquo;intervention pourront \u00eatre plus longs.\\\u00a0\u00bb}]},{\\\u00a0\u00bbtype\\\u00a0\u00bb:\\\u00a0\u00bbembed\\\u00a0\u00bb,\\\u00a0\u00bbdata\\\u00a0\u00bb:{\\\u00a0\u00bbhtml\\\u00a0\u00bb:\\\u00a0\u00bb\\u003Cblockquote class=\\\\\\\u00a0\u00bbtwitter-tweet\\\\\\\u00a0\u00bb data-width=\\\\\\\u00a0\u00bb550\\\\\\\u00a0\u00bb>\\u003Cp lang=\\\\\\\u00a0\u00bbfr\\\\\\\u00a0\u00bb dir=\\\\\\\u00a0\u00bbltr\\\\\\\u00a0\u00bb>Temp\u00eate Goretti : le chef du service d&#39;incendie et de secours de la Manche explique comment vont \u00eatre prioris\u00e9s les appels. \\u003Ca href=\\\\\\\u00a0\u00bbhttps:\/\/t.co\/ZlcdZtddZs\\\\\\\u00a0\u00bb>pic.twitter.com\/ZlcdZtddZs\\u003C\/a>\\u003C\/p>&mdash; ICI Cotentin (@icicotentin) \\u003Ca href=\\\\\\\u00a0\u00bbhttps:\/\/twitter.com\/icicotentin\/status\/2009267048036057151?ref_src=twsrc%5Etfw\\\\\\\u00a0\u00bb>January 8, 2026\\u003C\/a>\\u003C\/blockquote>\\\\n\\u003Cscript async src=\\\\\\\u00a0\u00bbhttps:\/\/platform.twitter.com\/widgets.js\\\\\\\u00a0\u00bb charset=\\\\\\\u00a0\u00bbutf-8\\\\\\\u00a0\u00bb>\\u003C\/script>\\\\n\\\\n\\\u00a0\u00bb,\\\u00a0\u00bbprovider\\\u00a0\u00bb:\\\u00a0\u00bbtwitter\\\u00a0\u00bb,\\\u00a0\u00bbdidomiPurposes\\\u00a0\u00bb:\\\u00a0\u00bbPour afficher ce contenu X (anciennement Twitter), vous devez accepter les cookies \\u003Cb>R\u00e9seaux Sociaux\\u003C\/b>.\\u003Cbr>\\u003Cbr>Ces cookies permettent de partager ou r\u00e9agir directement sur les r\u00e9seaux sociaux auxquels vous \u00eates connect\u00e9s ou d&rsquo;int\u00e9grer du contenu initialement post\u00e9 sur ces r\u00e9seaux sociaux. Ils permettent aussi aux r\u00e9seaux sociaux d&rsquo;utiliser vos visites sur nos sites et applications \u00e0 des fins de personnalisation et de ciblage publicitaire.\\\u00a0\u00bb,\\\u00a0\u00bbdidomiVendorId\\\u00a0\u00bb:\\\u00a0\u00bbc:twitter-rNGnjKz6\\\u00a0\u00bb}}],\\\u00a0\u00bbtimestampInSeconds\\\u00a0\u00bb:1767887758,\\\u00a0\u00bbdateISOValue\\\u00a0\u00bb:\\\u00a0\u00bb2026-01-08T15:55:58.000Z\\\u00a0\u00bb,\\\u00a0\u00bbblockTime\\\u00a0\u00bb:\\\u00a0\u00bb16h55\\\u00a0\u00bb},{\\\u00a0\u00bbtitle\\\u00a0\u00bb:\\\u00a0\u00bbRisque d&rsquo;\u00e9rosion du littoral\\\u00a0\u00bb,\\\u00a0\u00bbisHighlighted\\\u00a0\u00bb:false,\\\u00a0\u00bbchildren\\\u00a0\u00bb:[{\\\u00a0\u00bbtype\\\u00a0\u00bb:\\\u00a0\u00bbtext\\\u00a0\u00bb,\\\u00a0\u00bbchildren\\\u00a0\u00bb:[{\\\u00a0\u00bbtype\\\u00a0\u00bb:\\\u00a0\u00bbtext\\\u00a0\u00bb,\\\u00a0\u00bbvalue\\\u00a0\u00bb:\\\u00a0\u00bbLa temp\u00eate Goretti\u00a0\\\u00a0\u00bb},{\\\u00a0\u00bbtype\\\u00a0\u00bb:\\\u00a0\u00bblink\\\u00a0\u00bb,\\\u00a0\u00bbdata\\\u00a0\u00bb:{\\\u00a0\u00bbhref\\\u00a0\u00bb:\\\u00a0\u00bbhttps:\/\/www.francebleu.fr\/infos\/meteo\/direct-suivez-l-arrivee-de-la-tempete-goretti-en-bretagne-3161401\\\u00a0\u00bb},\\\u00a0\u00bbvalue\\\u00a0\u00bb:\\\u00a0\u00bbrisque d&rsquo;aggraver l&rsquo;\u00e9rosion du littoral\\\u00a0\u00bb},{\\\u00a0\u00bbtype\\\u00a0\u00bb:\\\u00a0\u00bbtext\\\u00a0\u00bb,\\\u00a0\u00bbvalue\\\u00a0\u00bb:\\\u00a0\u00bb. Selon ICI Breizh Izel, sur les c\u00f4tes de la Manche \u00e0\u00a0Perros-Guirec, la mar\u00e9e haute est attendue \u00e0 22h17. Si le coefficient n&rsquo;est que de 72, il y a un risque de surcote important, pouvant g\u00e9n\u00e9rer des ph\u00e9nom\u00e8nes d&rsquo;\u00e9rosion. Une vigilance orange vagues-submersion est en cours \u00e0 l&rsquo;ouest de l&rsquo;\u00eele de Br\u00e9hat et dans le nord Finist\u00e8re.\\\u00a0\u00bb}]}],\\\u00a0\u00bbtimestampInSeconds\\\u00a0\u00bb:1767887572,\\\u00a0\u00bbdateISOValue\\\u00a0\u00bb:\\\u00a0\u00bb2026-01-08T15:52:52.000Z\\\u00a0\u00bb,\\\u00a0\u00bbblockTime\\\u00a0\u00bb:\\\u00a0\u00bb16h52\\\u00a0\u00bb},{\\\u00a0\u00bbtitle\\\u00a0\u00bb:\\\u00a0\u00bbHoule et vents violents, les premi\u00e8res images de la temp\u00eate Goretti\\\u00a0\u00bb,\\\u00a0\u00bbisHighlighted\\\u00a0\u00bb:false,\\\u00a0\u00bbchildren\\\u00a0\u00bb:[{\\\u00a0\u00bbtype\\\u00a0\u00bb:\\\u00a0\u00bbtext\\\u00a0\u00bb,\\\u00a0\u00bbchildren\\\u00a0\u00bb:[{\\\u00a0\u00bbtype\\\u00a0\u00bb:\\\u00a0\u00bbtext\\\u00a0\u00bb,\\\u00a0\u00bbvalue\\\u00a0\u00bb:\\\u00a0\u00bbM\u00e9t\u00e9o Bretagne diffuse de premi\u00e8res images de la temp\u00eate Goretti \u00e0 la pointe du Raz (Finist\u00e8re).\\\u00a0\u00bb}]},{\\\u00a0\u00bbtype\\\u00a0\u00bb:\\\u00a0\u00bbembed\\\u00a0\u00bb,\\\u00a0\u00bbdata\\\u00a0\u00bb:{\\\u00a0\u00bbhtml\\\u00a0\u00bb:\\\u00a0\u00bb\\u003Cdiv class=\\\\\\\u00a0\u00bbfb-post\\\\\\\u00a0\u00bb data-href=\\\\\\\u00a0\u00bbhttps:\/\/www.facebook.com\/reel\/1336608078266453\\\\\\\u00a0\u00bb data-width=\\\\\\\u00a0\u00bb560\\\\\\\u00a0\u00bb data-show-text=\\\\\\\u00a0\u00bbtrue\\\\\\\u00a0\u00bb >\\u003C\/div> \\u003Cscript> (function(w, d) {     if (w.FB &#038;&#038; w.FB.XFBML &#038;&#038; w.FB.XFBML.parse) {         if (&lsquo;undefined&rsquo; == typeof w.__fbTimeout) {             w.__fbTimeout = setTimeout(function() {                 w.FB.XFBML.parse();                 w.__fbTimeout = undefined;             }, 1000);         }     } else if (&lsquo;undefined&rsquo; == typeof w.__fbTimeout) {         if (d.querySelectorAll(&lsquo;#fb-root&rsquo;).length === 0) {             var fbRoot = d.createElement(&lsquo;div&rsquo;);             fbRoot.id = &lsquo;fb-root&rsquo;;             d.querySelector(&lsquo;body&rsquo;).append(fbRoot);         }         if (d.querySelectorAll(&lsquo;#facebook-jssdk&rsquo;).length === 0) {             var fbScript = d.createElement(&lsquo;script&rsquo;);             fbScript.id = &lsquo;facebook-jssdk&rsquo;;             fbScript.src=\u00a0\u00bb\/\/connect.facebook.net\/fr_FR\/sdk.js#xfbml=1&#038;version=v2.8&#038;appId=593991304071705&Prime;;             fbScript.async = 1;             d.querySelector(&lsquo;head&rsquo;).append(fbScript);         }     } })(window, window.document); \\u003C\/script>\\\u00a0\u00bb,\\\u00a0\u00bbprovider\\\u00a0\u00bb:\\\u00a0\u00bbfacebook\\\u00a0\u00bb,\\\u00a0\u00bbdidomiPurposes\\\u00a0\u00bb:\\\u00a0\u00bbPour afficher ce contenu Facebook, vous devez accepter les cookies \\u003Cb>R\u00e9seaux Sociaux\\u003C\/b>.\\u003Cbr>\\u003Cbr>Ces cookies permettent de partager ou r\u00e9agir directement sur les r\u00e9seaux sociaux auxquels vous \u00eates connect\u00e9s ou d&rsquo;int\u00e9grer du contenu initialement post\u00e9 sur ces r\u00e9seaux sociaux. Ils permettent aussi aux r\u00e9seaux sociaux d&rsquo;utiliser vos visites sur nos sites et applications \u00e0 des fins de personnalisation et de ciblage publicitaire.\\\u00a0\u00bb,\\\u00a0\u00bbdidomiVendorId\\\u00a0\u00bb:\\\u00a0\u00bbc:facebookc-rgacRMQm\\\u00a0\u00bb}}],\\\u00a0\u00bbtimestampInSeconds\\\u00a0\u00bb:1767887282,\\\u00a0\u00bbdateISOValue\\\u00a0\u00bb:\\\u00a0\u00bb2026-01-08T15:48:02.000Z\\\u00a0\u00bb,\\\u00a0\u00bbblockTime\\\u00a0\u00bb:\\\u00a0\u00bb16h48\\\u00a0\u00bb},{\\\u00a0\u00bbtitle\\\u00a0\u00bb:\\\u00a0\u00bbA quand remonte la derni\u00e8re vigilance rouge \\\\\\\u00a0\u00bbvents\\\\\\\u00a0\u00bb ?\\\u00a0\u00bb,\\\u00a0\u00bbisHighlighted\\\u00a0\u00bb:false,\\\u00a0\u00bbchildren\\\u00a0\u00bb:[{\\\u00a0\u00bbtype\\\u00a0\u00bb:\\\u00a0\u00bbtext\\\u00a0\u00bb,\\\u00a0\u00bbchildren\\\u00a0\u00bb:[{\\\u00a0\u00bbtype\\\u00a0\u00bb:\\\u00a0\u00bbtext\\\u00a0\u00bb,\\\u00a0\u00bbvalue\\\u00a0\u00bb:\\\u00a0\u00bbLa derni\u00e8re vigilance rouge pour le vent en France remonte \u00e0 la temp\u00eate Ciaran en novembre 2023, selon M\u00e9t\u00e9o France, cit\u00e9 par l&rsquo;Agence France presse. Les rafales de vent avaient atteint pr\u00e8s de 200 km\/h, privant plus d&rsquo;un million de foyers d&rsquo;\u00e9lectricit\u00e9, des pans enti\u00e8res de for\u00eats avaient \u00e9t\u00e9 mis \u00e0 terre.\\\u00a0\u00bb}]}],\\\u00a0\u00bbtimestampInSeconds\\\u00a0\u00bb:1767886855,\\\u00a0\u00bbdateISOValue\\\u00a0\u00bb:\\\u00a0\u00bb2026-01-08T15:40:55.000Z\\\u00a0\u00bb,\\\u00a0\u00bbblockTime\\\u00a0\u00bb:\\\u00a0\u00bb16h40\\\u00a0\u00bb},{\\\u00a0\u00bbtitle\\\u00a0\u00bb:\\\u00a0\u00bbPas de trains en Normandie et dans les Hauts de France, quelques lignes suspendues en Bretagne\\\u00a0\u00bb,\\\u00a0\u00bbisHighlighted\\\u00a0\u00bb:true,\\\u00a0\u00bbchildren\\\u00a0\u00bb:[{\\\u00a0\u00bbtype\\\u00a0\u00bb:\\\u00a0\u00bbtext\\\u00a0\u00bb,\\\u00a0\u00bbchildren\\\u00a0\u00bb:[{\\\u00a0\u00bbtype\\\u00a0\u00bb:\\\u00a0\u00bblink\\\u00a0\u00bb,\\\u00a0\u00bbdata\\\u00a0\u00bb:{\\\u00a0\u00bbhref\\\u00a0\u00bb:\\\u00a0\u00bbhttps:\/\/www.francebleu.fr\/infos\/transports\/tempete-goretti-suspension-de-la-circulation-des-trains-en-normandie-a-partir-de-jeudi-8-janvier-au-soir-4932907\\\u00a0\u00bb},\\\u00a0\u00bbvalue\\\u00a0\u00bb:\\\u00a0\u00bbIl n&rsquo;y aura pas de trains en Normandie \u00e0 partir de 22 heures\\\u00a0\u00bb},{\\\u00a0\u00bbtype\\\u00a0\u00bb:\\\u00a0\u00bbtext\\\u00a0\u00bb,\\\u00a0\u00bbvalue\\\u00a0\u00bb:\\\u00a0\u00bb, et m\u00eame 19 heures pour les lignes entre\u00a0Paris &#8211; Lisieux &#8211; Caen &#8211; Cherbourg, Paris &#8211; L&rsquo;Aigle &#8211; Argentan &#8211; Granville, ainsi que sur la ligne Caen &#8211; Granville &#8211; Rennes.\\\u00a0\u00bb}]},{\\\u00a0\u00bbtype\\\u00a0\u00bb:\\\u00a0\u00bbtext\\\u00a0\u00bb,\\\u00a0\u00bbchildren\\\u00a0\u00bb:[{\\\u00a0\u00bbtype\\\u00a0\u00bb:\\\u00a0\u00bblink\\\u00a0\u00bb,\\\u00a0\u00bbdata\\\u00a0\u00bb:{\\\u00a0\u00bbhref\\\u00a0\u00bb:\\\u00a0\u00bbhttps:\/\/www.francebleu.fr\/infos\/meteo\/tempete-goretti-la-bretagne-en-vigilance-orange-vent-a-partir-de-jeudi-apres-midi-4041143\\\u00a0\u00bb},\\\u00a0\u00bbvalue\\\u00a0\u00bb:\\\u00a0\u00bbPlusieurs lignes sont suspendues en Bretagne,\\\u00a0\u00bb},{\\\u00a0\u00bbtype\\\u00a0\u00bb:\\\u00a0\u00bbtext\\\u00a0\u00bb,\\\u00a0\u00bbvalue\\\u00a0\u00bb:\\\u00a0\u00bb\u00a0parfois d\u00e8s 16 heures (Quimper &#8211; Landerneau), puis dans la soir\u00e9e (Brest &#8211; Morlaix,\u00a0 Guingamp &#8211; Paimpol, Plouaret &#8211; Lannion, Dol &#8211; Saint Malo)\\\u00a0\u00bb}]},{\\\u00a0\u00bbtype\\\u00a0\u00bb:\\\u00a0\u00bbtext\\\u00a0\u00bb,\\\u00a0\u00bbchildren\\\u00a0\u00bb:[{\\\u00a0\u00bbtype\\\u00a0\u00bb:\\\u00a0\u00bblink\\\u00a0\u00bb,\\\u00a0\u00bbdata\\\u00a0\u00bb:{\\\u00a0\u00bbhref\\\u00a0\u00bb:\\\u00a0\u00bbhttps:\/\/www.francebleu.fr\/infos\/transports\/tempete-goretti-dans-les-hauts-de-france-les-trains-regionaux-mis-a-l-arret-ce-jeudi-a-23-heures-6119411\\\u00a0\u00bb},\\\u00a0\u00bbvalue\\\u00a0\u00bb:\\\u00a0\u00bbDans les Hauts-de-France, la circulation des trains r\u00e9gionaux est interrompue\\\u00a0\u00bb},{\\\u00a0\u00bbtype\\\u00a0\u00bb:\\\u00a0\u00bbtext\\\u00a0\u00bb,\\\u00a0\u00bbvalue\\\u00a0\u00bb:\\\u00a0\u00bb\u00a0\u00e0 partir de 23h ce jeudi et toute la journ\u00e9e de vendredi.\\\u00a0\u00bb}]}],\\\u00a0\u00bbtimestampInSeconds\\\u00a0\u00bb:1767886760,\\\u00a0\u00bbdateISOValue\\\u00a0\u00bb:\\\u00a0\u00bb2026-01-08T15:39:20.000Z\\\u00a0\u00bb,\\\u00a0\u00bbblockTime\\\u00a0\u00bb:\\\u00a0\u00bb16h39\\\u00a0\u00bb},{\\\u00a0\u00bbtitle\\\u00a0\u00bb:\\\u00a0\u00bbLe Calvados et la Seine-Maritime vont-ils passer en vigilance rouge ?\\\u00a0\u00bb,\\\u00a0\u00bbisHighlighted\\\u00a0\u00bb:false,\\\u00a0\u00bbchildren\\\u00a0\u00bb:[{\\\u00a0\u00bbtype\\\u00a0\u00bb:\\\u00a0\u00bbtext\\\u00a0\u00bb,\\\u00a0\u00bbchildren\\\u00a0\u00bb:[{\\\u00a0\u00bbtype\\\u00a0\u00bb:\\\u00a0\u00bbtext\\\u00a0\u00bb,\\\u00a0\u00bbvalue\\\u00a0\u00bb:\\\u00a0\u00bbLa Manche est plac\u00e9e en vigilance rouge \u00e0 partir de 21 heures. Le Calvados et la Seine-Maritime vont aussi \u00eatre confront\u00e9s aux vents violents\u00a0: \\u003Cem>\\\\\\\u00a0\u00bbUne aggravation du niveau de vigilance sur ces d\u00e9partements est peu probable mais ne peut \u00eatre compl\u00e8tement exclue sur les prochaines actualisations de la carte\\\\\\\u00a0\u00bb\\u003C\/em>, pr\u00e9cise\u00a0\\\u00a0\u00bb},{\\\u00a0\u00bbtype\\\u00a0\u00bb:\\\u00a0\u00bblink\\\u00a0\u00bb,\\\u00a0\u00bbdata\\\u00a0\u00bb:{\\\u00a0\u00bbhref\\\u00a0\u00bb:\\\u00a0\u00bbhttps:\/\/vigilance.meteofrance.fr\/fr\\\u00a0\u00bb},\\\u00a0\u00bbvalue\\\u00a0\u00bb:\\\u00a0\u00bbM\u00e9t\u00e9o France.\\\u00a0\u00bb}]},{\\\u00a0\u00bbtype\\\u00a0\u00bb:\\\u00a0\u00bbimage\\\u00a0\u00bb,\\\u00a0\u00bbdata\\\u00a0\u00bb:{\\\u00a0\u00bbimages\\\u00a0\u00bb:[{\\\u00a0\u00bburl\\\u00a0\u00bb:\\\u00a0\u00bbhttps:\/\/www.francebleu.fr\/s3\/cruiser-production-eu3\/2026\/01\/a306082e-06da-40c3-a723-cd2e18ea5c93\/600_sc_carte-vigilance-jeudi-8-janvier-2026-1.jpg\\\u00a0\u00bb,\\\u00a0\u00bburlWebp\\\u00a0\u00bb:\\\u00a0\u00bbhttps:\/\/www.francebleu.fr\/s3\/cruiser-production-eu3\/2026\/01\/a306082e-06da-40c3-a723-cd2e18ea5c93\/600_sc_carte-vigilance-jeudi-8-janvier-2026-1.webp\\\u00a0\u00bb,\\\u00a0\u00bblegend\\\u00a0\u00bb:\\\u00a0\u00bbCarte de vigilance m\u00e9t\u00e9o du 8 janvier 2025\\\u00a0\u00bb,\\\u00a0\u00bbauthor\\\u00a0\u00bb:\\\u00a0\u00bb\u00c9ric Turpin\\\u00a0\u00bb,\\\u00a0\u00bbcopyright\\\u00a0\u00bb:\\\u00a0\u00bbRadio France\\\u00a0\u00bb,\\\u00a0\u00bbwidth\\\u00a0\u00bb:600,\\\u00a0\u00bbheight\\\u00a0\u00bb:750,\\\u00a0\u00bbpreview\\\u00a0\u00bb:\\\u00a0\u00bb\/9j\/2wBDACgcHiMeGSgjISMtKygwPGRBPDc3PHtYXUlkkYCZlo+AjIqgtObDoKrarYqMyP\/L2u71\/\/\/\/m8H\/\/\/\/6\/+b9\/\/j\/2wBDASstLTw1PHZBQXb4pYyl+Pj4+Pj4+Pj4+Pj4+Pj4+Pj4+Pj4+Pj4+Pj4+Pj4+Pj4+Pj4+Pj4+Pj4+Pj4+Pj4+Pj\/wAARCAAqACEDASIAAhEBAxEB\/8QAGAABAQEBAQAAAAAAAAAAAAAAAQIAAwX\/xAAWEAEBAQAAAAAAAAAAAAAAAAAAARH\/xAAWAQEBAQAAAAAAAAAAAAAAAAABAgD\/xAAXEQEBAQEAAAAAAAAAAAAAAAAAAREC\/9oADAMBAAIRAxEAPwD1hotTai0r0yuWqlE6C9ZOsrWFRV1NiOilUGKkTICxxls2DFsqxk4ZCRjDGLHGf\/\/Z\\\u00a0\u00bb,\\\u00a0\u00bbdominant\\\u00a0\u00bb:\\\u00a0\u00bb#f8f8f8\\\u00a0\u00bb,\\\u00a0\u00bbid\\\u00a0\u00bb:\\\u00a0\u00bba306082e-06da-40c3-a723-cd2e18ea5c93\\\u00a0\u00bb}]}}],\\\u00a0\u00bbtimestampInSeconds\\\u00a0\u00bb:1767886270,\\\u00a0\u00bbdateISOValue\\\u00a0\u00bb:\\\u00a0\u00bb2026-01-08T15:31:10.000Z\\\u00a0\u00bb,\\\u00a0\u00bbblockTime\\\u00a0\u00bb:\\\u00a0\u00bb16h31\\\u00a0\u00bb},{\\\u00a0\u00bbtitle\\\u00a0\u00bb:\\\u00a0\u00bbPlusieurs ponts ferm\u00e9s\\\u00a0\u00bb,\\\u00a0\u00bbisHighlighted\\\u00a0\u00bb:false,\\\u00a0\u00bbchildren\\\u00a0\u00bb:[{\\\u00a0\u00bbtype\\\u00a0\u00bb:\\\u00a0\u00bbtext\\\u00a0\u00bb,\\\u00a0\u00bbchildren\\\u00a0\u00bb:[{\\\u00a0\u00bbtype\\\u00a0\u00bb:\\\u00a0\u00bbtext\\\u00a0\u00bb,\\\u00a0\u00bbvalue\\\u00a0\u00bb:\\\u00a0\u00bbPar pr\u00e9caution,\u00a0\\\u00a0\u00bb},{\\\u00a0\u00bbtype\\\u00a0\u00bb:\\\u00a0\u00bblink\\\u00a0\u00bb,\\\u00a0\u00bbdata\\\u00a0\u00bb:{\\\u00a0\u00bbhref\\\u00a0\u00bb:\\\u00a0\u00bbhttps:\/\/www.francebleu.fr\/infos\/meteo\/tempete-goretti-la-manche-en-vigilance-rouge-au-vent-25-departements-en-orange-de-l-atlantique-a-l-ile-de-france-9957070\\\u00a0\u00bb},\\\u00a0\u00bbvalue\\\u00a0\u00bb:\\\u00a0\u00bbplusieurs ponts ont \u00e9t\u00e9 ferm\u00e9s\\\u00a0\u00bb},{\\\u00a0\u00bbtype\\\u00a0\u00bb:\\\u00a0\u00bbtext\\\u00a0\u00bb,\\\u00a0\u00bbvalue\\\u00a0\u00bb:\\\u00a0\u00bb\u00a0:\\\u00a0\u00bb}]},{\\\u00a0\u00bbtype\\\u00a0\u00bb:\\\u00a0\u00bblist\\\u00a0\u00bb,\\\u00a0\u00bbordered\\\u00a0\u00bb:false,\\\u00a0\u00bbchildren\\\u00a0\u00bb:[{\\\u00a0\u00bbtype\\\u00a0\u00bb:\\\u00a0\u00bblist_item\\\u00a0\u00bb,\\\u00a0\u00bbchildren\\\u00a0\u00bb:[{\\\u00a0\u00bbtype\\\u00a0\u00bb:\\\u00a0\u00bbtext\\\u00a0\u00bb,\\\u00a0\u00bbvalue\\\u00a0\u00bb:\\\u00a0\u00bble Pont de l&rsquo;Iroise (RN165 Brest) entre 18h et 3h\\\u00a0\u00bb}]},{\\\u00a0\u00bbtype\\\u00a0\u00bb:\\\u00a0\u00bblist_item\\\u00a0\u00bb,\\\u00a0\u00bbchildren\\\u00a0\u00bb:[{\\\u00a0\u00bbtype\\\u00a0\u00bb:\\\u00a0\u00bbtext\\\u00a0\u00bb,\\\u00a0\u00bbvalue\\\u00a0\u00bb:\\\u00a0\u00bble Viaduc de Calix, (RN814 Caen) entre 20h et 7h\\\u00a0\u00bb}]},{\\\u00a0\u00bbtype\\\u00a0\u00bb:\\\u00a0\u00bblist_item\\\u00a0\u00bb,\\\u00a0\u00bbchildren\\\u00a0\u00bb:[{\\\u00a0\u00bbtype\\\u00a0\u00bb:\\\u00a0\u00bbtext\\\u00a0\u00bb,\\\u00a0\u00bbvalue\\\u00a0\u00bb:\\\u00a0\u00bble Pont de Normandie (A29) entre 22h et 8h\\\u00a0\u00bb}]},{\\\u00a0\u00bbtype\\\u00a0\u00bb:\\\u00a0\u00bblist_item\\\u00a0\u00bb,\\\u00a0\u00bbchildren\\\u00a0\u00bb:[{\\\u00a0\u00bbtype\\\u00a0\u00bb:\\\u00a0\u00bbtext\\\u00a0\u00bb,\\\u00a0\u00bbvalue\\\u00a0\u00bb:\\\u00a0\u00bble Pont de Tancarville (RN182) entre 22h et 8h\\\u00a0\u00bb}]},{\\\u00a0\u00bbtype\\\u00a0\u00bb:\\\u00a0\u00bblist_item\\\u00a0\u00bb,\\\u00a0\u00bbchildren\\\u00a0\u00bb:[{\\\u00a0\u00bbtype\\\u00a0\u00bb:\\\u00a0\u00bbtext\\\u00a0\u00bb,\\\u00a0\u00bbvalue\\\u00a0\u00bb:\\\u00a0\u00bble Pont de Saint-Nazaire ferme entre 17h et au moins 5h du matin\\\u00a0\u00bb}]}]},{\\\u00a0\u00bbtype\\\u00a0\u00bb:\\\u00a0\u00bbtext\\\u00a0\u00bb,\\\u00a0\u00bbchildren\\\u00a0\u00bb:[{\\\u00a0\u00bbtype\\\u00a0\u00bb:\\\u00a0\u00bbtext\\\u00a0\u00bb,\\\u00a0\u00bbvalue\\\u00a0\u00bb:\\\u00a0\u00bbDans la Manche, la circulation des poids\u00a0lourds de plus de 7,5 tonnes est interdite \u00e0 compter de 19 heures ce jeudi. L&rsquo;acc\u00e8s aux espaces forestiers, littoraux et traits de c\u00f4te est \u00e9galement interdit.\\\u00a0\u00bb}]}],\\\u00a0\u00bbtimestampInSeconds\\\u00a0\u00bb:1767886050,\\\u00a0\u00bbdateISOValue\\\u00a0\u00bb:\\\u00a0\u00bb2026-01-08T15:27:30.000Z\\\u00a0\u00bb,\\\u00a0\u00bbblockTime\\\u00a0\u00bb:\\\u00a0\u00bb16h27\\\u00a0\u00bb},{\\\u00a0\u00bbtitle\\\u00a0\u00bb:\\\u00a0\u00bbJusqu&rsquo;\u00e0 150 \u00e0 160 km\/h de vent sur les c\u00f4tes de la Manche\\\u00a0\u00bb,\\\u00a0\u00bbisHighlighted\\\u00a0\u00bb:true,\\\u00a0\u00bbchildren\\\u00a0\u00bb:[{\\\u00a0\u00bbtype\\\u00a0\u00bb:\\\u00a0\u00bbtext\\\u00a0\u00bb,\\\u00a0\u00bbchildren\\\u00a0\u00bb:[{\\\u00a0\u00bbtype\\\u00a0\u00bb:\\\u00a0\u00bbtext\\\u00a0\u00bb,\\\u00a0\u00bbvalue\\\u00a0\u00bb:\\\u00a0\u00bbDans son bulletin de 16 heures, M\u00e9t\u00e9o France pr\u00e9cise que la temp\u00eate va balayer \\u003Cem>\\\\\\\u00a0\u00bbrapidement toutes les r\u00e9gions du nord-ouest du pays en soir\u00e9e et la nuit suivante. Sur le d\u00e9partement de la Manche, en vigilance rouge, on attend des rafales entre 130 \u00e0 140 km\/h dans l&rsquo;int\u00e9rieur et 150 \u00e0 160 km\/h sur la c\u00f4te, voire plus sur les caps expos\u00e9s\\\\\\\u00a0\u00bb.\\u003C\/em> \\\u00a0\u00bb},{\\\u00a0\u00bbtype\\\u00a0\u00bb:\\\u00a0\u00bblink\\\u00a0\u00bb,\\\u00a0\u00bbdata\\\u00a0\u00bb:{\\\u00a0\u00bbhref\\\u00a0\u00bb:\\\u00a0\u00bbhttps:\/\/www.francebleu.fr\/infos\/meteo\/direct-tempete-goretti-premieres-fortes-rafales-sur-l-ouest-de-la-france-la-manche-en-vigilance-rouge-1010493#live-1767883144\\\u00a0\u00bb},\\\u00a0\u00bbvalue\\\u00a0\u00bb:\\\u00a0\u00bbEn ce qui concerne les d\u00e9partements en vigilance orange\\\u00a0\u00bb},{\\\u00a0\u00bbtype\\\u00a0\u00bb:\\\u00a0\u00bbtext\\\u00a0\u00bb,\\\u00a0\u00bbvalue\\\u00a0\u00bb:\\\u00a0\u00bb, \\u003Cem>\\\\\\\u00a0\u00bb les rafales attendues sont de l&rsquo;ordre de 100 \u00e0 120 km\/h dans l&rsquo;int\u00e9rieur des terres, et jusqu&rsquo;\u00e0 130\/140 km\/h sur le littoral. Concernant la r\u00e9gion parisienne, les rafales attendues sont de l&rsquo;ordre de 90 \u00e0 100 km\/h voire plus pour un \u00e9pisode qui s&rsquo;annonce durable, ces rafales pouvant se produire durant plusieurs heures.\\\\\\\u00a0\u00bb\\u003C\/em>\\\u00a0\u00bb}]}],\\\u00a0\u00bbtimestampInSeconds\\\u00a0\u00bb:1767885631,\\\u00a0\u00bbdateISOValue\\\u00a0\u00bb:\\\u00a0\u00bb2026-01-08T15:20:31.000Z\\\u00a0\u00bb,\\\u00a0\u00bbblockTime\\\u00a0\u00bb:\\\u00a0\u00bb16h20\\\u00a0\u00bb},{\\\u00a0\u00bbtitle\\\u00a0\u00bb:\\\u00a0\u00bb135 km\/h de vent  \u00e0 Ouessant\\\u00a0\u00bb,\\\u00a0\u00bbisHighlighted\\\u00a0\u00bb:false,\\\u00a0\u00bbchildren\\\u00a0\u00bb:[{\\\u00a0\u00bbtype\\\u00a0\u00bb:\\\u00a0\u00bbtext\\\u00a0\u00bb,\\\u00a0\u00bbchildren\\\u00a0\u00bb:[{\\\u00a0\u00bbtype\\\u00a0\u00bb:\\\u00a0\u00bbtext\\\u00a0\u00bb,\\\u00a0\u00bbvalue\\\u00a0\u00bb:\\\u00a0\u00bbLes premi\u00e8res rafales sur la pointe de la Bretagne ont \u00e9t\u00e9 enregistr\u00e9es \u00e0 135 km\/h \u00e0 Ouessant, selon M\u00e9t\u00e9o Bretagne, avec des rafales \u00e0 120 km\/h en bord de mer.\\\u00a0\u00bb}]},{\\\u00a0\u00bbtype\\\u00a0\u00bb:\\\u00a0\u00bbembed\\\u00a0\u00bb,\\\u00a0\u00bbdata\\\u00a0\u00bb:{\\\u00a0\u00bbhtml\\\u00a0\u00bb:\\\u00a0\u00bb\\u003Cdiv class=\\\\\\\u00a0\u00bbfb-post\\\\\\\u00a0\u00bb data-href=\\\\\\\u00a0\u00bbhttps:\/\/www.facebook.com\/watch\/?v=1550455616003895\\\\\\\u00a0\u00bb data-width=\\\\\\\u00a0\u00bb560\\\\\\\u00a0\u00bb data-show-text=\\\\\\\u00a0\u00bbtrue\\\\\\\u00a0\u00bb >\\u003C\/div> \\u003Cscript> (function(w, d) {     if (w.FB &#038;&#038; w.FB.XFBML &#038;&#038; w.FB.XFBML.parse) {         if (&lsquo;undefined&rsquo; == typeof w.__fbTimeout) {             w.__fbTimeout = setTimeout(function() {                 w.FB.XFBML.parse();                 w.__fbTimeout = undefined;             }, 1000);         }     } else if (&lsquo;undefined&rsquo; == typeof w.__fbTimeout) {         if (d.querySelectorAll(&lsquo;#fb-root&rsquo;).length === 0) {             var fbRoot = d.createElement(&lsquo;div&rsquo;);             fbRoot.id = &lsquo;fb-root&rsquo;;             d.querySelector(&lsquo;body&rsquo;).append(fbRoot);         }         if (d.querySelectorAll(&lsquo;#facebook-jssdk&rsquo;).length === 0) {             var fbScript = d.createElement(&lsquo;script&rsquo;);             fbScript.id = &lsquo;facebook-jssdk&rsquo;;             fbScript.src=\u00a0\u00bb\/\/connect.facebook.net\/fr_FR\/sdk.js#xfbml=1&#038;version=v2.8&#038;appId=593991304071705&Prime;;             fbScript.async = 1;             d.querySelector(&lsquo;head&rsquo;).append(fbScript);         }     } })(window, window.document); \\u003C\/script>\\\u00a0\u00bb,\\\u00a0\u00bbprovider\\\u00a0\u00bb:\\\u00a0\u00bbfacebook\\\u00a0\u00bb,\\\u00a0\u00bbdidomiPurposes\\\u00a0\u00bb:\\\u00a0\u00bbPour afficher ce contenu Facebook, vous devez accepter les cookies \\u003Cb>R\u00e9seaux Sociaux\\u003C\/b>.\\u003Cbr>\\u003Cbr>Ces cookies permettent de partager ou r\u00e9agir directement sur les r\u00e9seaux sociaux auxquels vous \u00eates connect\u00e9s ou d&rsquo;int\u00e9grer du contenu initialement post\u00e9 sur ces r\u00e9seaux sociaux. Ils permettent aussi aux r\u00e9seaux sociaux d&rsquo;utiliser vos visites sur nos sites et applications \u00e0 des fins de personnalisation et de ciblage publicitaire.\\\u00a0\u00bb,\\\u00a0\u00bbdidomiVendorId\\\u00a0\u00bb:\\\u00a0\u00bbc:facebookc-rgacRMQm\\\u00a0\u00bb}}],\\\u00a0\u00bbtimestampInSeconds\\\u00a0\u00bb:1767885432,\\\u00a0\u00bbdateISOValue\\\u00a0\u00bb:\\\u00a0\u00bb2026-01-08T15:17:12.000Z\\\u00a0\u00bb,\\\u00a0\u00bbblockTime\\\u00a0\u00bb:\\\u00a0\u00bb16h17\\\u00a0\u00bb},{\\\u00a0\u00bbtitle\\\u00a0\u00bb:\\\u00a0\u00bbLes \u00e9tablissements scolaires ferm\u00e9s dans la Manche et la Seine-Maritime vendredi\\\u00a0\u00bb,\\\u00a0\u00bbisHighlighted\\\u00a0\u00bb:true,\\\u00a0\u00bbchildren\\\u00a0\u00bb:[{\\\u00a0\u00bbtype\\\u00a0\u00bb:\\\u00a0\u00bbtext\\\u00a0\u00bb,\\\u00a0\u00bbchildren\\\u00a0\u00bb:[{\\\u00a0\u00bbtype\\\u00a0\u00bb:\\\u00a0\u00bblink\\\u00a0\u00bb,\\\u00a0\u00bbdata\\\u00a0\u00bb:{\\\u00a0\u00bbhref\\\u00a0\u00bb:\\\u00a0\u00bbhttps:\/\/www.francebleu.fr\/infos\/meteo\/tempete-goretti-la-manche-en-vigilance-rouge-au-vent-des-rafales-jusqu-a-160-km-h-attendues-sur-la-cote-6868350\\\u00a0\u00bb},\\\u00a0\u00bbvalue\\\u00a0\u00bb:\\\u00a0\u00bbLes pr\u00e9fectures de la Manche\\\u00a0\u00bb},{\\\u00a0\u00bbtype\\\u00a0\u00bb:\\\u00a0\u00bbtext\\\u00a0\u00bb,\\\u00a0\u00bbvalue\\\u00a0\u00bb:\\\u00a0\u00bb\u00a0et de\u00a0\\\u00a0\u00bb},{\\\u00a0\u00bbtype\\\u00a0\u00bb:\\\u00a0\u00bblink\\\u00a0\u00bb,\\\u00a0\u00bbdata\\\u00a0\u00bb:{\\\u00a0\u00bbhref\\\u00a0\u00bb:\\\u00a0\u00bbhttps:\/\/www.francebleu.fr\/infos\/meteo\/tempete-goretti-tous-les-etablissements-scolaires-fermes-en-seine-maritime-ce-vendredi-9-janvier-8402513\\\u00a0\u00bb},\\\u00a0\u00bbvalue\\\u00a0\u00bb:\\\u00a0\u00bbSeine-Maritime\\\u00a0\u00bb},{\\\u00a0\u00bbtype\\\u00a0\u00bb:\\\u00a0\u00bbtext\\\u00a0\u00bb,\\\u00a0\u00bbvalue\\\u00a0\u00bb:\\\u00a0\u00bb\u00a0ont pris des arr\u00eat\u00e9s de fermeture des \u00e9tablissements scolaires pour la journ\u00e9e de vendredi.\\\u00a0\u00bb}]}],\\\u00a0\u00bbtimestampInSeconds\\\u00a0\u00bb:1767885290,\\\u00a0\u00bbdateISOValue\\\u00a0\u00bb:\\\u00a0\u00bb2026-01-08T15:14:50.000Z\\\u00a0\u00bb,\\\u00a0\u00bbblockTime\\\u00a0\u00bb:\\\u00a0\u00bb16h14\\\u00a0\u00bb},{\\\u00a0\u00bbtitle\\\u00a0\u00bb:\\\u00a0\u00bbLe pr\u00e9fet de la Manche conseille de pr\u00e9parer les kits de survie\\\u00a0\u00bb,\\\u00a0\u00bbisHighlighted\\\u00a0\u00bb:false,\\\u00a0\u00bbchildren\\\u00a0\u00bb:[{\\\u00a0\u00bbtype\\\u00a0\u00bb:\\\u00a0\u00bbtext\\\u00a0\u00bb,\\\u00a0\u00bbchildren\\\u00a0\u00bb:[{\\\u00a0\u00bbtype\\\u00a0\u00bb:\\\u00a0\u00bbtext\\\u00a0\u00bb,\\\u00a0\u00bbvalue\\\u00a0\u00bb:\\\u00a0\u00bbMarch Chappuis, pr\u00e9fet de la Manche, recommandait ce jeudi matin sur ICI Cotentin\u00a0\\\u00a0\u00bb},{\\\u00a0\u00bbtype\\\u00a0\u00bb:\\\u00a0\u00bblink\\\u00a0\u00bb,\\\u00a0\u00bbdata\\\u00a0\u00bb:{\\\u00a0\u00bbhref\\\u00a0\u00bb:\\\u00a0\u00bbhttps:\/\/www.francebleu.fr\/emissions\/l-invite-ici-cotentin\/tempete-goretti-dans-la-manche-face-a-la-bombe-meteorologique-le-prefet-conseille-de-preparer-vos-kits-de-survie-6405624\\\u00a0\u00bb},\\\u00a0\u00bbvalue\\\u00a0\u00bb:\\\u00a0\u00bbaux habitants du d\u00e9partement de \\\\\\\u00a0\u00bbpr\u00e9parer leurs kits de survie\\\\\\\u00a0\u00bb\\\u00a0\u00bb},{\\\u00a0\u00bbtype\\\u00a0\u00bb:\\\u00a0\u00bbtext\\\u00a0\u00bb,\\\u00a0\u00bbvalue\\\u00a0\u00bb:\\\u00a0\u00bb\u00a0qui permettent de rester autonome pendant 72 heures \\u003Cem>\\\\\\\u00a0\u00bbavec une radio \u00e0 pile, de l&rsquo;eau potable et de la nourriture non p\u00e9rissable\\\\\\\u00a0\u00bb\\u003C\/em>.\u00a0 Il a aussi rappel\u00e9 les conseils de bon sens\u00a0:\u00a0\\u003Cem>\\u003Cstrong>\\\\\\\u00a0\u00bbOn reste en lieu s\u00fbr, on limite les sorties \u00e0 partir de 18 heures. Si possible les v\u00e9hicules doivent \u00eatre mis \u00e0 l&rsquo;abri, loin des arbres, et on range tout ce qui pourrait se transformer en projectiles\\\\\\\u00a0\u00bb\\u003C\/strong>\\u003C\/em>.\\\u00a0\u00bb}]}],\\\u00a0\u00bbtimestampInSeconds\\\u00a0\u00bb:1767884779,\\\u00a0\u00bbdateISOValue\\\u00a0\u00bb:\\\u00a0\u00bb2026-01-08T15:06:19.000Z\\\u00a0\u00bb,\\\u00a0\u00bbblockTime\\\u00a0\u00bb:\\\u00a0\u00bb16h06\\\u00a0\u00bb},{\\\u00a0\u00bbtitle\\\u00a0\u00bb:\\\u00a0\u00bbLa pr\u00e9fecture de Loire-Atlantique recommande de r\u00e9cup\u00e9rer les enfants\\\u00a0\u00bb,\\\u00a0\u00bbisHighlighted\\\u00a0\u00bb:false,\\\u00a0\u00bbchildren\\\u00a0\u00bb:[{\\\u00a0\u00bbtype\\\u00a0\u00bb:\\\u00a0\u00bbtext\\\u00a0\u00bb,\\\u00a0\u00bbchildren\\\u00a0\u00bb:[{\\\u00a0\u00bbtype\\\u00a0\u00bb:\\\u00a0\u00bbtext\\\u00a0\u00bb,\\\u00a0\u00bbvalue\\\u00a0\u00bb:\\\u00a0\u00bbLes parents d&rsquo;\u00e9l\u00e8ves de Loire-Atlantique ont re\u00e7u ce jeudi matin sur leurs portables et bo\u00eetes mail une invitation \u00e0 venir\u00a0\\\u00a0\u00bb},{\\\u00a0\u00bbtype\\\u00a0\u00bb:\\\u00a0\u00bblink\\\u00a0\u00bb,\\\u00a0\u00bbdata\\\u00a0\u00bb:{\\\u00a0\u00bbhref\\\u00a0\u00bb:\\\u00a0\u00bbhttps:\/\/www.francebleu.fr\/infos\/education\/tempete-goretti-le-prefet-de-loire-atlantique-invite-les-parents-a-recuperer-leurs-enfants-des-13h30-dans-les-ecoles-5483970\\\u00a0\u00bb},\\\u00a0\u00bbvalue\\\u00a0\u00bb:\\\u00a0\u00bbr\u00e9cup\u00e9rer les enfants dans les \u00e9tablissements scolaires d\u00e8s 13h30.\\\u00a0\u00bb},{\\\u00a0\u00bbtype\\\u00a0\u00bb:\\\u00a0\u00bbtext\\\u00a0\u00bb,\\\u00a0\u00bbvalue\\\u00a0\u00bb:\\\u00a0\u00bb\u00a0C&rsquo;est la recommandation de la pr\u00e9fecture. Plusieurs structures, \u00e9coles, coll\u00e8ges, cr\u00e8ches ou maisons d&rsquo;assistantes maternelles, rapporte ICI Loire Oc\u00e9an.\\\u00a0\u00bb}]}],\\\u00a0\u00bbtimestampInSeconds\\\u00a0\u00bb:1767884002,\\\u00a0\u00bbdateISOValue\\\u00a0\u00bb:\\\u00a0\u00bb2026-01-08T14:53:22.000Z\\\u00a0\u00bb,\\\u00a0\u00bbblockTime\\\u00a0\u00bb:\\\u00a0\u00bb15h53\\\u00a0\u00bb},{\\\u00a0\u00bbtitle\\\u00a0\u00bb:\\\u00a0\u00bbLa Manche est plac\u00e9e en vigilance rouge, 25 d\u00e9partements en orange\\\u00a0\u00bb,\\\u00a0\u00bbisHighlighted\\\u00a0\u00bb:true,\\\u00a0\u00bbchildren\\\u00a0\u00bb:[{\\\u00a0\u00bbtype\\\u00a0\u00bb:\\\u00a0\u00bbtext\\\u00a0\u00bb,\\\u00a0\u00bbchildren\\\u00a0\u00bb:[{\\\u00a0\u00bbtype\\\u00a0\u00bb:\\\u00a0\u00bbtext\\\u00a0\u00bb,\\\u00a0\u00bbvalue\\\u00a0\u00bb:\\\u00a0\u00bbLa Manche a \u00e9t\u00e9 plac\u00e9e en vigilance rouge \u00e0 partir de 21 heures. 25 d\u00e9partements ont \u00e9t\u00e9 plac\u00e9s en vigilance orange \\\\\\\u00a0\u00bbvent\\\\\\\u00a0\u00bbpar M\u00e9t\u00e9o France, d\u00e8s 16 heures pour les d\u00e9partements les plus \u00e0 l&rsquo;ouest\u00a0: Charente-Maritime, Vend\u00e9e, Deux-S\u00e8vres, Vienne, Maine-et-Loire, Loire-Atlantique, Sarthe, Mayenne, Ille-et-Vilaine, Morbihan, Finist\u00e8re, C\u00f4tes-d&rsquo;Armor, Calvados, Orne, Eure-et-Loir, Eure, Seine-Maritime, Essonne, Yvelines, Oise, Paris, Val-de-Marne, Seine-et-Marne, Seine-Saint-Denis et Hauts-de-Seine.\\\u00a0\u00bb}]},{\\\u00a0\u00bbtype\\\u00a0\u00bb:\\\u00a0\u00bbtext\\\u00a0\u00bb,\\\u00a0\u00bbchildren\\\u00a0\u00bb:[{\\\u00a0\u00bbtype\\\u00a0\u00bb:\\\u00a0\u00bbtext\\\u00a0\u00bb,\\\u00a0\u00bbvalue\\\u00a0\u00bb:\\\u00a0\u00bbQuatre d\u00e9partements sont aussi en vigilance orange \\\\\\\u00a0\u00bbvagues-submersion\\\\\\\u00a0\u00bb : Manche, Finist\u00e8re, C\u00f4tes-d&rsquo;Armor et Ille-et-Vilaine.\\\u00a0\u00bb}]}],\\\u00a0\u00bbtimestampInSeconds\\\u00a0\u00bb:1767883144,\\\u00a0\u00bbdateISOValue\\\u00a0\u00bb:\\\u00a0\u00bb2026-01-08T14:39:04.000Z\\\u00a0\u00bb,\\\u00a0\u00bbblockTime\\\u00a0\u00bb:\\\u00a0\u00bb15h39\\\u00a0\u00bb},{\\\u00a0\u00bbtitle\\\u00a0\u00bb:\\\u00a0\u00bbBonjour et bienvenue\\\u00a0\u00bb,\\\u00a0\u00bbisHighlighted\\\u00a0\u00bb:false,\\\u00a0\u00bbchildren\\\u00a0\u00bb:[{\\\u00a0\u00bbtype\\\u00a0\u00bb:\\\u00a0\u00bbtext\\\u00a0\u00bb,\\\u00a0\u00bbchildren\\\u00a0\u00bb:[{\\\u00a0\u00bbtype\\\u00a0\u00bb:\\\u00a0\u00bbtext\\\u00a0\u00bb,\\\u00a0\u00bbvalue\\\u00a0\u00bb:\\\u00a0\u00bbBonjour et bienvenue dans ce direct d\u00e9di\u00e9 au passage de la temp\u00eate Goretti sur une grande partie nord de la France.\\\u00a0\u00bb}]}],\\\u00a0\u00bbtimestampInSeconds\\\u00a0\u00bb:1767883078,\\\u00a0\u00bbdateISOValue\\\u00a0\u00bb:\\\u00a0\u00bb2026-01-08T14:37:58.000Z\\\u00a0\u00bb,\\\u00a0\u00bbblockTime\\\u00a0\u00bb:\\\u00a0\u00bb15h37\\\u00a0\u00bb}],\\\u00a0\u00bbstartDate\\\u00a0\u00bb:\\\u00a0\u00bb\\u003Ctime datetime=\\\\\\\u00a0\u00bb2026-01-08T14:37:31.000Z\\\\\\\u00a0\u00bb>Le 08\/01 \u00e0 15h37\\u003C\/time>\\\u00a0\u00bb,\\\u00a0\u00bbstatus\\\u00a0\u00bb:\\\u00a0\u00bbin_progress\\\u00a0\u00bb}}},\\\u00a0\u00bbdisplay\\\u00a0\u00bb:{\\\u00a0\u00bbhighBanner\\\u00a0\u00bb:true}}\u00a0\u00bb}<\/p>\n","protected":false},"excerpt":{"rendered":"La Manche a \u00e9t\u00e9 plac\u00e9e en vigilance rouge \u00e0 partir de 21 heures. 25 d\u00e9partements ont \u00e9t\u00e9 plac\u00e9s&hellip;\n","protected":false},"author":2,"featured_media":650050,"comment_status":"","ping_status":"","sticky":false,"template":"","format":"standard","meta":{"footnotes":""},"categories":[4],"tags":[11,1011,27,12,25],"class_list":{"0":"post-650049","1":"post","2":"type-post","3":"status-publish","4":"format-standard","5":"has-post-thumbnail","7":"category-france","8":"tag-actualites","9":"tag-fr","10":"tag-france","11":"tag-news","12":"tag-republique-francaise"},"share_on_mastodon":{"url":"https:\/\/pubeurope.com\/@fr\/115861122117575669","error":""},"_links":{"self":[{"href":"https:\/\/www.europesays.com\/fr\/wp-json\/wp\/v2\/posts\/650049","targetHints":{"allow":["GET"]}}],"collection":[{"href":"https:\/\/www.europesays.com\/fr\/wp-json\/wp\/v2\/posts"}],"about":[{"href":"https:\/\/www.europesays.com\/fr\/wp-json\/wp\/v2\/types\/post"}],"author":[{"embeddable":true,"href":"https:\/\/www.europesays.com\/fr\/wp-json\/wp\/v2\/users\/2"}],"replies":[{"embeddable":true,"href":"https:\/\/www.europesays.com\/fr\/wp-json\/wp\/v2\/comments?post=650049"}],"version-history":[{"count":0,"href":"https:\/\/www.europesays.com\/fr\/wp-json\/wp\/v2\/posts\/650049\/revisions"}],"wp:featuredmedia":[{"embeddable":true,"href":"https:\/\/www.europesays.com\/fr\/wp-json\/wp\/v2\/media\/650050"}],"wp:attachment":[{"href":"https:\/\/www.europesays.com\/fr\/wp-json\/wp\/v2\/media?parent=650049"}],"wp:term":[{"taxonomy":"category","embeddable":true,"href":"https:\/\/www.europesays.com\/fr\/wp-json\/wp\/v2\/categories?post=650049"},{"taxonomy":"post_tag","embeddable":true,"href":"https:\/\/www.europesays.com\/fr\/wp-json\/wp\/v2\/tags?post=650049"}],"curies":[{"name":"wp","href":"https:\/\/api.w.org\/{rel}","templated":true}]}}